{"id":39791,"date":"2020-04-14T10:08:15","date_gmt":"2020-04-14T14:08:15","guid":{"rendered":"http:\/\/debateplural.com\/?p=39791"},"modified":"2020-04-14T10:08:15","modified_gmt":"2020-04-14T14:08:15","slug":"resurrecciones","status":"publish","type":"post","link":"https:\/\/debateplural.net\/site\/2020\/04\/14\/resurrecciones\/","title":{"rendered":"Resurrecciones"},"content":{"rendered":"<p>David Brooks (La Jornada, 14-4-20)<\/p>\n<p>&nbsp;<\/p>\n<p>Como en toda crisis, el coronavirus ha dejado claro que no todos son afectados de la misma manera, las cifras de contagio y muerte revelan una geograf\u00eda de clases donde los m\u00e1s pobres \u2013entre ellos las minor\u00edas afroestadounidenses y latinas, as\u00ed como la mayor\u00eda de inmigrantes, sobre todo los indocumentados\u2013 son los m\u00e1s devastados. Son primero v\u00edctimas no del virus, sino de la mayor desigualdad econ\u00f3mica y social en 90 a\u00f1os.<\/p>\n<p>Son las siete de la tarde y las ventanas de la ciudad de Nueva York se abren, como todos los d\u00edas a esta hora, para ofrecer una ovaci\u00f3n sonora, acompa\u00f1ada de sirenas de bomberos, a los trabajadores de salud que nos est\u00e1n rescatando en medio de la pandemia, en medio de este llamado\u00a0epicentro del pa\u00eds\u00a0<em>number one\u00a0<\/em>en contagios y ahora en competencia global diaria para ganar el trofeo de m\u00e1s muertos. Con los aplausos no s\u00f3lo se agradece, sino se supera por unos minutos el aislamiento de la cuarentena parcial, y con ello, se reconoce que aunque cada acci\u00f3n de\u00a0distanciamiento\u00a0es individual, es a la vez una acci\u00f3n solidaria, lo que hace cada uno tiene impacto en todos.<\/p>\n<p>Pero como en toda crisis, el coronavirus ha dejado claro que no todos son afectados de la misma manera, las cifras de contagio y muerte revelan una geograf\u00eda de clases donde los m\u00e1s pobres \u2013entre ellos las minor\u00edas afroestadounidenses y latinas, as\u00ed como la mayor\u00eda de inmigrantes, sobre todo los indocumentados\u2013 son los m\u00e1s devastados. Son primero v\u00edctimas no del virus, sino de la mayor desigualdad econ\u00f3mica y social en 90 a\u00f1os. El problema fundamental en esta crisis no es de salud, sino de la injusticia estructural que se ha profundizado durante cuatro d\u00e9cadas de pol\u00edticas neoliberales.<\/p>\n<p>La primavera, renacimiento de la vida despu\u00e9s del largo invierno, esta vez est\u00e1 sofocada por la peste, las historias que nos contamos de sufrimiento, de personal m\u00e9dico arriesgando sus vidas, de los que mueren solos bajo las reglas de aislamiento en hospitales, o los cientos que perecen en casa sin jam\u00e1s ser atendidos ni registrados en las cifras oficiales. Mientras la vida p\u00fablica est\u00e1 casi totalmente clausurada, los leones que cuidan la entrada de la Biblioteca P\u00fablica de Nueva York han callado su rugir (imaginario), ya que no hay nadie a quien saludar ni despedir, igual a los felinos vivos en el zool\u00f3gico del Bronx (aunque se sospecha que ellos y los otros animales est\u00e1n felices sin ver a los humanos que los encarcelaron para\u00a0conservarlos\u00a0de la devastaci\u00f3n del planeta que, entre otras cosas, desat\u00f3 esta pandemia).<\/p>\n<p>Nos invade la ira mientras como periodistas intentamos contar tanto los actos nobles y solidarios como los abusos y la delincuencia oficial en medio de la emergencia. No se puede ser\u00a0objetivo\u00a0frente al gran crimen ya bien documentado de c\u00f3mo el presidente y la c\u00fapula pol\u00edtica no respondieron durante dos meses, a pesar de tener toda la informaci\u00f3n sobre el potencial devastador de esta pandemia. La crisis es fundamentalmente de origen pol\u00edtico, no biol\u00f3gico (como se ha documentado en estas p\u00e1ginas por diversos expertos).<\/p>\n<p>Las historias que estamos escuchando en medio de esta pandemia resuenan con la historia en la Biblia de la crucifixi\u00f3n de Jes\u00fas, un refugiado sin techo de piel morena y un criminal convicto asesinado por el Estado por organizar un movimiento de fusi\u00f3n moral para transformar la sociedad para servir las necesidades de los pobres en lugar de los ricos, declaran los l\u00edderes del resucitado Movimiento de los Pobres, el reverendo William Barber y la reverenda Liz Theoharis, en su mensaje de Pascua. Agregan que en la Biblia hay m\u00faltiples resurrecciones \u2013las que definen como\u00a0confirmaciones de la justicia de Dios\u2013 y que esas hoy se expresan en luchas por los derechos civiles y humanos de los trabajadores y los pobres, incluyendo los inmigrantes, entre ellos los de la salud, empleo digno y educaci\u00f3n.<\/p>\n<p>Comentan que el silencio en muchas ciudades bajo cuarentena hoy d\u00eda es interrumpida por ambulancias, y que eso recuerda palabras del reverendo Martin Luther King advirtiendo que algunas prohibiciones no se pueden respetar durante emergencias:\u00a0Los pobres de esta sociedad est\u00e1n viviendo en condiciones tr\u00e1gicas por las terribles injusticias econ\u00f3micas que los encadenan. La gente desheredada de todo el mundo se est\u00e1 desangrando por las profundas heridas sociales y econ\u00f3micas. Requieren de brigadas de choferes de ambulancias que tendr\u00e1n que ignorar los sem\u00e1foros rojos del sistema actual hasta resolver la emergencia.<\/p>\n<p>De eso depender\u00e1, en gran medida, una resurrecci\u00f3n pospandemia.<\/p>\n","protected":false},"excerpt":{"rendered":"<p>David Brooks (La Jornada, 14-4-20) &nbsp; Como en toda crisis, el coronavirus ha dejado claro que no todos son afectados de la misma manera, las cifras de contagio y muerte revelan una geograf\u00eda de clases donde los m\u00e1s pobres \u2013entre ellos las minor\u00edas afroestadounidenses y latinas, as\u00ed como la mayor\u00eda de inmigrantes, sobre todo los [&hellip;]<\/p>\n","protected":false},"author":1,"featured_media":39302,"comment_status":"open","ping_status":"open","sticky":false,"template":"","format":"standard","meta":{"footnotes":""},"categories":[14,44],"tags":[],"class_list":["post-39791","post","type-post","status-publish","format-standard","has-post-thumbnail","hentry","category-internacionales","category-salud"],"_links":{"self":[{"href":"https:\/\/debateplural.net\/site\/wp-json\/wp\/v2\/posts\/39791"}],"collection":[{"href":"https:\/\/debateplural.net\/site\/wp-json\/wp\/v2\/posts"}],"about":[{"href":"https:\/\/debateplural.net\/site\/wp-json\/wp\/v2\/types\/post"}],"author":[{"embeddable":true,"href":"https:\/\/debateplural.net\/site\/wp-json\/wp\/v2\/users\/1"}],"replies":[{"embeddable":true,"href":"https:\/\/debateplural.net\/site\/wp-json\/wp\/v2\/comments?post=39791"}],"version-history":[{"count":1,"href":"https:\/\/debateplural.net\/site\/wp-json\/wp\/v2\/posts\/39791\/revisions"}],"predecessor-version":[{"id":39792,"href":"https:\/\/debateplural.net\/site\/wp-json\/wp\/v2\/posts\/39791\/revisions\/39792"}],"wp:featuredmedia":[{"embeddable":true,"href":"https:\/\/debateplural.net\/site\/wp-json\/wp\/v2\/media\/39302"}],"wp:attachment":[{"href":"https:\/\/debateplural.net\/site\/wp-json\/wp\/v2\/media?parent=39791"}],"wp:term":[{"taxonomy":"category","embeddable":true,"href":"https:\/\/debateplural.net\/site\/wp-json\/wp\/v2\/categories?post=39791"},{"taxonomy":"post_tag","embeddable":true,"href":"https:\/\/debateplural.net\/site\/wp-json\/wp\/v2\/tags?post=39791"}],"curies":[{"name":"wp","href":"https:\/\/api.w.org\/{rel}","templated":true}]}}