{"id":39828,"date":"2020-04-16T10:40:58","date_gmt":"2020-04-16T14:40:58","guid":{"rendered":"http:\/\/debateplural.com\/?p=39828"},"modified":"2020-04-16T10:40:58","modified_gmt":"2020-04-16T14:40:58","slug":"los-radicales-esfuerzos-por-sobrevivir-al-coronavirus-de-nayib-bukele-un-ejemplo-mundial","status":"publish","type":"post","link":"https:\/\/debateplural.net\/site\/2020\/04\/16\/los-radicales-esfuerzos-por-sobrevivir-al-coronavirus-de-nayib-bukele-un-ejemplo-mundial\/","title":{"rendered":"Los radicales esfuerzos por sobrevivir al coronavirus de Nayib Bukele, \u00bfun ejemplo mundial?"},"content":{"rendered":"<p>Luis Gonzalo Segura (Russia Today, 14-4-20)<\/p>\n<p>&nbsp;<\/p>\n<p>Vivimos un acontecimiento que ser\u00e1 analizado durante los pr\u00f3ximos a\u00f1os como uno de los m\u00e1s relevantes del siglo XXI. Al menos, del primer cuarto de centuria. Todav\u00eda no ha terminado, seguramente pasen meses, quiz\u00e1s incluso un a\u00f1o o m\u00e1s, depender\u00e1 de si se consigue una vacuna pronto. O, sencillamente, si se consigue. Est\u00e1 por ver. Si bien predecir el final del proceso no resulta sencillo, no ocurre lo mismo con las alegaciones de los 'acusados', esto es los mandatarios de los pa\u00edses afectados.<\/p>\n<p>Entre estos mandatarios existen ya dos grupos m\u00e1s o menos definidos, aunque una gran cantidad de regidores todav\u00eda no pueden ser definidos. Se trata de los que tienen un alegato m\u00e1s s\u00f3lido en la primera fase del proceso y, por tanto, mayores posibilidades de conseguir indulgencia en la justicia hist\u00f3rica. Dentro de este grupo podemos encontrar a las regidoras de Finlandia o Nueva Zelanda \u2013Sanna Marin y Jacinda Ardern\u2013 o al mandatario portugu\u00e9s \u2013Ant\u00f3nio Costa\u2013, todos ellos actuaron con presteza y cuentan con un balance de contagios y fallecidos que, de no cambiar dr\u00e1sticamente, les permitir\u00e1 presumir de gesti\u00f3n.<\/p>\n<p>En contraposici\u00f3n, tambi\u00e9n existe un grupo de regidores que poseen un relato, como m\u00ednimo, m\u00e1s inconsistente y, por tanto, tienen a la vista de las pruebas actuales, salvo giro casi novelesco, muy dif\u00edcil escapar de la quema. Dentro de este grupo se encuentran mandatarios como Donald Trump, Boris Johnson, Pedro S\u00e1nchez o Giuseppe Conte, y es que\u00a0<strong>Estados Unidos, Reino Unido, Espa\u00f1a e Italia actuaron tarde y mal<\/strong>\u00a0y el balance actual y las previsiones a futuro son bastante p\u00e9simas.<\/p>\n<p>Uno de los mandatarios que sobresaldr\u00e1 en Am\u00e9rica Latina, sin ning\u00fan g\u00e9nero de dudas, al menos si tenemos en cuenta las medidas tomadas, ser\u00e1 el presidente de la Rep\u00fablica de El Salvador, Nayib Bukele. Un hipster tuitero al que no le ha temblado el pulso a la hora de tomar medidas que, hasta entonces, carec\u00edan de precedentes en el continente americano y que, pocos en el mundo, m\u00e1xime sin contar con un solo contagio, adoptaron.<\/p>\n<h3><strong>El Salvador, en una buena situaci\u00f3n<\/strong><\/h3>\n<p>Ciertamente, Bukele jam\u00e1s ser\u00e1 cuestionado por falta de presteza ni contundencia en su enfoque contra el coronavirus, pues ha tomado medidas de gran repercusi\u00f3n, tanto a nivel sanitario como a nivel econ\u00f3mico, rozando en ocasiones incluso lo revolucionario. No obstante, El Salvador se convirti\u00f3 en el\u00a0<strong>primer pa\u00eds de Am\u00e9rica Latina en cerrar las fronteras<\/strong>\u00a0a extranjeros el 11 de marzo, aun sin contar con casos registrados en el propio territorio. Y aunque ello no pudo impedir que una semana despu\u00e9s se contabilizara el primer contagio, dif\u00edcilmente se le puede acusar de ello.<\/p>\n<p>De hecho, los datos en la actualidad son relativamente positivos, pues, a 13 de abril, en El Salvador se han registrado 118 casos y 6 muertos, lo que supone una tasa 1,9 casos por cada 100.000 habitantes y una tasa de letalidad del 5 %.\u00a0<strong>Una situaci\u00f3n bastante m\u00e1s favorable a la de la mayor\u00eda de pa\u00edses de su entorno<\/strong>, aunque Am\u00e9rica Latina, como el resto de regiones, muestra una situaci\u00f3n muy heterog\u00e9nea.<\/p>\n<p>Por ejemplo,\u00a0<strong>Panam\u00e1<\/strong>, con poco m\u00e1s de la mitad de poblaci\u00f3n que El Salvador, unos 3,8 millones de habitantes, cuenta con 2.974 casos y 74 fallecidos, lo que supone una tasa de 78 casos por cada 100.000 habitantes, cuarenta veces m\u00e1s que El Salvador, y una letalidad de 2,48 %, la mitad que el pa\u00eds presidido por Bukele. Bien es cierto que es una de las m\u00e1s importantes encrucijadas del mundo, lo que ha provocado que haya sido el pa\u00eds m\u00e1s fuertemente golpeado por el coronavirus en Am\u00e9rica Latina a excepci\u00f3n de Ecuador, aun cuando tomaron medidas de forma inmediata tras el primer positivo. De hecho, pudiera ser que su gran cantidad de contagiados se deba, tambi\u00e9n, a que son el segundo pa\u00eds latinoamericano que m\u00e1s pruebas ha realizado, tras Chile.<\/p>\n<p>Del resto de pa\u00edses centroamericanos,\u00a0<strong>Guatemala<\/strong>\u00a0tiene 137 casos y 3 fallecidos, lo que supone 0,82 casos por 100.000 habitantes y 2,18 % de letalidad;\u00a0<strong>Costa Rica<\/strong>, 558 casos y 3 fallecidos, 11 casos por cada 100.000 habitantes y una letalidad del 0,53 %;\u00a0<strong>Honduras<\/strong>, 392 casos y 24 fallecidos, 4,26 casos por cada 100.000 habitantes y una letalidad de 6,12 %; y\u00a0<strong>Nicaragu<\/strong>a, 7 casos y 1 fallecido, 0,11 casos por 100.000 habitantes y con una letalidad del 14,28 %.<\/p>\n<p>Con estos datos, El Salvador tiene una tasa actual de contagios baja y una elevada letalidad: en cuanto a los contagios, Costa Rica y Honduras tienen muchos m\u00e1s contagios por cada 100.000 habitantes, mientras que Guatemala tiene menos casos; en cuanto a la letalidad, esta solo es superada por Honduras \u2013Nicaragua, debido al escaso n\u00famero de casos registrados, no puede ser tenida en cuenta\u2013.<\/p>\n<h3><strong>Un virus letal llamado Estados Unidos<\/strong><\/h3>\n<p>Sin duda, Cuba es el pa\u00eds de Am\u00e9rica Latina que cuenta con un mejor tejido sanitario, que ser\u00eda doblemente robusto de no ser golpeado por las sanciones internacionales. Su n\u00famero de camas, m\u00e9dicos, enfermeras o personal sanitario por cada mil habitantes es casi inalcanzable para el resto de pa\u00edses latinoamericanos, a los que en muchos casos y apartados, cuadriplica. E incluso cuenta con tratamientos avanzados contra el coronavirus.<\/p>\n<p>En el a\u00f1o 2014, contaba con 67,2 m\u00e9dicos por cada 10.000 habitantes, solo por detr\u00e1s de Catar o M\u00f3naco; en 2015 se situaba entre las 40 naciones con menos mortalidad infantil; ha logrado vacunas contra la meningitis B o el c\u00e1ncer de pulm\u00f3n \u2013en pruebas\u2013; y tratamientos contra la hepatitis B, la psoriasis o la transmisi\u00f3n VIH de madre a hijos.<\/p>\n<h3><strong>Un virus letal llamado Estados Unidos<\/strong><\/h3>\n<p>Sin duda, Cuba es el pa\u00eds de Am\u00e9rica Latina que cuenta con un mejor tejido sanitario, que ser\u00eda doblemente robusto de no ser golpeado por las sanciones internacionales. Su n\u00famero de camas, m\u00e9dicos, enfermeras o personal sanitario por cada mil habitantes es casi inalcanzable para el resto de pa\u00edses latinoamericanos, a los que en muchos casos y apartados, cuadriplica. E incluso cuenta con tratamientos avanzados contra el coronavirus.<\/p>\n<p>En el a\u00f1o 2014, contaba con 67,2 m\u00e9dicos por cada 10.000 habitantes, solo por detr\u00e1s de Catar o M\u00f3naco; en 2015 se situaba entre las 40 naciones con menos mortalidad infantil; ha logrado vacunas contra la meningitis B o el c\u00e1ncer de pulm\u00f3n \u2013en pruebas\u2013; y tratamientos contra la hepatitis B, la psoriasis o la transmisi\u00f3n VIH de madre a hijos.<\/p>\n<p>El problema de Cuba, como el de muchos otros pa\u00edses, es Estados Unidos.\u00a0<strong>En el caso cubano, las sanciones han da\u00f1ado considerablemente su sistema de salud<\/strong>, lo que ha provocado que en muchas ocasiones exista una asistencia dual en la isla, una para extranjeros y otra para residentes. No es f\u00e1cil resistir ni sobrevivir d\u00e9cadas con un embargo de semejante magnitud.\u00a0<strong>En una situaci\u00f3n similar se encuentra Venezuela<\/strong>.<\/p>\n<p>El virus norteamericano, aunque con otra cepa, tambi\u00e9n ha afectado al resto de Am\u00e9rica Latina. Las pol\u00edticas de Estados Unidos de sostener reg\u00edmenes ultraliberales, en muchas ocasiones mediante crueles y sanguinarias dictaduras, se encuentra en la base de los desestructurados sistemas sanitarios de la regi\u00f3n y la inexistencia de sistemas estatales, lo que puede ser letal para los latinoamericanos. Pensemos que all\u00e1 donde los sistemas sanitarios colapsan, como en Italia o Espa\u00f1a, las tasas de mortalidad del virus ascienden de forma dram\u00e1tica. Si bien es cierto que los registros actuales, a la espera de tener datos m\u00e1s actuales, se\u00f1alan cada vez con m\u00e1s insistencia hacia una letalidad inferior al 1%, bastante inferior, de producirse quiebra sanitaria, esta puede elevarse por encima del 10%.<\/p>\n<p>Porque este virus neoliberal es uno de los mayores problemas de El Salvador y de toda Am\u00e9rica Latina, pues aun cuando Bukele ha actuado de forma dr\u00e1stica y ha puesto todos los medios a su alcance para impedir que el virus llegara al pa\u00eds.<\/p>\n<p>Pues Bukele ha anunciado unas medidas econ\u00f3micas tan necesarias como envidiables y quiz\u00e1s inviables:\u00a0<strong>pago de una renta de 300 d\u00f3lares<\/strong>\u00a0americanos a cientos de miles de personas que perdieron sus trabajos y su fuente de ingresos y\u00a0<strong>suspensi\u00f3n del pago de alquileres, cr\u00e9ditos y gastos b\u00e1sicos como luz, agua, tel\u00e9fono e internet<\/strong>.<\/p>\n<p>El problema es que en el pa\u00eds salvadore\u00f1o trabajan en la econom\u00eda sumergida un setenta por ciento de los trabajadores, lo que dificultar\u00e1 asumir el coste del pago de una renta semejante, aunque se pretenda extraer de las mayores rentas, pues ello supondr\u00eda entre 450 y 600 millones de d\u00f3lares americanos, cantidad que supera el presupuesto de casi cualquier ministerio.<\/p>\n<p>Por ello, no han sido pocos los que han calificado su discurso como populista, olvidando quiz\u00e1s una de las afirmaciones m\u00e1s importantes de las realizadas: \"Cuando usted necesite una cama de hospital para que le atendamos, y no pueda respirar, cr\u00e9ame que lo menos que le va a importar es su cuenta de banco, lo que va a querer es que haya un ventilador mec\u00e1nico\".<\/p>\n<p>Estados Unidos, Occidente o las \u00e9lites salvadore\u00f1as, latinoamericanas y mundiales nunca pensaron, mientras empobrec\u00edan el resto del mundo con sus extracciones, que necesitar\u00edan un ventilador mec\u00e1nico y, por ello, sufrir\u00e1n las consecuencias de esta pandemia con la misma dureza que ser\u00e1n responsabilizadas de gran parte de lo ocurrido. En cambio, a Nayib Bukele nadie le podr\u00e1 reprochar, aunque no lo consiga, que eligi\u00f3 el camino correcto: con las pruebas existentes a d\u00eda de hoy, la historia no podr\u00e1 condenarle.<\/p>\n","protected":false},"excerpt":{"rendered":"<p>Luis Gonzalo Segura (Russia Today, 14-4-20) &nbsp; Vivimos un acontecimiento que ser\u00e1 analizado durante los pr\u00f3ximos a\u00f1os como uno de los m\u00e1s relevantes del siglo XXI. Al menos, del primer cuarto de centuria. Todav\u00eda no ha terminado, seguramente pasen meses, quiz\u00e1s incluso un a\u00f1o o m\u00e1s, depender\u00e1 de si se consigue una vacuna pronto. O, [&hellip;]<\/p>\n","protected":false},"author":1,"featured_media":38902,"comment_status":"open","ping_status":"open","sticky":false,"template":"","format":"standard","meta":{"footnotes":""},"categories":[14,12],"tags":[],"class_list":["post-39828","post","type-post","status-publish","format-standard","has-post-thumbnail","hentry","category-internacionales","category-politica-3"],"_links":{"self":[{"href":"https:\/\/debateplural.net\/site\/wp-json\/wp\/v2\/posts\/39828"}],"collection":[{"href":"https:\/\/debateplural.net\/site\/wp-json\/wp\/v2\/posts"}],"about":[{"href":"https:\/\/debateplural.net\/site\/wp-json\/wp\/v2\/types\/post"}],"author":[{"embeddable":true,"href":"https:\/\/debateplural.net\/site\/wp-json\/wp\/v2\/users\/1"}],"replies":[{"embeddable":true,"href":"https:\/\/debateplural.net\/site\/wp-json\/wp\/v2\/comments?post=39828"}],"version-history":[{"count":2,"href":"https:\/\/debateplural.net\/site\/wp-json\/wp\/v2\/posts\/39828\/revisions"}],"predecessor-version":[{"id":39830,"href":"https:\/\/debateplural.net\/site\/wp-json\/wp\/v2\/posts\/39828\/revisions\/39830"}],"wp:featuredmedia":[{"embeddable":true,"href":"https:\/\/debateplural.net\/site\/wp-json\/wp\/v2\/media\/38902"}],"wp:attachment":[{"href":"https:\/\/debateplural.net\/site\/wp-json\/wp\/v2\/media?parent=39828"}],"wp:term":[{"taxonomy":"category","embeddable":true,"href":"https:\/\/debateplural.net\/site\/wp-json\/wp\/v2\/categories?post=39828"},{"taxonomy":"post_tag","embeddable":true,"href":"https:\/\/debateplural.net\/site\/wp-json\/wp\/v2\/tags?post=39828"}],"curies":[{"name":"wp","href":"https:\/\/api.w.org\/{rel}","templated":true}]}}