{"id":39834,"date":"2020-04-16T11:00:12","date_gmt":"2020-04-16T15:00:12","guid":{"rendered":"http:\/\/debateplural.com\/?p=39834"},"modified":"2020-04-16T11:00:12","modified_gmt":"2020-04-16T15:00:12","slug":"el-virus-de-la-mentira","status":"publish","type":"post","link":"https:\/\/debateplural.net\/site\/2020\/04\/16\/el-virus-de-la-mentira\/","title":{"rendered":"El virus de la mentira"},"content":{"rendered":"<p>Rosa Miriam Elizalde (La Jornada, 16-4-20)<\/p>\n<p>&nbsp;<\/p>\n<p>\"Si vi\u00e9ramos esta pandemia como un conflicto, entonces podr\u00edamos hablar de dos frentes\",\u00a0<a href=\"https:\/\/www.aljazeera.com\/news\/2020\/04\/fighting-fake-news-front-coronavirus-battle-200413164832300.html\" target=\"_blank\" rel=\"nofollow noopener noreferrer\">dijo a\u00a0<em>Al Jazeera<\/em><\/a>\u00a0Carl Miller, director de investigaci\u00f3n del Centro para el An\u00e1lisis de las Redes Sociales del\u00a0<a href=\"https:\/\/demos.co.uk\/\" target=\"_blank\" rel=\"nofollow noopener noreferrer\">grupo Demos<\/a>, con sede en el Reino Unido. La primera l\u00ednea es la presi\u00f3n sobre los servicios de salud, y la segunda, el desconcierto social y pol\u00edtico que ha causado el virus y nuestra respuesta a la Covid-19.\u00a0<strong>\u201cLa batalla contra las noticias falsas es clave en este frente\", a\u00f1ade Miller.<\/strong><\/p>\n<p>Hemos consumido mentiras durante muchos a\u00f1os, pero ahora, que algo se sali\u00f3 de control sobre todo ps\u00edquicamente, la mesa est\u00e1 servida para los lun\u00e1ticos y odiadores de toda la vida. Por estos d\u00edas,\u00a0<a href=\"https:\/\/www.miaminewtimes.com\/news\/miami-dade-commissioners-say-cuba-could-weaponize-coronavirus-11617240\" target=\"_blank\" rel=\"nofollow noopener noreferrer\">reporta Miami New Times<\/a>, ciertos \u201cl\u00edderes\u201d\u00a0<em>mayamenses<\/em>\u00a0han aventado la teor\u00eda de que Cuba est\u00e1 detr\u00e1s de la epidemia.<\/p>\n<p>\"Es bien sabido que el gobierno cubano despu\u00e9s de la Bah\u00eda de Cochinos y la crisis de los misiles, comenz\u00f3 a experimentar y a obtener un gran apoyo de la entonces Uni\u00f3n Sovi\u00e9tica en la guerra biol\u00f3gica y todo tipo de armas\", afirm\u00f3 el comisionado del Condado de Miami Dade, Javier Souto, un octogenario que lleva en el cargo desde hace d\u00e9cadas, y que se las ingeni\u00f3 para aprobar una resoluci\u00f3n que proh\u00edbe los vuelos a la Isla\u2026 justo despu\u00e9s del anuncio del gobierno de La Habana de que hab\u00eda cerrado sus fronteras.<\/p>\n<p>Pero no fue Miguel D\u00edaz-Canel quien se encarg\u00f3 de dejar en rid\u00edculo esta teor\u00eda desquiciada.\u00a0<a href=\"https:\/\/www.usatoday.com\/story\/travel\/news\/2020\/04\/07\/coronavirus-analysis-florida-travelers-covid-19-visited-46-states\/2963733001\/\" target=\"_blank\" rel=\"nofollow noopener noreferrer\"><em>USA Today<\/em>\u00a0analiz\u00f3<\/a>\u00a0los destinos de viaje de cientos de floridanos que luego dieron positivo por Covid-19. Hab\u00edan visitado otros 46 estados y todos los continentes, excepto la Ant\u00e1rtida. Solo once estuvieron en Cuba, pero no se contagiaron all\u00ed, seg\u00fan el diario estadounidense.<\/p>\n<p>La historia de Souto est\u00e1 contada al rev\u00e9s. No es Cuba el pa\u00eds con m\u00e1s muertos y m\u00e1s contagios de Covid-19 en el mundo que ha puesto en evidencia la ineficiencia y crueldad de su sistema de salud, ni el que en medio de esta crisis sin precedentes se expresa incapaz de ofrecer a su propio pueblo, por no hablar del planeta, ning\u00fan ideal civilizatorio salvo la depredaci\u00f3n financiera y medioambiental. \u00a0Hasta el halconazo de Henry Kissinger, c\u00f3mplice de escandalosos genocidios y profeta del excepcionalismo \u201camericano\u201d,\u00a0<a href=\"https:\/\/www.wsj.com\/articles\/the-coronavirus-pandemic-will-forever-alter-the-world-order-11585953005\" target=\"_blank\" rel=\"nofollow noopener noreferrer\">duda de \u201cla capacidad de los estadounidenses para gobernarse a s\u00ed mismos\u201d<\/a>.<\/p>\n<p>Este lunes, sin ir m\u00e1s lejos, la brigada de troles de Miami\u00a0<a href=\"https:\/\/es.wikipedia.org\/wiki\/Operaci%C3%B3n_Berl%C3%ADn_(M%C3%A9xico)\" target=\"_blank\" rel=\"nofollow noopener noreferrer\">al estilo de la Operaci\u00f3n Berl\u00edn contra Andr\u00e9s Manuel L\u00f3pez Obrador<\/a>, divulg\u00f3 una imagen supuestamente actual, en la que aparecen carretas tiradas por caballos con personal sanitario a bordo. Se trata de una fotograf\u00eda tomada el 1 de mayo de 2018, en Placetas, una peque\u00f1a ciudad del centro de la Isla, durante la marcha por el D\u00eda Internacional de los Trabajadores.<\/p>\n<p>Pero la derecha\u00a0<em>mayamense<\/em>, burda y ultramontana, es solo una mediocre aprendiz del Departamento de Estado. En medio de la ola de simpat\u00eda mundial por la\u00a0<a href=\"http:\/\/www.cubadebate.cu\/especiales\/2020\/04\/02\/en-tiempos-de-pandemia-los-medicos-cubanos-son-esperanza\/\">colaboraci\u00f3n m\u00e9dica cubana\u00a0<\/a>a pa\u00edses pobres y ricos en tiempos de coronavirus, una\u00a0<a href=\"http:\/\/www.cubadebate.cu\/especiales\/2020\/01\/16\/delegacion-de-la-agricultura-en-pinar-del-rio-responde-a-provocacion-de-la-encargada-de-negocios-de-ee-uu\/\">funcionaria de la Embajada de EEUU en La Habana asegur\u00f3<\/a>\u00a0que el gobierno de Donald Trump vendi\u00f3 el pasado a\u00f1o medicinas y equipos m\u00e9dicos a Cuba, por valor de millones de d\u00f3lares, insinuando que el bloqueo econ\u00f3mico que de su pa\u00eds ejerce a la Isla es obra de la imaginaci\u00f3n caribe. El doctor L\u00e1zaro Silva, vicepresidente de Medicuba, el organismo estatal que importa insumos para la sanidad, respondi\u00f3 con tres palabras: \u201cQue lo demuestren\u201d.<\/p>\n<p>Otro bur\u00f3crata, subsecretario de Estado, llam\u00f3 a m\u00e9dicos y enfermeras \u201cesclavos del gobierno cubano\u201d, el insulto favorito de Washington desde que convenci\u00f3 a los gobiernos de Brasil, Ecuador y Bolivia de expulsar a las brigadas sanitarias de Cuba, cosa que ahora le reclaman amargamente a Bolsonaro, Lenin y la usurpadora A\u00f1ez los pueblos castigados por el virus y la incompetencia gubernamental. \u00a0\"Es una etiqueta de propaganda bien calculada concebida por el gobierno de los Estados Unidos para desacreditar lo que es un logro moral indiscutible de un pa\u00eds en desarrollo\",\u00a0<a href=\"https:\/\/www.washingtonpost.com\/world\/the_americas\/coronavirus-cuba-doctors-trump-ecuador-brazil-bolivia\/2020\/04\/10\/d062c06e-79c4-11ea-a311-adb1344719a9_story.html\" target=\"_blank\" rel=\"nofollow noopener noreferrer\">reaccion\u00f3 en\u00a0<em>The Washington Post<\/em><\/a>\u00a0el director general para Estados Unidos del Ministerio cubano de Relaciones Exteriores.<\/p>\n<p>Hay un patr\u00f3n epidemiol\u00f3gico en las noticias falsas y los prejuicios que circulan sobre Cuba desde hace m\u00e1s de medio siglo, como lo tienen las sanciones que Estados Unidos aplica de manera unilateral a los pa\u00edses que considera \u201cenemigos\u201d. El Papa Francisco, Naciones Unidas y decenas de personalidades y organizaciones han exigido el levantamiento de los castigos que golpean doblemente a los pa\u00edses en plena pandemia.<\/p>\n<p>Trump, sordo a todo esto, ni siquiera se da cuenta que ha situado a EEUU en su nivel m\u00e1s bajo de influencia pol\u00edtica y moral, con sus armas de siempre -la arrogancia del poder, el \u00e9xtasis del predominio, la ambici\u00f3n de hegemon\u00eda, el furor de la autoafirmaci\u00f3n- bastante melladas. Si algo se expresa en los dos frentes de esta pandemia, es que no hay pa\u00eds que haya quedado fuera de la guerra mortal contra el nuevo coronavirus y, con semejante tensi\u00f3n a cuestas, no hay qui\u00e9n aguante la imprudencia de la mentira imperial. Y si esta se enfoca en Cuba, menos.<\/p>\n<p>&nbsp;<\/p>\n<p>&nbsp;<\/p>\n","protected":false},"excerpt":{"rendered":"<p>Rosa Miriam Elizalde (La Jornada, 16-4-20) &nbsp; \"Si vi\u00e9ramos esta pandemia como un conflicto, entonces podr\u00edamos hablar de dos frentes\",\u00a0dijo a\u00a0Al Jazeera\u00a0Carl Miller, director de investigaci\u00f3n del Centro para el An\u00e1lisis de las Redes Sociales del\u00a0grupo Demos, con sede en el Reino Unido. La primera l\u00ednea es la presi\u00f3n sobre los servicios de salud, y [&hellip;]<\/p>\n","protected":false},"author":1,"featured_media":33390,"comment_status":"open","ping_status":"open","sticky":false,"template":"","format":"standard","meta":{"footnotes":""},"categories":[14,12],"tags":[],"class_list":["post-39834","post","type-post","status-publish","format-standard","has-post-thumbnail","hentry","category-internacionales","category-politica-3"],"_links":{"self":[{"href":"https:\/\/debateplural.net\/site\/wp-json\/wp\/v2\/posts\/39834"}],"collection":[{"href":"https:\/\/debateplural.net\/site\/wp-json\/wp\/v2\/posts"}],"about":[{"href":"https:\/\/debateplural.net\/site\/wp-json\/wp\/v2\/types\/post"}],"author":[{"embeddable":true,"href":"https:\/\/debateplural.net\/site\/wp-json\/wp\/v2\/users\/1"}],"replies":[{"embeddable":true,"href":"https:\/\/debateplural.net\/site\/wp-json\/wp\/v2\/comments?post=39834"}],"version-history":[{"count":1,"href":"https:\/\/debateplural.net\/site\/wp-json\/wp\/v2\/posts\/39834\/revisions"}],"predecessor-version":[{"id":39835,"href":"https:\/\/debateplural.net\/site\/wp-json\/wp\/v2\/posts\/39834\/revisions\/39835"}],"wp:featuredmedia":[{"embeddable":true,"href":"https:\/\/debateplural.net\/site\/wp-json\/wp\/v2\/media\/33390"}],"wp:attachment":[{"href":"https:\/\/debateplural.net\/site\/wp-json\/wp\/v2\/media?parent=39834"}],"wp:term":[{"taxonomy":"category","embeddable":true,"href":"https:\/\/debateplural.net\/site\/wp-json\/wp\/v2\/categories?post=39834"},{"taxonomy":"post_tag","embeddable":true,"href":"https:\/\/debateplural.net\/site\/wp-json\/wp\/v2\/tags?post=39834"}],"curies":[{"name":"wp","href":"https:\/\/api.w.org\/{rel}","templated":true}]}}