{"id":39865,"date":"2020-04-17T11:29:11","date_gmt":"2020-04-17T15:29:11","guid":{"rendered":"http:\/\/debateplural.com\/?p=39865"},"modified":"2020-04-17T11:29:11","modified_gmt":"2020-04-17T15:29:11","slug":"politica-y-covid-19-en-nuestra-america","status":"publish","type":"post","link":"https:\/\/debateplural.net\/site\/2020\/04\/17\/politica-y-covid-19-en-nuestra-america\/","title":{"rendered":"Pol\u00edtica y COVID-19 en nuestra Am\u00e9rica"},"content":{"rendered":"<p>Adalberto Santana (CTXT, 17-4-20)<\/p>\n<p>&nbsp;<\/p>\n<p>Las cuentas del nuevo coronavirus reflejan una compleja realidad presente en los pa\u00edses latinoamericanos. A la par de las decisiones pol\u00edticas que insuflan la crisis, hay otras que amortiguan los problemas que habr\u00e1 de enfrentarse en el corto y mediano plazo.\u00a0 En nuestros tiempo de la COVID-19 la situaci\u00f3n de los distintos pa\u00edses latinoamericanos avizora nuevos retos que en una regi\u00f3n deprimida por factores end\u00f3genos y ex\u00f3genos, ahora se complica mucho m\u00e1s con la pandemia global.<\/p>\n<div class=\"qnewworld\"><img loading=\"lazy\" decoding=\"async\" title=\"Pol\u00edtica y COVID-19 en nuestra Am\u00e9rica\" src=\"https:\/\/www.telesurtv.net\/__export\/1587132583699\/sites\/telesur\/img\/2020\/04\/17\/7ca919fa973ee5d473598b6e389a6fca7a05715dm.jpg_916636689.jpg\" alt=\"Pol\u00edtica y COVID-19 en nuestra Am\u00e9rica\" width=\"178\" height=\"178\" \/><\/div>\n<p>La regi\u00f3n latinoamericana y caribe\u00f1a atraviesa por\u00a0un escenario complejo donde las cuentas de la actual pandemia nos muestran los contrastes de las decisiones pol\u00edticas de los gobernantes\u00a0 en turno. En el caso brasile\u00f1o que es de los que m\u00e1s llama la atenci\u00f3n a nivel mundial, las posturas irracionales de su presidente, el neofascista Jair Bolsonaro, parece ser cada d\u00eda m\u00e1s una figura decorativa en la toma de decisiones para enfrentar la pandemia. Esto se puso de manifiesto con la pretendida deposici\u00f3n que quiso hacer del ministro brasile\u00f1o de salud, Luis Henrique Mandetta. Respaldado por la c\u00fapula militar y por el consenso de que dicho Ministro de Salud tiene la aprobaci\u00f3n del 76 por ciento de los brasile\u00f1os.<\/p>\n<p>Recordemos que Brasil hasta el 15 de abril conservaba el primer puesto de los pa\u00edses latinoamericanos con mayor n\u00famero de infectados confirmados (25,758) y fallecidos (1,557); seguido por Per\u00fa (10,303 y 230), Chile (7,917 y 92) Ecuador (7,603 y 369). Sin embargo, hay que tomar en cuenta que las estad\u00edsticas a nivel planetario muestran tambi\u00e9n un subregistro y no necesariamente son reales o exactas. Pero que sin embargo, contribuyen a mostrar las tendencias que toma el rumbo de la pandemia en nuestra Am\u00e9rica y en el mundo. Es sintom\u00e1tico que en esos pa\u00edses latinoamericanos se\u00f1alados y sus respectivos gobiernos en la actual coyuntura se identifiquen con posiciones conservadoras y reaccionarias, que se corresponden con\u00a0 tratar de llevar a cabo pol\u00edticas de salud que privilegian a los grupos olig\u00e1rquicos de poder y del mercado.\u00a0 Su postura ha sido despreciar por lo tanto a las pol\u00edticas estatales de atenci\u00f3n a las mayor\u00edas y especialmente a los sectores m\u00e1s vulnerables.<\/p>\n<p>En el caso de Ecuador, uno de los pa\u00edses latinoamericanos donde el flagelo de la COVID-19, ha tenido un gran impacto junto con el Brasil, se ha cuestionado las pol\u00edticas del presidente Lenin Moreno, por privilegiar el pago de adeudos al Fondo Monetario Internacional (FMI) y por\u00a0 la perversa persecuci\u00f3n pol\u00edtica contra el ex presidente Rafael Correa, en vez de destinar dichos recursos y esfuerzos a la salud del pueblo ecuatoriano. En situaci\u00f3n semejante se encuentra el gobierno de Iv\u00e1n Duque, en Colombia, que en medio de la pandemia se ha plegado a las pol\u00edticas intervencionistas de Donald Trump. Especialmente en las provocaciones militaristas de atentar contra la soberan\u00eda venezolana. Sobre todo cuando se conoce que los principales carteles del narcotr\u00e1fico se encuentran en territorio colombiano de donde se exporta casi la totalidad de la coca\u00edna que se consumen en los EU.\u00a0\u00a0 El poder del narcotr\u00e1fico en Colombia se encuentra ligado \u00edntimamente a los sectores que detentan el poder pol\u00edtico en ese pa\u00eds sudamericano.<\/p>\n<p>Contrariamente a ese escenario, hay otros gobiernos de la regi\u00f3n latinoamericana que dan ejemplo de un combate a la pandemia,\u00a0 m\u00e1s acordes con las necesidades de sus pueblos. Tal es el caso en la misma Venezuela, pa\u00eds que con el respaldo de la ayuda m\u00e9dica cubana es de los pa\u00edses que proporcionalmente registran menos contagios por cada 100 mil habitantes junto con Antigua y Barbuda Barbados, Bahamas, Belice, Dominica, El Salvador, Granada, Guatemala, Guyana, Hait\u00ed, Jamaica, Nicaragua, Paraguay, San Vicente y las Granadinas, Santa Luc\u00eda, Saint Kitts y Nevis, Surinam y Trinidad y Tobago seg\u00fan reporta el Centro de Recursos sobre la Coronavirus de la Johns Hopkins University (https:\/\/coronavirus.jhu.edu\/map.html). Incluso pensemos que las provocaciones injerencistas que se hacen desde territorio colombiano, ha llevado a expresar por parte del Ministro de Comunicaci\u00f3n de Venezuela, Jorge Rodr\u00edguez: \u201c\u2026queremos se\u00f1alar que factores de poder que hacen vida en el gobierno de Colombia est\u00e1n tratando de colar paramilitares, desertores, mercenarios que vienen a sembrar violencia a Venezuela\u201d (La Jornada, M\u00e9xico, 07-IV-20).<\/p>\n<p>Otro gobierno m\u00e1s que representativo del combate a la pandemia, es el de la patria de Jos\u00e9 Mart\u00ed. De nueva cuenta a pesar del tremendo bloqueo impuesto por diversas administraciones\u00a0 estadounidenses y hoy reforzado por la de Trump. Sin embargo, a pesar de esa criminal guerra de la Casa Blanca contra Cuba, la mayor\u00eda de los pueblos y gobiernos del mundo, incluyendo a la ONU y la Organizaci\u00f3n Mundial de la Salud (OMS), exigen el fin de bloqueo. Tal \u00a0como lo manifest\u00f3 el canciller cubano, Bruno Rodr\u00edguez: \u201c\u2026es el principal obst\u00e1culo al desarrollo de nuestro pa\u00eds y al bienestar de todos los cubanos. Es una pol\u00edtica cruel, inhumana, genocida. Ha da\u00f1ado al pueblo de Cuba durante demasiado tiempo. Reclamamos su levantamiento inmediato\u201d. Pese a todo esto el pueblo cubano brilla por su apoyo solidario a diversos pa\u00edses del mundo.\u00a0 Su presencia m\u00e9dica se hace presente en casi una veintena de pa\u00edses del planeta en el combate a la pandemia, entre ellos figuran: Andorra, Angola, Belice, Italia, M\u00e9xico, Nicaragua, Rep\u00fablica Popular China, Surinam y Venezuela entre otros. Incluso el lunes 6 de abril de 2020,\u00a0 el presidente de M\u00e9xico, Andr\u00e9s Manuel L\u00f3pez Obrador, afirm\u00f3 que su gobierno con el cubano mantiene conversaciones para de ser indispensable, env\u00ede a m\u00e9dicos y enfermeras especializados en terapia intensiva.<\/p>\n<p>Lo que pasa en la regi\u00f3n latinoamericana, particularmente en los pa\u00edses donde se ha privilegiado el modelo neoliberal de atenci\u00f3n a la salud (privatizaci\u00f3n de los servicios m\u00e9dicos) muestra el horror al que se enfrentan los amplios sectores populares y clases medias. O sea del \u201csalvase medicamente quien pueda seg\u00fan su capacidad econ\u00f3mica\u201d, pone de relieve que la \u00fanica alternativa es fortalecer el papel del Estado latinoamericano en la atenci\u00f3n a la salud\u00a0 de las grandes mayor\u00edas. Tal como lo apunt\u00f3 en el caso mexicano, L\u00f3pez Obrador, quien para enfrentar la crisis sanitaria y econ\u00f3mica debe hacerse con \u201cinversi\u00f3n p\u00fablica para el desarrollo y el bienestar del pueblo\u201d. De lo contrario, de seguir con el modelo privatizador de la atenci\u00f3n m\u00e9dica, llevar\u00e1 a lo que ya ocurre en la mayor potencia del mundo: \u00a0el desastre del pueblo de los Estados Unidos de Norteam\u00e9rica. Naci\u00f3n que desgraciadamente producto de un capitalismo tremendamente salvaje, ha generado que la pandemia sume m\u00e1s de 601,472 mil infectados y casi 25 mil fallecidos por la COVID-19 \u00a0(15-abril-20) y que la tragedia en la naci\u00f3n m\u00e1s poderosa de la tierra siga sumando m\u00e1s v\u00edctimas en tan corto tiempo como no lo ha vivido nunca en su historia. Resultando m\u00e1s perversa la actitud de Trump de quitar su aporte econ\u00f3mico a la OMS en pleno auge mundial de la pandemia\u00a0 de la nueva coronavirus.<\/p>\n","protected":false},"excerpt":{"rendered":"<p>Adalberto Santana (CTXT, 17-4-20) &nbsp; Las cuentas del nuevo coronavirus reflejan una compleja realidad presente en los pa\u00edses latinoamericanos. A la par de las decisiones pol\u00edticas que insuflan la crisis, hay otras que amortiguan los problemas que habr\u00e1 de enfrentarse en el corto y mediano plazo.\u00a0 En nuestros tiempo de la COVID-19 la situaci\u00f3n de [&hellip;]<\/p>\n","protected":false},"author":1,"featured_media":39526,"comment_status":"open","ping_status":"open","sticky":false,"template":"","format":"standard","meta":{"footnotes":""},"categories":[14,44],"tags":[],"class_list":["post-39865","post","type-post","status-publish","format-standard","has-post-thumbnail","hentry","category-internacionales","category-salud"],"_links":{"self":[{"href":"https:\/\/debateplural.net\/site\/wp-json\/wp\/v2\/posts\/39865"}],"collection":[{"href":"https:\/\/debateplural.net\/site\/wp-json\/wp\/v2\/posts"}],"about":[{"href":"https:\/\/debateplural.net\/site\/wp-json\/wp\/v2\/types\/post"}],"author":[{"embeddable":true,"href":"https:\/\/debateplural.net\/site\/wp-json\/wp\/v2\/users\/1"}],"replies":[{"embeddable":true,"href":"https:\/\/debateplural.net\/site\/wp-json\/wp\/v2\/comments?post=39865"}],"version-history":[{"count":1,"href":"https:\/\/debateplural.net\/site\/wp-json\/wp\/v2\/posts\/39865\/revisions"}],"predecessor-version":[{"id":39866,"href":"https:\/\/debateplural.net\/site\/wp-json\/wp\/v2\/posts\/39865\/revisions\/39866"}],"wp:featuredmedia":[{"embeddable":true,"href":"https:\/\/debateplural.net\/site\/wp-json\/wp\/v2\/media\/39526"}],"wp:attachment":[{"href":"https:\/\/debateplural.net\/site\/wp-json\/wp\/v2\/media?parent=39865"}],"wp:term":[{"taxonomy":"category","embeddable":true,"href":"https:\/\/debateplural.net\/site\/wp-json\/wp\/v2\/categories?post=39865"},{"taxonomy":"post_tag","embeddable":true,"href":"https:\/\/debateplural.net\/site\/wp-json\/wp\/v2\/tags?post=39865"}],"curies":[{"name":"wp","href":"https:\/\/api.w.org\/{rel}","templated":true}]}}