{"id":40104,"date":"2020-05-06T11:27:59","date_gmt":"2020-05-06T15:27:59","guid":{"rendered":"http:\/\/debateplural.com\/?p=40104"},"modified":"2020-05-06T11:27:59","modified_gmt":"2020-05-06T15:27:59","slug":"espionaje-del-ejercito-y-malversacion-presidencial","status":"publish","type":"post","link":"https:\/\/debateplural.net\/site\/2020\/05\/06\/espionaje-del-ejercito-y-malversacion-presidencial\/","title":{"rendered":"Espionaje del Ej\u00e9rcito y malversaci\u00f3n presidencial"},"content":{"rendered":"<p>Carlos Rengifo Mar\u00edn (CLAE, 6-5-20)<\/p>\n<p>&nbsp;<\/p>\n<p>Las denuncias de intercepciones ilegales y monitoreo secreto de periodistas nacionales y extranjeros, incluso estadounidenses, junto a defensores de derechos humanos, han amplificado el esc\u00e1ndalos m\u00e1s sensibles que pod\u00eda afectar al Ej\u00e9rcito colombiano y salpicar al gobierno del ultraderechista Iv\u00e1n Duque, inmerso en otro esc\u00e1ndalo de malversaci\u00f3n de fondos p\u00fablicos.<\/p>\n<p>Y peor a\u00fan, podr\u00eda cortar el chorro de millones y millones de d\u00f3lares con los que Estados Unidos viene sosteniendo a los gobiernos ultraderechistas colombianos. Las denuncias de interceptaciones ilegales y monitoreo secreto de periodistas y defensores de derechos humanos ser\u00e1n seriamente examinadas al momento de determinar la asistencia militar de Estados Unidos a Colombia, dijo influyente el senador estadounidensePatrick Leahy<\/p>\n<p>El dinero de los contribuyentes de Estados Unidos nunca debe servir para actividades ilegales, mucho menos para violar derechos de ciudadanos estadounidenses. Si estas denuncias son correctas, ser\u00eda una grave violaci\u00f3n a la confianza\u00a0de Estados Unidos<strong><em>,\u00a0<\/em><\/strong>y aquellos involucrados deben ser castigados, a\u00f1adi\u00f3, sacudiendo los cimientos del palacio de Nari\u00f1o<em>.\u00a0<\/em><\/p>\n<p>Y como si lo anterior fuera poco, bajo la figura de prestaci\u00f3n de servicios y en medio de la pandemia por la que atraviesa el pa\u00eds por el coronavirus, la Presidencia de la Rep\u00fablica suscribi\u00f3 el 30 de abril un contrato de 15 p\u00e1ginas, por medio del Fondo Paz, con la\u00a0<strong>empresa<\/strong><strong>\u00a0Du Brands SAS por un valor de\u00a0<\/strong><strong>3.350 millones<\/strong><strong>\u00a0(unos 840 millones de d\u00f3lares)<\/strong><strong>,\u00a0<\/strong><strong>con el<\/strong><strong>\u00a0objetivo\u00a0<\/strong><strong>d<\/strong><strong>el posicionamiento del presidente\u00a0<\/strong><strong>Duque\u00a0<\/strong><strong>en redes sociales.\u00a0<\/strong><\/p>\n<p>El\u00a0<strong>fin\u00a0<\/strong><strong>de<\/strong>l Fondo Paz, creado en febrero de 2019 es la \u00abfinanciaci\u00f3n de programas de paz encaminadas a fomentar la reincorporaci\u00f3n a la vida civil de los grupos alzados en armas\u00bb.<\/p>\n<p>Uno de los p\u00e1rrafos del contrato se\u00f1ala que se<strong>debe concretar la planificaci\u00f3n, organizaci\u00f3n, implementaci\u00f3n y seguimiento de estrategias de comunicaci\u00f3n digitales integrales, as\u00ed como la producci\u00f3n de contenidos y la administraci\u00f3n de los canales digitales de comunicaci\u00f3n del Presidente y de la Presidencia<\/strong><strong>,\u00a0<\/strong>con los cuales se busca difundir, promover, visibilizar y posicionar en la ciudadan\u00eda las acciones que ejecuta el Gobierno nacional\u201d, dice uno de los apartes del contrato.<\/p>\n<p><strong>Las chuzadas<\/strong><\/p>\n<p>Fotograf\u00edas, documentos secretos, videos de seguimiento y m\u00e1s de una docena de fuentes directas, reveladas por la prensa, \u00a0demuestran que\u00a0las chuzadas ilegales siguieron m\u00e1s vivas que nunca, en loS batallones de ciberdefensa y sus \u201ctrabajos especiales<strong>\u201d.\u00a0<\/strong>La mayor\u00eda de sus blancos fueron periodistas, varios de ellos estadounidenses. Pol\u00edticos, generales, oeneg\u00e9s y sindicalistas hacen parte de la lista de m\u00e1s de 130 v\u00edctimas.<\/p>\n<p>La prensa denuncia que algunas unidades del Ej\u00e9rcito se han dedicado en el \u00faltimo a\u00f1o a desplazar a sus unidades m\u00f3viles y utilizar sus equipos de \u00faltima generaci\u00f3n para saber en qu\u00e9 andan algunos periodistas, pol\u00edticos, gobernadores, magistrados, e incluso coroneles, generales y comandantes de otras fuerzas.<\/p>\n<p>El primer indicio de que algo andaba mal lleg\u00f3 a o\u00eddos de los organismos de inteligencia estadounidenses, que \u00a0hab\u00edan donado un par de sofisticados equipos t\u00e9cnicos y adelantado apoyos econ\u00f3micos para pagar fuentes con valiosa informaci\u00f3n. Los estadounidenses empezaron a recibir informaci\u00f3n seg\u00fan la cual algunos militares los estaban usando las interferencias y seguimientos para fines ilegales. Y que algunos apoyos econ\u00f3micos para pagar fuentes que pudieran entregar valiosa informaci\u00f3n terminaban en los bolsillos de los oficiales que, en general bajaban la informaci\u00f3n de internet.<\/p>\n<p>Se creaban informes falsos, basados en fuentes que no exist\u00edan para conseguir unos recursos que se repart\u00edan entre los mandos.<\/p>\n<p>Las chuzadas ilegales del \u00faltimo a\u00f1o se realizaronar desde las propias instalaciones de dos guarniciones militares, como una manera de blindarlas y evitar un allanamiento sorpresivo de la justicia o el fisgoneo de los medios de comunicaci\u00f3n<strong>.\u00a0<\/strong>A pesar de las denuncias, la justicia y los entes de control nunca hab\u00edan actuado.<\/p>\n<p>Por la misi\u00f3n y los blancos \u00e9stos estaban orientados a temas estrictamente pol\u00edticos, lejos de la misi\u00f3n del Ej\u00e9rcito, lo que ya fuera denunciado por varios magistrados cuyas llamadas \u00a0eran interceptadas, como denunciara Gloria Ortiz, la presidenta de la Corte Constitucional.<\/p>\n<p>Un suboficial del Ej\u00e9rcito le dijo a la resvista Semana que al \u00e9l le entregaron los datos de una oficial que estaba afectando los intereses del Ej\u00e9rcito.Pero result\u00f3 que el verdadero blanco era Susana Lombana, magistrada de laCorte Suprema quien manejaba el caso de manipulaci\u00f3n de testigos contra el expresidente \u00c1lvaro Uribe<\/p>\n","protected":false},"excerpt":{"rendered":"<p>Carlos Rengifo Mar\u00edn (CLAE, 6-5-20) &nbsp; Las denuncias de intercepciones ilegales y monitoreo secreto de periodistas nacionales y extranjeros, incluso estadounidenses, junto a defensores de derechos humanos, han amplificado el esc\u00e1ndalos m\u00e1s sensibles que pod\u00eda afectar al Ej\u00e9rcito colombiano y salpicar al gobierno del ultraderechista Iv\u00e1n Duque, inmerso en otro esc\u00e1ndalo de malversaci\u00f3n de fondos [&hellip;]<\/p>\n","protected":false},"author":1,"featured_media":40105,"comment_status":"open","ping_status":"open","sticky":false,"template":"","format":"standard","meta":{"footnotes":""},"categories":[14,12],"tags":[],"class_list":["post-40104","post","type-post","status-publish","format-standard","has-post-thumbnail","hentry","category-internacionales","category-politica-3"],"_links":{"self":[{"href":"https:\/\/debateplural.net\/site\/wp-json\/wp\/v2\/posts\/40104"}],"collection":[{"href":"https:\/\/debateplural.net\/site\/wp-json\/wp\/v2\/posts"}],"about":[{"href":"https:\/\/debateplural.net\/site\/wp-json\/wp\/v2\/types\/post"}],"author":[{"embeddable":true,"href":"https:\/\/debateplural.net\/site\/wp-json\/wp\/v2\/users\/1"}],"replies":[{"embeddable":true,"href":"https:\/\/debateplural.net\/site\/wp-json\/wp\/v2\/comments?post=40104"}],"version-history":[{"count":1,"href":"https:\/\/debateplural.net\/site\/wp-json\/wp\/v2\/posts\/40104\/revisions"}],"predecessor-version":[{"id":40106,"href":"https:\/\/debateplural.net\/site\/wp-json\/wp\/v2\/posts\/40104\/revisions\/40106"}],"wp:featuredmedia":[{"embeddable":true,"href":"https:\/\/debateplural.net\/site\/wp-json\/wp\/v2\/media\/40105"}],"wp:attachment":[{"href":"https:\/\/debateplural.net\/site\/wp-json\/wp\/v2\/media?parent=40104"}],"wp:term":[{"taxonomy":"category","embeddable":true,"href":"https:\/\/debateplural.net\/site\/wp-json\/wp\/v2\/categories?post=40104"},{"taxonomy":"post_tag","embeddable":true,"href":"https:\/\/debateplural.net\/site\/wp-json\/wp\/v2\/tags?post=40104"}],"curies":[{"name":"wp","href":"https:\/\/api.w.org\/{rel}","templated":true}]}}