{"id":40297,"date":"2020-05-19T09:14:36","date_gmt":"2020-05-19T13:14:36","guid":{"rendered":"http:\/\/debateplural.com\/?p=40297"},"modified":"2020-05-19T09:14:36","modified_gmt":"2020-05-19T13:14:36","slug":"caos-y-golpe-son-las-palabra-de-moda-en-brasil","status":"publish","type":"post","link":"https:\/\/debateplural.net\/site\/2020\/05\/19\/caos-y-golpe-son-las-palabra-de-moda-en-brasil\/","title":{"rendered":"Caos y golpe son las palabra de moda en Brasil"},"content":{"rendered":"<p>Ra\u00fal Zibechi (Kaosenlared, 18-5-20)<\/p>\n<p>&nbsp;<\/p>\n<div class=\"b-article__lead\">\n<p>En plena escalada de la pandemia, que esta semana coloca a Brasil como el tercer pa\u00eds con m\u00e1s infectados por coronavirus del mundo, el pa\u00eds contin\u00faa avanzando hacia el caos.<\/p>\n<\/div>\n<div class=\"b-article__text\">\n<p class=\"over\">La\u00a0<a href=\"https:\/\/mundo.sputniknews.com\/america-latina\/202005151091441013-dimite-el-ministro-de-salud-de-brasil-a-menos-de-un-mes-de-asumir-el-cargo\/\" target=\"_blank\" rel=\"noopener noreferrer\">renuncia del segundo ministro de Salud<\/a>\u00a0en apenas un mes por diferencias con el presidente que est\u00e1 en contra del aislamiento social y promueve el uso de cloriquina que el mundo cient\u00edfico rechaza, se suma a las diferencias entre los gobernadores de las grandes ciudades y Jair Bolsonaro.<\/p>\n<p>El presidente todas las semanas moviliza a sus fan\u00e1ticos desafiando el distanciamiento en concentraciones frente al Palacio de Alvorada (casa de gobierno) en Brasilia, que exigen la disoluci\u00f3n del Congreso y la intervenci\u00f3n del Supremo Tribunal de Justicia.<\/p>\n<p>La situaci\u00f3n se agrav\u00f3 a ra\u00edz de pronunciamientos. Por un lado, seis ex ministros de Defensa\u00a0<a href=\"https:\/\/www1.folha.uol.com.br\/poder\/2020\/05\/ex-ministros-da-defesa-lancam-manifesto-e-rechacam-pedidos-de-golpe-militar-a-favor-de-bolsonaro.shtml\" target=\"_blank\" rel=\"noopener noreferrer\">lanzaron un manifiesto<\/a>\u00a0exhortando a las fuerzas armadas a \"ignorar los pedidos de una intervenci\u00f3n militar a favor del gobierno del presidente Jair Bolsonaro\".<\/p>\n<p>El llamado de los ex ministros de Defensa (cinco de los gobiernos de Luis In\u00e1cio Lula da Silva y uno de Michel Temer), lleg\u00f3 poco despu\u00e9s de un importante art\u00edculo de opini\u00f3n del\u00a0<a href=\"https:\/\/opiniao.estadao.com.br\/noticias\/espaco-aberto,limites-e-responsabilidades,70003302275\" target=\"_blank\" rel=\"noopener noreferrer\">vicepresidente Hamilton Moura\u0303o<\/a>, publicado el 14 de mayo en O Estado de Sao Paulo, generando esc\u00e1ndalo y preocupaci\u00f3n.<\/p>\n<p>En su art\u00edculo titulado \"L\u00edmites y responsabilidades\", el vicepresidente asegura que en el mundo \"ning\u00fan pa\u00eds viene causando tanto mal a s\u00ed mismo como Brasil\", en lo que define como \"un estrago institucional\" que se convierte en \"insensatez\" y est\u00e1 llevando al pa\u00eds al \"caos\".<\/p>\n<p>Resume su posici\u00f3n en cuatro puntos. Uno, denuncia la \"polarizaci\u00f3n\", pero responsabiliza a los medios de comunicaci\u00f3n y en particular a la prensa. Dos, menciona la degradaci\u00f3n del \"conocimiento pol\u00edtico\", del que responsabiliza a gobernadores, magistrados y legisladores. Tres, esos poderes estar\u00edan \"usurpando las prerrogativas del Poder Ejecutivo\", atacando a las personas que encabezan otros poderes, en particular el Judicial.<\/p>\n<p>Por \u00faltimo, el vicepresidente ataca a los expresidentes sin nombrarlos, diciendo que sus declaraciones \"perjudican la imagen de Brasil en el exterior\". Se refiere, en particular, a Lula y a\u00a0<a href=\"https:\/\/mundo.sputniknews.com\/america-latina\/202004241091226249-el-expresidente-brasileno-henrique-cardoso-pide-renuncia-de-bolsonaro\/\" target=\"_blank\" rel=\"noopener noreferrer\">Fernando Henrique Cardoso<\/a>, los dos principales presidentes de la posdictadura brasile\u00f1a.<\/p>\n<p>Las palabras de Moura\u0303o coinciden punto por punto con las cr\u00edticas de Bolsonaro al Parlamento y a la Justicia. En estos d\u00edas, varios altos cargos del Gobierno deber\u00e1n declarar en una\u00a0<a href=\"https:\/\/noticias.uol.com.br\/politica\/ultimas-noticias\/2020\/05\/17\/fala-de-marinho-da-novos-contornos-a-investigacao-de-bolsonaro-no-supremo.htm\" target=\"_blank\" rel=\"noopener noreferrer\">investigaci\u00f3n judicial<\/a>\u00a0sobre la\u00a0<a href=\"https:\/\/mundo.sputniknews.com\/america-latina\/202005051091329161-bolsonaro-manda-a-callar-a-periodistas-y-niega-interferencias-en-la-policia-federal\/\" target=\"_blank\" rel=\"noopener noreferrer\">interferencia de Bolsonaro<\/a>\u00a0en el nombramiento de altos cargos de la Polic\u00eda Federal, para\u00a0<a href=\"https:\/\/mundo.sputniknews.com\/america-latina\/202005121091406576-bolsonaro-queria-intervenir-en-la-policia-federal-porque-su-familia-era-perseguida\/\" target=\"_blank\" rel=\"noopener noreferrer\">evitar que uno de sus hijos sea investigado<\/a>\u00a0y eventualmente procesado.<\/p>\n<p>Buena parte de los analistas considera que el art\u00edculo del vicepresidente se resume en un apoyo irrestricto a Bolsonaro. Pero aparecen otras interpretaciones. El cientista pol\u00edtico Christian Edward Cyril Lynch avanza un an\u00e1lisis plausible:\u00a0<strong>Moura\u0303o est\u00e1 preparando el terreno para asumir como presidente<\/strong>. Una personalidad de la talla de Moura\u0303o, debe ser le\u00edda con cuidado.<\/p>\n<p><a href=\"https:\/\/jornalggn.com.br\/a-grande-crise\/o-jogo-cifrado-do-general-mourao-por-christian-edward-cyril-lynch\/\" target=\"_blank\" rel=\"noopener noreferrer\">Cyril Lynch<\/a>\u00a0estima que el juego de Moura\u0303o consiste, por un lado, en una defensa de \"la centralizaci\u00f3n pol\u00edtico-administrativa y anti sistema judicial, t\u00edpica del militarismo\" brasile\u00f1o. En esa vertiente, se apoya en los cl\u00e1sico liberales unionistas estadounidenses, a quienes cita en dos ocasiones.<\/p>\n<p>En segundo lugar, el art\u00edculo estar\u00eda dirigido a sus colegas militares que rodean a Bolsonaro, que deber\u00e1n acudir a la justicia a declarar, lo que no agrada a ning\u00fan uniformado. \"El Partido de Moura\u0303o es el Ej\u00e9rcito\", clarifica Lynch, para rematar en lo que considera es un mensaje cifrado del vicepresidente: \"Si llega el momento de desembarcar del gobierno de Bolsonaro, lo haremos todos juntos\".<\/p>\n<p>Detr\u00e1s de las opiniones del vice, hay una doctrina que se ha ido cociendo a fuego lento desde mediados del siglo pasado en la\u00a0<a href=\"https:\/\/jornalggn.com.br\/a-grande-crise\/o-jogo-cifrado-do-general-mourao-por-christian-edward-cyril-lynch\/\" target=\"_blank\" rel=\"noopener noreferrer\">Escuela Superior de Guerra<\/a>, el principal\u00a0<em>think tank<\/em>\u00a0brasile\u00f1o: el Ej\u00e9rcito como guardi\u00e1n del orden, garant\u00eda de la unidad nacional (frente a las tendencias autonomistas los gobernadores) y de la centralizaci\u00f3n del Ejecutivo y, ahora tambi\u00e9n, los militares como \"poder moderador de la rep\u00fablica\".<\/p>\n<p>Es posible que los militares conservadores que est\u00e1n en el Gobierno y apostaron por Bolsonaro hayan decidido acelerar el paso ante la degradaci\u00f3n evidente de la situaci\u00f3n, mostrando\u00a0<strong>disponibilidad para asumir el poder<\/strong>, ya sin m\u00e1scaras. No ser\u00eda un golpe, como estiman algunos, sino una sucesi\u00f3n legal, si consiguen forzar la mano del presidente, algo que no debe ser dif\u00edcil si se le ofrecen garant\u00edas para su familia.<\/p>\n<p>La situaci\u00f3n es tan grave, que el empresariado est\u00e1 perdiendo la confianza, no solo en el actual gobierno, sino en Brasil como naci\u00f3n pujante capaz de atraer capitales. El presidente de Mercedes-Benz Brasil y Am\u00e9rica Latina, Philipp Schiemer, critico\u0301 la forma como los poderes Ejecutivo y Legislativo est\u00e1n abordando la\u00a0<a href=\"https:\/\/mundo.sputniknews.com\/trend\/coronavirus-brasil-2020\/\" target=\"_blank\" rel=\"noopener noreferrer\"><strong>pandemia en el pa\u00eds<\/strong><\/a>, se quejo\u0301 de la falta de acciones coordinadas entre los gobiernos federal, estatal y municipal y concluy\u00f3 que esto retrasar\u00e1 la\u00a0<a href=\"https:\/\/mundo.sputniknews.com\/economia\/202005151091440387-la-economia-brasilena-cae-casi-un-2-en-el-primer-trimestre\/\" target=\"_blank\" rel=\"noopener noreferrer\">recuperaci\u00f3n econ\u00f3mica<\/a>.<\/p>\n<p>Lo m\u00e1s grave es que el\u00a0<a href=\"https:\/\/valor.globo.com\/empresas\/noticia\/2020\/05\/14\/brasil-perdeu-credibilidade-conquistada-com-reformas-diz-presidente-da-mercedes.ghtml\" target=\"_blank\" rel=\"noopener noreferrer\">ejecutivo alem\u00e1n<\/a>\u00a0piensa que Brasil \"perdi\u00f3, en este episodio, toda la credibilidad que hab\u00eda logrado meses antes con las reformas laborales y de seguridad social\". Mercedes-Benz fabrica camiones y autobuses en Sao Bernardo do Campo (estado de Sao Paulo), pero ahora congel\u00f3 inversiones futuras aunque concluir\u00e1 su plan en marcha para el per\u00edodo 2018-2022, que supone 800 millones de d\u00f3lares.<\/p>\n<p>La desvalorizaci\u00f3n del real, que se cotiza a 5,85 por d\u00f3lar (cuando asumi\u00f3 Bolsonaro el 1 de enero de 2019 estaba en 3,88), presiona los costos de las empresas que fabrican en Brasil y, seg\u00fan Schiemer, no se relaciona con la inflaci\u00f3n, que est\u00e1 contenida, sino con \"las luchas pol\u00edticas\". En la entrevista concedida a la prensa, el ejecutivo coincidi\u00f3, llamativamente, con muchos observadores al concluir: \"Falta alguien que piense en Brasil\".<\/p>\n<p>Los militares no quieren asumir la presidencia con un golpe, impopular e innecesario, porque ya son el factor decisivo del Gobierno. Para eso est\u00e1n buscando una alianza con un amplio grupo de parlamentarios que les permitan tener gatillada la\u00a0<a href=\"https:\/\/mundo.sputniknews.com\/radio_que_pasa\/202005161091449518-bolsonaro-esta-comprando-votos-para-evitar-el-impeachment\/\" target=\"_blank\" rel=\"noopener noreferrer\">opci\u00f3n del\u00a0<em>impeachment<\/em><\/a>, en el caso de que Bolsonaro quiera aferrase al sill\u00f3n presidencial.<\/p>\n<p>Ser\u00edan un gobierno bonapartista, que se situar\u00eda por encima de fracciones y partidos, para intentar\u00a0<a href=\"https:\/\/mundo.sputniknews.com\/radio_que_pasa\/202005021091298161-brasil-presa-del-caos-jaque-a-bolsonaro\/\" target=\"_blank\" rel=\"noopener noreferrer\">remontar el caos<\/a>.<\/p>\n<\/div>\n","protected":false},"excerpt":{"rendered":"<p>Ra\u00fal Zibechi (Kaosenlared, 18-5-20) &nbsp; En plena escalada de la pandemia, que esta semana coloca a Brasil como el tercer pa\u00eds con m\u00e1s infectados por coronavirus del mundo, el pa\u00eds contin\u00faa avanzando hacia el caos. La\u00a0renuncia del segundo ministro de Salud\u00a0en apenas un mes por diferencias con el presidente que est\u00e1 en contra del aislamiento [&hellip;]<\/p>\n","protected":false},"author":1,"featured_media":40298,"comment_status":"open","ping_status":"open","sticky":false,"template":"","format":"standard","meta":{"footnotes":""},"categories":[14,12],"tags":[],"class_list":["post-40297","post","type-post","status-publish","format-standard","has-post-thumbnail","hentry","category-internacionales","category-politica-3"],"_links":{"self":[{"href":"https:\/\/debateplural.net\/site\/wp-json\/wp\/v2\/posts\/40297"}],"collection":[{"href":"https:\/\/debateplural.net\/site\/wp-json\/wp\/v2\/posts"}],"about":[{"href":"https:\/\/debateplural.net\/site\/wp-json\/wp\/v2\/types\/post"}],"author":[{"embeddable":true,"href":"https:\/\/debateplural.net\/site\/wp-json\/wp\/v2\/users\/1"}],"replies":[{"embeddable":true,"href":"https:\/\/debateplural.net\/site\/wp-json\/wp\/v2\/comments?post=40297"}],"version-history":[{"count":0,"href":"https:\/\/debateplural.net\/site\/wp-json\/wp\/v2\/posts\/40297\/revisions"}],"wp:featuredmedia":[{"embeddable":true,"href":"https:\/\/debateplural.net\/site\/wp-json\/wp\/v2\/media\/40298"}],"wp:attachment":[{"href":"https:\/\/debateplural.net\/site\/wp-json\/wp\/v2\/media?parent=40297"}],"wp:term":[{"taxonomy":"category","embeddable":true,"href":"https:\/\/debateplural.net\/site\/wp-json\/wp\/v2\/categories?post=40297"},{"taxonomy":"post_tag","embeddable":true,"href":"https:\/\/debateplural.net\/site\/wp-json\/wp\/v2\/tags?post=40297"}],"curies":[{"name":"wp","href":"https:\/\/api.w.org\/{rel}","templated":true}]}}