{"id":40341,"date":"2020-05-21T11:21:08","date_gmt":"2020-05-21T15:21:08","guid":{"rendered":"http:\/\/debateplural.com\/?p=40341"},"modified":"2020-05-21T11:21:08","modified_gmt":"2020-05-21T15:21:08","slug":"crisis-social-general","status":"publish","type":"post","link":"https:\/\/debateplural.net\/site\/2020\/05\/21\/crisis-social-general\/","title":{"rendered":"Crisis social general"},"content":{"rendered":"<p><span class=\"author\">Danilo Paz Ballivi\u00e1n (Kaosenlared, 21-5-20)<\/span><\/p>\n<p>&nbsp;<\/p>\n<p>Seg\u00fan la ciencia y la pol\u00edtica, los momentos de crisis general, dan la oportunidad de conocer las deficiencias y contradicciones estructurales de la sociedad, para tratar de superarlas: \u201cLa creatividad nace de la angustia, como el d\u00eda nace de la noche. Es en la crisis que nace la iniciativa, los descubrimientos y las grandes estrategias. Quien supera las crisis se supera a s\u00ed mismo, sin quedar superado\u201d, dec\u00eda Albert Einstein. Y desde lo pol\u00edtico local: \u201cLa crisis es la forma de la unidad pat\u00e9tica de lo diverso. El \u00fanico tiempo com\u00fan a todas estas formas es la crisis general que las cubre o sea la pol\u00edtica. La crisis por tanto no solo revela lo que hay de nacional en Bolivia, sino que es en si misma un acontecimiento nacionalizador.\u201d, se\u00f1alaba Ren\u00e9 Zavaleta.<\/p>\n<p>Sobre estos p\u00e1rrafos es posible desarrollar teor\u00edas y an\u00e1lisis profundos universales y espec\u00edficos de cada sociedad en particular, aqu\u00ed, solamente destacaremos dos cuestiones: Primero, \u00bfCu\u00e1les son los hechos econ\u00f3micos, sociales y pol\u00edticos que se revelan de forma irrefutable por la crisis general? Y segundo, en consecuencia, \u00bfCu\u00e1les ser\u00edan los lineamientos de estrategias nacionales para superarlos?<\/p>\n<p>La crisis general, lo primero que evidencia y deja fuera de discusi\u00f3n es que Bolivia no puede seguir dependiendo s\u00f3lo de la exportaci\u00f3n de materias primas sin valor agregado, esto vale para la explotaci\u00f3n del gas, minerales y la propia producci\u00f3n de soya. Del mismo modo, Bolivia no puede basar el empleo urbano, casi exclusivamente, en trabajadores por cuenta propia en los sectores terciarios del comercio y el transporte.<\/p>\n<p>En lo social, la pandemia evidencia que la infraestructura f\u00edsica hospitalaria, sin el recurso humano especializado, sin equipamiento tecnol\u00f3gico y, sin los insumos m\u00e9dicos de salud, son simplemente in\u00fatiles, pero tambi\u00e9n demuestran que la salud es un asunto de Estado, y no de iniciativa privada.<\/p>\n<p>Qu\u00e9 decir de la educaci\u00f3n, se constata, por ejemplo, que la universidad, no forma t\u00e9cnicos calificados en las \u00e1reas productivas (industria y agricultura), ni especialistas en planificaci\u00f3n del desarrollo econ\u00f3mico social, menos investigadores cient\u00edficos, que son la base sobre la cual se levanta todo lo anterior.<\/p>\n<p>Respecto a lo pol\u00edtico, \u201cque cubre todo como la crisis general\u201d, el panorama hasta mediados de marzo de 2020, seg\u00fan las encuestas de opini\u00f3n, el MAS aventajaba con 15% a C.C. y con 18% a JUNTOS (CIESMORI, 38% Arce, 23.3% Mesa, 19.9% A\u00f1ez), esto 45 d\u00edas antes de la elecci\u00f3n general que deb\u00eda realizarse el 3 de mayo del 2020. En este contexto se puede afirmar que la declaraci\u00f3n de cuarentena posterg\u00f3 la derrota de la oposici\u00f3n al MAS, o si se quiere, \u201clos salvo la campana\u201d.<\/p>\n<p>A partir de la cuarentena, tres veces ampliada, la asignatura pendiente de elecciones generales encuentra a las candidaturas en una situaci\u00f3n distinta: JUNTOS resolvi\u00f3 su aparente contradicci\u00f3n con CREEMOS y CC, d\u00eda que pasa, pierde protagonismo, al aferrarse a la estrategia de segunda vuelta.<\/p>\n<p>Las consignas de establecer un dialogo nacional, o en su extremo, un gobierno de salvaci\u00f3nnacional, apuntan a presentar un solo candidato de oposici\u00f3n al MAS, por el lado de elecciones, y por el otro lado de prosecuci\u00f3n del golpe de estado, cerrar el parlamento y formar un gobierno de unidad contra el MAS, sin embargo, para esta soluci\u00f3n por el desastre, tendr\u00eda que el Ejercito pasar de un apoyo a la direcci\u00f3n pol\u00edtica.<\/p>\n<p>Si la \u201ccrisis general revela lo que hay de nacional en Bolivia\u201d, la coyuntura exige una respuesta pol\u00edtica para la naci\u00f3n en su conjunto, se trata de establecer un programa nacional popular, a partir de lo que existe, atendiendo el momento con un horizonte de largo plazo.<\/p>\n<p>Lo que exige el momento, es una industrializaci\u00f3n de nuestras materias primas de exportaci\u00f3n (particularmente el litio y el zinc); el fortalecimiento de las empresas estrat\u00e9gicas; el destino del capital financiero de fomento a los sectores productivos y una pol\u00edtica monetaria y fiscal de acuerdo a esos objetivos nacionales, es decir, establecer una pol\u00edtica econ\u00f3mica estatal nacional, ahora m\u00e1s que nunca bajo el principio de desarrollo sostenible.<\/p>\n<p>Siempre en el plano econ\u00f3mico, es momento de apostar al desarrollo de la peque\u00f1a y mediana industria y a la econom\u00eda campesina, directamente ligadas al mercado interno y el empleo productivo. Respetando la econom\u00eda plural, privilegiar la asistencia t\u00e9cnica y financiera a estos sectores. Sustituyendo la importaci\u00f3n de alimentos y manifacturas por la producci\u00f3n nacional; liberando impuestos; bajando las tasas de inter\u00e9s y garantizando las compras estatales del producto de los peque\u00f1os y medianos productores, es decir, cambiar la l\u00f3gica de cubrir la demanda con importaciones y contrabando de alimentos y manufacturas baratas y apostar solo a la agricultura a gran escala para la exportaci\u00f3n.<\/p>\n<p>Ahora se entiende porque el fin principal del Estado es: \u201cGarantizar el acceso de las personas a la educci\u00f3n, a la salud y el trabajo\u201d (Art\u00edculo 9, inciso 5, C.P. del E). Para el caso, la crisis muestra que la salud es un asunto de responsabilidad del Estado, es decir, el gobierno debe garantizar una salud universal. La salud privada debe existir, pero en arreglo a una pol\u00edtica de salud p\u00fablica nacional.<\/p>\n<p>Lo propio sucede con la educaci\u00f3n: el nivel de pregado, grado y posgrado deben tener el objetivo de formar prioritariamente cient\u00edficos, acad\u00e9micos, especialistas, t\u00e9cnicos y mano de obra calificada para una sociedad sana, productiva, respetuosa del medio ambiente, soberana y de justica social.<\/p>\n<p>Otra vez, la educaci\u00f3n privada debe existir, pero tambi\u00e9n supeditada a una pol\u00edtica educativa fiscal nacional.<\/p>\n<p>En su remate la crisis general es siempre, una crisis pol\u00edtica. Por la referencia que realizamos hasta el momento, se infiere que la coyuntura actual requiere de un gobierno nacional popular, capaz de convertir la crisis en una oportunidad de cambio. Es hora no solo de reactivar la econom\u00eda sino de cambiarla. Apostar a un desarrollo de la peque\u00f1a y mediana industria en las ciudades y a la econom\u00eda campesina en el sector rural; desarrollar nuestro mercado interior; procurar empleo digno y permanente. Proteger estas econom\u00edas dot\u00e1ndoles de infraestructura (maquinaria, insumos, riego); cr\u00e9dito de fomento; liberalizaci\u00f3n de impuestos; compra de su producci\u00f3n para desayuno escolar; dotaci\u00f3n de alimentos; crear supermercados de producci\u00f3n nacional exclusiva,etc\u2026 Al mismo tiempo, liquidar el contrabando de alimentos, manufacturas, la ropa usada y subir impuestos a la importaci\u00f3n de alimentos procesados.<\/p>\n<p>Se destaca esta pol\u00edtica microecon\u00f3mica, porque hasta ahora no se estableci\u00f3 plenamente y es totalmente compatible con la pol\u00edtica macroecon\u00f3mica de desarrollo de la industria de nuestras materias primas y la modernizaci\u00f3n eficiente de las Empresas Estatales de los sectores estrat\u00e9gicos de la naci\u00f3n.<\/p>\n<p>En materia de salud y educaci\u00f3n, que tratamos aqu\u00ed a modo de ejemplo de los varios t\u00f3picos del fen\u00f3meno social, se impone tambi\u00e9n una pol\u00edtica nacional. Primero, establecer el Seguro Universal de Salud, que comprenda a los existentes y se ampli\u00e9 a m\u00e1s del 50% de la poblaci\u00f3n que ahora no lo tiene. Segundo, se debe emprender una verdadera Revoluci\u00f3n Educativa, de abajo hacia arriba y de arriba hacia abajo, que el pregrado cambie su curr\u00edcula dirigida hacia el conocimiento de la realidad nacional el contexto internacional, con los conocimientos b\u00e1sicos del desarrollo cient\u00edfico y el manejo tecnol\u00f3gico moderno, teniendo en cuenta que no se puede reformar la educaci\u00f3n sin primero cambiar a los maestros, ya dec\u00eda Franz Tamayo: \u201cLo peor que puede ocurrir es ense\u00f1ar lo que uno no sabe\u201d. Y desde arriba, retomar la esencia de la Autonom\u00eda Universitaria, de preservar la independencia del conocimiento, la libertad soberana de Bolivia, el desarrollo de la ciencia, tecnolog\u00eda nacional y la educaci\u00f3n gratuita.<\/p>\n<p>Al final, la soluci\u00f3n siempre es la pol\u00edtica, la crisis social general que vivimos exige una soluci\u00f3n nacional popular, como dir\u00eda Sergio Almar\u00e1z: \u201cHay que nacionalizar el propio gobierno\u201d, y por ahora, la \u00fanica opci\u00f3n son las elecciones generales.<\/p>\n","protected":false},"excerpt":{"rendered":"<p>Danilo Paz Ballivi\u00e1n (Kaosenlared, 21-5-20) &nbsp; Seg\u00fan la ciencia y la pol\u00edtica, los momentos de crisis general, dan la oportunidad de conocer las deficiencias y contradicciones estructurales de la sociedad, para tratar de superarlas: \u201cLa creatividad nace de la angustia, como el d\u00eda nace de la noche. Es en la crisis que nace la iniciativa, [&hellip;]<\/p>\n","protected":false},"author":1,"featured_media":36379,"comment_status":"open","ping_status":"open","sticky":false,"template":"","format":"standard","meta":{"footnotes":""},"categories":[14,12],"tags":[],"class_list":["post-40341","post","type-post","status-publish","format-standard","has-post-thumbnail","hentry","category-internacionales","category-politica-3"],"_links":{"self":[{"href":"https:\/\/debateplural.net\/site\/wp-json\/wp\/v2\/posts\/40341"}],"collection":[{"href":"https:\/\/debateplural.net\/site\/wp-json\/wp\/v2\/posts"}],"about":[{"href":"https:\/\/debateplural.net\/site\/wp-json\/wp\/v2\/types\/post"}],"author":[{"embeddable":true,"href":"https:\/\/debateplural.net\/site\/wp-json\/wp\/v2\/users\/1"}],"replies":[{"embeddable":true,"href":"https:\/\/debateplural.net\/site\/wp-json\/wp\/v2\/comments?post=40341"}],"version-history":[{"count":0,"href":"https:\/\/debateplural.net\/site\/wp-json\/wp\/v2\/posts\/40341\/revisions"}],"wp:featuredmedia":[{"embeddable":true,"href":"https:\/\/debateplural.net\/site\/wp-json\/wp\/v2\/media\/36379"}],"wp:attachment":[{"href":"https:\/\/debateplural.net\/site\/wp-json\/wp\/v2\/media?parent=40341"}],"wp:term":[{"taxonomy":"category","embeddable":true,"href":"https:\/\/debateplural.net\/site\/wp-json\/wp\/v2\/categories?post=40341"},{"taxonomy":"post_tag","embeddable":true,"href":"https:\/\/debateplural.net\/site\/wp-json\/wp\/v2\/tags?post=40341"}],"curies":[{"name":"wp","href":"https:\/\/api.w.org\/{rel}","templated":true}]}}