{"id":40441,"date":"2020-05-26T13:34:02","date_gmt":"2020-05-26T17:34:02","guid":{"rendered":"http:\/\/debateplural.com\/?p=40441"},"modified":"2020-05-26T13:34:02","modified_gmt":"2020-05-26T17:34:02","slug":"bolivia-y-el-mal-ejemplo-brasileno","status":"publish","type":"post","link":"https:\/\/debateplural.net\/site\/2020\/05\/26\/bolivia-y-el-mal-ejemplo-brasileno\/","title":{"rendered":"Bolivia y el mal ejemplo brasile\u00f1o"},"content":{"rendered":"<p>Canela Crespo S\u00e1nchez (Rebelion, 25-5-20)<\/p>\n<p>&nbsp;<\/p>\n<p>Hoy en d\u00eda hay menos civiles que militares en el Palacio del Planalto. Ellos (los militares) mandan hoy en Brasil.\u00bb le dice Luiz In\u00e1cio Lula da Silva a Paula Ram\u00f3n en una entrevista concedida para el medio argentino P\u00e1gina 12. En Brasil, a lo largo de su historia republicana, la influencia militar en la pol\u00edtica ha sido determinante; esta relaci\u00f3n parece hoy m\u00e1s estrecha y evidente. De hecho, el n\u00facleo duro del gabinete ministerial brasile\u00f1o, en el que recae la mayor parte del poder pol\u00edtico, es de corte militar. Adem\u00e1s, la crisis pol\u00edtica que se ha magnificado debido a la crisis sanitaria ha dejado bien parados a los militares porque los posiciona (falsamente) como el ala racional de apoyo a Bolsonaro que, cada vez m\u00e1s, parece que pierde la cordura.<\/p>\n<p>La influencia militar en el Palacio del Planalto tiene un eco paramilitar en las calles. All\u00ed, decenas de grupos de extrema derecha est\u00e1n organizados amedrentando y persiguiendo impunemente a sus \u201crivales pol\u00edticos\u201d que no son otros que los que piensan diferente a ellos. En muchos casos, estos grupos neofascistas est\u00e1n armados. Son los que se organizan para vitorear a Bolsonaro en sus intervenciones p\u00fablicas y tambi\u00e9n son los que piden el cierre del Congreso y el regreso de los militares al poder como en 1964.<\/p>\n<p>Esta alianza militar\/paramilitar define en muchos casos la agenda pol\u00edtica en Brasil. Es sin duda un mal ejemplo para toda la regi\u00f3n y el mundo y, como era de esperarse, en Bolivia, despu\u00e9s del Golpe de Estado de noviembre pasado, las Fuerzas Armadas y los grupos paramilitares que se han creado pretenden reproducirlo.<\/p>\n<p>Es as\u00ed que el d\u00eda jueves 21 de mayo, con las botas brillantes, escoltado de guardia militar personal y con el uniforme de campa\u00f1a puesto, el Comandante de las Fuerzas Armadas de Bolivia, el se\u00f1or Sergio Orellana, ha amenazado, cual Garc\u00eda Meza en 1980, a la Asamblea Legislativa Plurinacional.<\/p>\n<p>Faltando a los procedimientos establecidos en la Constituci\u00f3n Pol\u00edtica del Estado, que le confieren a la presidenta la atribuci\u00f3n de presentar la documentaci\u00f3n vinculada a ascensos militares, el General apareci\u00f3 en las instalaciones de la Asamblea Legislativa Plurinacional exigi\u00e9ndole a la misma tratar la ratificaci\u00f3n de ascensos en el plazo m\u00e1ximo de una semana. La exigencia es de por s\u00ed pol\u00e9mica porque deber\u00edan ser beneficiarios del ascenso los mejores representantes de cada promoci\u00f3n, sin embargo, se pretende beneficiar a militares que no cumplen con este criterio. Se intuye la lealtad de los beneficiarios al r\u00e9gimen de A\u00f1ez.<\/p>\n<p>Los ascensos militares, en principio, son procedimientos regulares cuando cumplen los flujos establecidos en la Constituci\u00f3n Pol\u00edtica del Estado y en las normas espec\u00edficas. Sin embargo, en este caso, con la agresi\u00f3n del Comandante de las Fuerzas Armadas en contra del \u00fanico \u00f3rgano leg\u00edtimo del Estado, la exigencia ser\u00eda un exceso intolerable para cualquier sistema democr\u00e1tico. \u00bfAcaso una nueva fase del Golpe de Estado con protagonismo militar se est\u00e1 gestando?<\/p>\n<p>El elemento paramilitar tambi\u00e9n est\u00e1 presente. En distintas latitudes se han creado o se han rearticulado, en el contexto del Golpe de Estado, grupos irregulares armados que generan violencia impunemente. Hace pocos d\u00edas, en un audio que se filtr\u00f3, uno de los l\u00edderes de uno de estos grupos denominado Resistencia Juvenil Cochala llamaba a su gente a alistarse para atacar una movilizaci\u00f3n popular que ped\u00edan poder trabajar porque sus familias est\u00e1n pasando hambre. El audio no revel\u00f3 nada que no se supiera: estos grupos tienen entrenamiento militar, est\u00e1n armados y se saben impunes.<\/p>\n<p>Los bolivianos de mi generaci\u00f3n, que hemos nacido en democracia y que adem\u00e1s hemos crecido y formado nuestra conciencia en el marco del Proceso de Cambio y del gobierno de Evo Morales, no ten\u00edamos en la memoria ning\u00fan evento de agresi\u00f3n pol\u00edtica de militares hasta el 10 de noviembre, d\u00eda en el que el Comandante General de las Fuerzas Armadas le pide al Presidente Morales su renuncia. Esta vez, con el respaldo paramilitar, la agresi\u00f3n pol\u00edtica militar a la Asamblea Legislativa Plurinacional genera nuevas susceptibilidades. El riesgo de que Bolivia siga el mal ejemplo brasile\u00f1o est\u00e1 latente y, la tarea de transformaci\u00f3n estructural de las Fuerzas Armadas queda pendiente.<\/p>\n","protected":false},"excerpt":{"rendered":"<p>Canela Crespo S\u00e1nchez (Rebelion, 25-5-20) &nbsp; Hoy en d\u00eda hay menos civiles que militares en el Palacio del Planalto. Ellos (los militares) mandan hoy en Brasil.\u00bb le dice Luiz In\u00e1cio Lula da Silva a Paula Ram\u00f3n en una entrevista concedida para el medio argentino P\u00e1gina 12. En Brasil, a lo largo de su historia republicana, [&hellip;]<\/p>\n","protected":false},"author":1,"featured_media":36819,"comment_status":"open","ping_status":"open","sticky":false,"template":"","format":"standard","meta":{"footnotes":""},"categories":[14,12],"tags":[],"class_list":["post-40441","post","type-post","status-publish","format-standard","has-post-thumbnail","hentry","category-internacionales","category-politica-3"],"_links":{"self":[{"href":"https:\/\/debateplural.net\/site\/wp-json\/wp\/v2\/posts\/40441"}],"collection":[{"href":"https:\/\/debateplural.net\/site\/wp-json\/wp\/v2\/posts"}],"about":[{"href":"https:\/\/debateplural.net\/site\/wp-json\/wp\/v2\/types\/post"}],"author":[{"embeddable":true,"href":"https:\/\/debateplural.net\/site\/wp-json\/wp\/v2\/users\/1"}],"replies":[{"embeddable":true,"href":"https:\/\/debateplural.net\/site\/wp-json\/wp\/v2\/comments?post=40441"}],"version-history":[{"count":0,"href":"https:\/\/debateplural.net\/site\/wp-json\/wp\/v2\/posts\/40441\/revisions"}],"wp:featuredmedia":[{"embeddable":true,"href":"https:\/\/debateplural.net\/site\/wp-json\/wp\/v2\/media\/36819"}],"wp:attachment":[{"href":"https:\/\/debateplural.net\/site\/wp-json\/wp\/v2\/media?parent=40441"}],"wp:term":[{"taxonomy":"category","embeddable":true,"href":"https:\/\/debateplural.net\/site\/wp-json\/wp\/v2\/categories?post=40441"},{"taxonomy":"post_tag","embeddable":true,"href":"https:\/\/debateplural.net\/site\/wp-json\/wp\/v2\/tags?post=40441"}],"curies":[{"name":"wp","href":"https:\/\/api.w.org\/{rel}","templated":true}]}}