{"id":4083,"date":"2016-02-29T14:56:52","date_gmt":"2016-02-29T14:56:52","guid":{"rendered":"http:\/\/debateplural.com\/?p=4083"},"modified":"2016-06-23T14:01:37","modified_gmt":"2016-06-23T14:01:37","slug":"la-tregua-permitira-al-ejercito-sirio-reagruparse-se-acerca-el-fin-del-estado-islamico","status":"publish","type":"post","link":"https:\/\/debateplural.net\/site\/2016\/02\/29\/la-tregua-permitira-al-ejercito-sirio-reagruparse-se-acerca-el-fin-del-estado-islamico\/","title":{"rendered":"La tregua permitir\u00e1 al Ej\u00e9rcito sirio reagruparse: \u00bfSe acerca el fin del Estado Isl\u00e1mico?"},"content":{"rendered":"<div id=\"attachment_4084\" style=\"width: 715px\" class=\"wp-caption aligncenter\"><img loading=\"lazy\" decoding=\"async\" aria-describedby=\"caption-attachment-4084\" class=\"size-full wp-image-4084\" src=\"http:\/\/tripletecnologia.com\/website\/debateplural\/wp-content\/uploads\/2016\/02\/ejercito-gubernamental-sirio-1.jpg\" alt=\"Ejercito gubernamental sirio\" width=\"705\" height=\"397\" \/><p id=\"caption-attachment-4084\" class=\"wp-caption-text\">Ejercito gubernamental sirio<\/p><\/div>\n<p style=\"text-align:justify;\">Durante el alto el fuego, el Ej\u00e9rcito gubernamental podr\u00eda centrarse en la lucha contra el Estado Isl\u00e1mico si todas las partes respetan el acuerdo.<\/p>\n<p style=\"text-align:justify;\">Si el cese del fuego en <a href=\"http:\/\/localhost\/debateplural\/tag\/siria\">Siria<\/a> es respetado por las partes en conflicto, el Ej\u00e9rcito nacional podr\u00e1 reagruparse para centrarse en la lucha contra el Estado Isl\u00e1mico, opina el experto militar ruso Alex\u00e1nder Perendzh\u00edev en una entrevista para la agencia RIA Novosti.<!--more--><\/p>\n<p style=\"text-align:justify;\">\"El reagrupamiento del Ej\u00e9rcito sirio en una circunstancia de respeto al alto el fuego y el deseo de algunas fuerzas de la oposici\u00f3n de apoyar al presidente <a href=\"http:\/\/localhost\/debateplural\/tag\/bashar-al-asad\">Bashar Al Asad<\/a> en su lucha contra el terrorismo internacional puede ayudar a Siria a librarse definitivamente de la ocupaci\u00f3n del <a href=\"http:\/\/localhost\/debateplural\/tag\/estado-islamico\">Estado Isl\u00e1mico<\/a>\", dijo Perendzh\u00edev.<\/p>\n<p style=\"text-align:justify;\">Sin embargo, el analista se mostr\u00f3 algo esc\u00e9ptico acerca de que todas las partes respeten el alto el fuego de 14 d\u00edas, algo que, en su opini\u00f3n, ser\u00e1 una prueba definitiva para ellos.<\/p>\n<p style=\"text-align:justify;\">\"En Siria puede repetirse el escenario ya probado de socavar los acuerdos de Minsk sobre Ucrania por la parte ucraniana para despu\u00e9s echar la culpa de ello a<a href=\"http:\/\/localhost\/debateplural\/tag\/rusia\"> Rusia<\/a>\", se\u00f1al\u00f3.<\/p>\n<p style=\"text-align:justify;\">La semana pasada todas las localidades situadas en la carretera que une las ciudades de Alepo y Khanasir, en el norte del pa\u00eds, <a href=\"https:\/\/actualidad.rt.com\/actualidad\/200671-ejercito-sirio-retomar-carretera-clave-alepo\" target=\"_blank\" rel=\"up\">han sido retomadas<\/a>\u00a0por el Ej\u00e9rcito gubernamental sirio.\u00a0La carretera es la \u00fanica 'ruta vital' a trav\u00e9s de la cual se suministran alimentos, combustible y otros materiales b\u00e1sicos a Alepo.<\/p>\n","protected":false},"excerpt":{"rendered":"<p>Durante el alto el fuego, el Ej\u00e9rcito gubernamental podr\u00eda centrarse en la lucha contra el Estado Isl\u00e1mico si todas las partes respetan el acuerdo. Si el cese del fuego en Siria es respetado por las partes en conflicto, el Ej\u00e9rcito nacional podr\u00e1 reagruparse para centrarse en la lucha contra el Estado Isl\u00e1mico, opina el experto [&hellip;]<\/p>\n","protected":false},"author":1,"featured_media":7463,"comment_status":"open","ping_status":"open","sticky":false,"template":"","format":"standard","meta":{"footnotes":""},"categories":[14],"tags":[60,54,40,41],"class_list":["post-4083","post","type-post","status-publish","format-standard","has-post-thumbnail","hentry","category-internacionales","tag-bashar-al-asad","tag-estado-islamico","tag-rusia","tag-siria"],"_links":{"self":[{"href":"https:\/\/debateplural.net\/site\/wp-json\/wp\/v2\/posts\/4083"}],"collection":[{"href":"https:\/\/debateplural.net\/site\/wp-json\/wp\/v2\/posts"}],"about":[{"href":"https:\/\/debateplural.net\/site\/wp-json\/wp\/v2\/types\/post"}],"author":[{"embeddable":true,"href":"https:\/\/debateplural.net\/site\/wp-json\/wp\/v2\/users\/1"}],"replies":[{"embeddable":true,"href":"https:\/\/debateplural.net\/site\/wp-json\/wp\/v2\/comments?post=4083"}],"version-history":[{"count":1,"href":"https:\/\/debateplural.net\/site\/wp-json\/wp\/v2\/posts\/4083\/revisions"}],"predecessor-version":[{"id":7464,"href":"https:\/\/debateplural.net\/site\/wp-json\/wp\/v2\/posts\/4083\/revisions\/7464"}],"wp:featuredmedia":[{"embeddable":true,"href":"https:\/\/debateplural.net\/site\/wp-json\/wp\/v2\/media\/7463"}],"wp:attachment":[{"href":"https:\/\/debateplural.net\/site\/wp-json\/wp\/v2\/media?parent=4083"}],"wp:term":[{"taxonomy":"category","embeddable":true,"href":"https:\/\/debateplural.net\/site\/wp-json\/wp\/v2\/categories?post=4083"},{"taxonomy":"post_tag","embeddable":true,"href":"https:\/\/debateplural.net\/site\/wp-json\/wp\/v2\/tags?post=4083"}],"curies":[{"name":"wp","href":"https:\/\/api.w.org\/{rel}","templated":true}]}}