{"id":40992,"date":"2020-06-17T12:37:57","date_gmt":"2020-06-17T16:37:57","guid":{"rendered":"http:\/\/debateplural.com\/?p=40992"},"modified":"2020-06-17T12:37:57","modified_gmt":"2020-06-17T16:37:57","slug":"elecciones-del-3-de-noviembre-en-ee-uu","status":"publish","type":"post","link":"https:\/\/debateplural.net\/site\/2020\/06\/17\/elecciones-del-3-de-noviembre-en-ee-uu\/","title":{"rendered":"Elecciones del 3 de noviembre en EE.UU."},"content":{"rendered":"<p><a href=\"https:\/\/rebelion.org\/autor\/oscar-oramas-oliva\/\">Oscar Oramas Oliva<\/a> (Sin Permiso, 17-6-20)<\/p>\n<p>&nbsp;<\/p>\n<div>\n<p>Faltan cinco meses para las elecciones presidenciales en <a href=\"http:\/\/localhost\/debateplural\/tag\/estados-unidos\">Estados Unidos<\/a> y muchos eventos pueden tener lugar hasta esa fecha y m\u00e1s cuando se trata de un candidato presidencial tan ma\u00f1oso como Donald Trump, quien adem\u00e1s tiene como contrincante a un pol\u00edtico de escaso carisma como Joe Biden. Sin dudas estos son unos comicios de una gran importancia, por un sin n\u00famero de factores.<\/p>\n<\/div>\n<div id=\"cols\">\n<p>Donald Trump se retir\u00f3 del Tratado de Cielos Abiertos, un pacto de 1992 que permit\u00eda a los gobiernos firmantes realizar vuelos de observaci\u00f3n en los pa\u00edses miembros del tratado para asegurarse de que no estuvieran preparando ataques militares.<\/p>\n<p>Se ha producido la tercera renuncia del presidente estadounidense a un pacto de control de armas, pues ya se hab\u00eda salido del Acuerdo Nuclear de 2015 firmado con Ir\u00e1n y el Acuerdo Sobre Armas Nucleares de Alcance Intermedio (INF, por su sigla en ingl\u00e9s). Esto -sin mencionar algunos de los desplantes del republicano en otras \u00e1reas como la salida del Acuerdo de Par\u00eds- exhibe cu\u00e1n obstinada y peligrosa puede ser la pol\u00edtica exterior de Trump basada en \u201cEstados Unidos primero\u201d.<\/p>\n<p>El lanzamiento el 30 de mayo pasado de la nave Crew Dragon, del due\u00f1o de la compa\u00f1\u00eda Space X, Ilon Mask, hacia la Estaci\u00f3n Espacial Internacional (ISS), inici\u00f3 una nueva etapa en las relaciones de cooperaci\u00f3n en la esfera c\u00f3smica entre Mosc\u00fa y Washington. Hasta ahora, Estados Unidos compart\u00eda gastos con Rusia para trasladar tripulaciones a la ISS, naves de carga, lanzar cohetes para esas misiones y sat\u00e9lites. En los mejores momentos, Rusia recibi\u00f3 por ese concepto hasta 500 millones de d\u00f3lares anuales. Pero, Washington se sale de ese esquema y reanuda la pr\u00e1ctica de que cada parte sufraga sus gastos. El presidente Donald Trump ha alimentado el escenario de tensi\u00f3n pol\u00edtica con China\u00a0 y Rusia con su salida de pactos de control de armas. Quiero decir que, la carrera armamentista est\u00e1 en desarrollo nuevamente.<\/p>\n<p><a href=\"http:\/\/localhost\/debateplural\/wp-content\/uploads\/2018\/10\/Midterm-EEUU1-580x330.jpg\"><img loading=\"lazy\" decoding=\"async\" class=\"alignnone size-full wp-image-28651\" src=\"http:\/\/localhost\/debateplural\/wp-content\/uploads\/2018\/10\/Midterm-EEUU1-580x330.jpg\" alt=\"\" width=\"580\" height=\"330\" srcset=\"https:\/\/debateplural.net\/site\/wp-content\/uploads\/2018\/10\/Midterm-EEUU1-580x330.jpg 580w, https:\/\/debateplural.net\/site\/wp-content\/uploads\/2018\/10\/Midterm-EEUU1-580x330-300x171.jpg 300w\" sizes=\"(max-width: 580px) 100vw, 580px\" \/><\/a><\/p>\n<p>La l\u00ednea motriz de la pol\u00edtica exterior de Trump, como el declar\u00f3 al inicio de su mandato, ha estado regida por la satisfacci\u00f3n de los intereses estadounidenses, \u00a8 America First\u00a8, sin tomar en consideraci\u00f3n ni a los aliados, ni las leyes y practicas establecidas en el marco de los Organismos de Naciones Unidas. Ha sido una constante el actuar en el campo internacional, sin respetar ninguna norma y el imponer desembozadamente la posici\u00f3n de Estados Unidos, ejemplo de ello es la pol\u00edtica prepotente y criminal contra Venezuela, Cuba, Iran, entre otros. Esta Administraci\u00f3n ha pasado de la globalizaci\u00f3n a cierto aislamiento.<\/p>\n<p>El brutal asesinato de un hombre negro por parte de la polic\u00eda en Minneapolis, el 26 de mayo de 2020,\u00a0 provoc\u00f3 ha provocado la amenaza del presidente Donald Trump de sacar las tropas militares a las calles en las ciudades estadounidenses, bajo el amparo de la Ley de Insurrecci\u00f3n de 1807. Trump pretendi\u00f3 desplegar al ej\u00e9rcito para reprimir a los manifestantes que se mantienen en las calles desde hace m\u00e1s de una semana. El Pent\u00e1gono ha reaccionado en contra de esta medida, pero Trump insisti\u00f3 en ejecutarla, y finalmente se lo impidi\u00f3 la posici\u00f3n de altos cargos castrenses y otros oficiales retirados.<\/p>\n<p>George Floyd estaba desempleado cuando fue detenido capturado y asesinado por los agentes policiacos al recibir una denuncia en su contra por falsificaci\u00f3n de un billete de 20 d\u00f3lares. Floyd estaba contagiado de coronavirus, como lo revel\u00f3 el informe completo sobre su autopsia. Un estremecedor video mostr\u00f3 como fue asesinado a trav\u00e9s de una rodilla del polic\u00eda blanco\u00a0 Dereck Chauvin, oprimiendo el cuello de su v\u00edctima, y quien solo alcanzo a decir \u00a8No puedo respirar\u00a8. Otros tres agentes est\u00e1n alli, apoyando a su colega. Dicho polic\u00eda est\u00e1 hoy bajo fianza. Esa \u00abbanalidad del mal\u00bb, como dec\u00eda Hannah Arendt<a href=\"https:\/\/rebelion.org\/elecciones-del-3-de-noviembre-en-ee-uu\/#_ftn1\">[1]<\/a>, a\u00f1ado, inspira rabia y alimenta el rencor acumulado.<\/p>\n<p>Desde que el COVID-19 se elev\u00f3 a categor\u00eda de pandemia y concentra la atenci\u00f3n de gobiernos y organismos en todo el mundo, en Estados Unidos la tasa de desempleo podr\u00eda alcanzar el 25%, mientras que los contagios y muertes relacionados al virus crecen de manera escalofriante: de cerca de 2 millones \u00a0casos y m\u00e1s de 114 mil fallecidos.<\/p>\n<p><a href=\"http:\/\/localhost\/debateplural\/wp-content\/uploads\/2018\/10\/promo-javi.jpg\"><img loading=\"lazy\" decoding=\"async\" class=\"alignnone size-full wp-image-28270\" src=\"http:\/\/localhost\/debateplural\/wp-content\/uploads\/2018\/10\/promo-javi.jpg\" alt=\"\" width=\"1420\" height=\"800\" srcset=\"https:\/\/debateplural.net\/site\/wp-content\/uploads\/2018\/10\/promo-javi.jpg 1420w, https:\/\/debateplural.net\/site\/wp-content\/uploads\/2018\/10\/promo-javi-300x169.jpg 300w, https:\/\/debateplural.net\/site\/wp-content\/uploads\/2018\/10\/promo-javi-768x433.jpg 768w, https:\/\/debateplural.net\/site\/wp-content\/uploads\/2018\/10\/promo-javi-1024x577.jpg 1024w, https:\/\/debateplural.net\/site\/wp-content\/uploads\/2018\/10\/promo-javi-810x456.jpg 810w, https:\/\/debateplural.net\/site\/wp-content\/uploads\/2018\/10\/promo-javi-1140x642.jpg 1140w\" sizes=\"(max-width: 1420px) 100vw, 1420px\" \/><\/a><\/p>\n<p>El fiscal general de EE.UU., William Barr, contradijo al presidente Donald Trump al declarar a Fox News que las verdaderas razones de la visita del mandatario al b\u00fanker de seguridad de la Casa Blanca, en medio de las protestas por la muerte de George Floyd a manos de un polic\u00eda, distan de las que Trump mencion\u00f3 en p\u00fablico. \u00abLas cosas estaban tan mal que el Servicio Secreto recomend\u00f3 que el presidente bajara al b\u00fanker. No podemos tener eso en nuestro pa\u00eds\u00bb, dijo Barr a un presentador del canal. Trump, por su parte, explic\u00f3 en su momento que fue al b\u00fanker subterr\u00e1neo el 29 de mayo para una breve \u00abinspecci\u00f3n\u00bb y asegur\u00f3 que las informaciones de que lo hab\u00edan llevado ah\u00ed \u00abfueron reportes falsos\u00bb. \u00bfPor qu\u00e9 se preocup\u00f3 el servicio secreto?<\/p>\n<p>Ese disturbio o agitaci\u00f3n durante los \u00faltimos 12 d\u00edas son tal vez las protestas m\u00e1s amplias en la historia de Estados Unidos, seg\u00fan algunos c\u00e1lculos iniciales, con acciones registradas en m\u00e1s de 600 ciudades en los 50 estados y la capital del pa\u00eds, report\u00f3 el Washington Post, seg\u00fan el periodista David Brooks<a href=\"https:\/\/rebelion.org\/elecciones-del-3-de-noviembre-en-ee-uu\/#_ftn2\">[2]<\/a>\u00a0No se recuerdan acciones de masas semejantes, por problemas desde la adopci\u00f3n de la ley sobre los Derechos Civiles en 1964<a href=\"https:\/\/rebelion.org\/elecciones-del-3-de-noviembre-en-ee-uu\/#_ftn3\">[3]<\/a>.<\/p>\n<p>En Nueva York hubo m\u00e1s de una docena de marchas, una de ellas fue encabezada por maestros que caminaron desde el sur de Manhattan a Washington Square, para ah\u00ed fusionarse con otras \u2013una se nombr\u00f3\u00a0<strong><em>La marcha por los sue\u00f1os robados y las vidas saqueadas<\/em><\/strong>\u2013En Seattle, una marcha encabezada por trabajadores de la salud llevaban pancartas en las que se le\u00eda:\u00a0<strong><em>El racismo es una emergencia de salud p\u00fablica<\/em><\/strong>. Este sector se ha solidarizado con la protesta en varias ciudades del pa\u00eds en d\u00edas recientes. La clase pol\u00edtica, desde legisladores federales y locales hasta alcaldes se sumaron. La alcaldesa de Washington, Muriel Browser, march\u00f3 con los manifestantes y declar\u00f3 en referencia a Donald Trump:\u00a0<em>Hoy decimos que no, en noviembre decimos el que sigue<\/em>.<\/p>\n<p>Mark Esper, secretario de defensa de\u00a0EE.UU.\u00a0manifest\u00f3 sus diferencias con\u00a0Donald Trump, respecto a la utilizaci\u00f3n del ej\u00e9rcito para la contenci\u00f3n de las manifestaciones de calle en EE.UU. Seg\u00fan Esper, las fuerzas armadas se movilizan en estos casos de acuerdo a la\u00a0Ley de insurrecci\u00f3n\u00a0y\u00a0<em>\u00abs\u00f3lo debe usarse como un\u00a0\u00faltimo recurso\u00a0y s\u00f3lo en las situaciones m\u00e1s urgentes y extremas\u00bb.<\/em>\u00a0Algunos comentaristas han se\u00f1alado que estas son las manifestaciones m\u00e1s grandes despu\u00e9s del asesinato de Martin Luther King<a href=\"https:\/\/rebelion.org\/elecciones-del-3-de-noviembre-en-ee-uu\/#_ftn4\">[4]<\/a>, el m\u00e1s destacado de los l\u00edderes negros que arranc\u00f3 al sistema concesiones sustantivas a escala social.<\/p>\n<p>Seg\u00fan la analista, espa\u00f1ola\u00a0Arantxa Tirado esto refleja las divisiones internas del llamado \u201cestablishment\u201d estadounidense, quien a su vez se\u00f1ala que estas tropas del ej\u00e9rcito est\u00e1n preparadas para el uso de la fuerza letal contra adversarios extranjeros.\u00a0<em>Por otra parte, se\u00f1ala que el\u00a0<strong>40%<\/strong>\u00a0del personal activo y en reserva de la fuerza militar federal\u00a0<strong>es afroamericano<\/strong>, situaci\u00f3n que pudiera ser preocupante para el Pent\u00e1gono frente a una coyuntura desatada por el\u00a0<\/em><em>racismo estructural<\/em><em>\u00a0enquistado a lo interno del modelo pol\u00edtico de EE.UU<a href=\"https:\/\/rebelion.org\/elecciones-del-3-de-noviembre-en-ee-uu\/#_ftn5\">[5]<\/a>.<\/em><\/p>\n<p>\u00a8El magnate Trump, no s\u00f3lo est\u00e1 en campa\u00f1a pol\u00edtica reeleccionista (para las pr\u00f3ximas elecciones presidenciales), sino, en alguna medida, comprende que su Imperio y emporio se encuentra en una persistente crisis moral\/intelectual dentro y fuera de Estados Unidos. Sabe que el mundo unipolar se difumina anunciando un mundo multic\u00e9ntrico<a href=\"https:\/\/rebelion.org\/elecciones-del-3-de-noviembre-en-ee-uu\/#_ftn6\">[6]<\/a>\u00a8. Interesante reflexi\u00f3n del periodista e investigador Ollantay Itzamn\u00e1.<\/p>\n<p><em>Carol Anderson profesora de estudios afroamericanos de Carles Howard Candler en la Universidad Emory (Atlanta) y autora de White Rage: The Unspoken Truth of Our Racial Divide ha declarado que:\u00a0<\/em>El comportamiento de Barr<a href=\"https:\/\/rebelion.org\/elecciones-del-3-de-noviembre-en-ee-uu\/#_ftn7\">[7]<\/a>\u00a0resulta muy parecido al de Palmer. Igual que su predecesor, el actual fiscal general ha\u00a0pasado por alto en gran medida el asesinato ininterrumpido de personas negras a manos de agentes de polic\u00eda y de vigilantes. Tambi\u00e9n ha olvidado las causas fundamentales de los actuales levantamientos: el rechazo absoluto por parte de las instituciones estadounidenses a abordar la violencia y el resto de condicionamientos que arrinconan a los negros a una vida en la que no se puede respirar.<\/p>\n<p>El periodista David Brooks, desde Nueva York se\u00f1alaba que,\u00a0 el torbellino de ataques, despidos y acusaciones que diariamente provienen de la Casa Blanca \u2013en particular contra cualquier cr\u00edtica al manejo pol\u00edtico de la pandemia que ha desatado la crisis de salud p\u00fablica y econ\u00f3mica\u2013 se ha intensificado como parte de la ofensiva electoral, repitiendo las t\u00e1cticas sucias que ayudaron a llevar a Donald Trump a la presidencia en la pugna electoral de 2016.<\/p>\n<p>A finales de la semana del 6 de junio,\u00a0 el presidente despidi\u00f3 al inspector general del Departamento de Estado, quien aparentemente estaba investigando una venta de armas sofisticadas a Arabia Saudita promovida por el secretario de Estado, Mike Pompeo, as\u00ed como su uso inapropiado de subordinados para hacer tareas personales. En abril, Trump despidi\u00f3 al inspector general del Departamento de Defensa y despu\u00e9s a su contraparte en la comunidad de Inteligencia.<\/p>\n<p>Ninguna de las expresiones racistas del presente son tan significativas y peligrosas como la violencia policial y la parcialidad judicial que las justas protestas y contundentes manifestaciones de rebeld\u00eda que hoy conmueven a la sociedad estadounidense, aparecen contaminadas por innecesarias acciones vand\u00e1licas que las demeritan. Protestas en las que han participado negros, blancos, latinos, lo que refleja que la consigna,\u00a0<strong><em>suficiente es suficiente<\/em><\/strong>, y que las mismas van m\u00e1s all\u00e1 de la lucha por la igualdad racial. Las manifestaciones que en estos d\u00edas se realizan en Estados Unidos, demuestran un despertar en la conciencia ciudadana, dormida desde las protestas masivas contra la guerra imperialista en Vietnam, se\u00f1alo el analista Arturo Gonz\u00e1lez en el art\u00edculo La Primavera yanqui.<\/p>\n<p>Algunos hablan de que la Am\u00e9rica de los negros ya llego a su l\u00edmite y exigen m\u00e1s que reformas de los departamentos de polic\u00eda. El racismo sist\u00e9mico ha sido embestido, cre\u00e1ndose una crisis muy seria, cuando de manera consistente, ha ido aumentado la frustraci\u00f3n contra las elites.<\/p>\n<p>El desbordamiento de las protestas ha sustituido a la pandemia de COVID-19 como el eje de gravedad del conflicto en Estados Unidos. Trump ven\u00eda mostrando una p\u00e9sima y err\u00e1tica gesti\u00f3n de la emergencia sanitaria, desplegando una narrativa anti-China y endureciendo los ataques contra Venezuela con el prop\u00f3sito de distraer a la opini\u00f3n p\u00fablica.\u00a0 Ahora ha cambiado la ecuaci\u00f3n y las prioridades del tablero pol\u00edtico. Trump aprovecha el escenario de inestabilidad para sustituir el caos de la pandemia que ha dejado su p\u00e9sima gesti\u00f3n por el caos generado por los manifestantes.<\/p>\n<p>Donald Trump, dado a utilizar cualquier subterfugio, seg\u00fan public\u00f3 la agencia (ANSA), el 31 de mayo pospone finalmente la cumbre de mandatarios del G-7<a href=\"https:\/\/rebelion.org\/elecciones-del-3-de-noviembre-en-ee-uu\/#_ftn8\">[8]<\/a>, que quer\u00eda realizar de modo presencial a fines de junio en la Casa Blanca, convencido de que no habr\u00eda \u00abmejor ejemplo de reapertura\u00bb y de volver a la normalidad despu\u00e9s del largo t\u00fanel de la pandemia. La Canciller alemana, Angela Merkel, sin embargo, puso las manos sobre el volante rechazando la invitaci\u00f3n, oficialmente por las preocupaciones relacionadas con la emergencia Covid-19.<\/p>\n<p>Adem\u00e1s, el presidente franc\u00e9s Emmanuel Macron tambi\u00e9n plante\u00f3 la posibilidad de no participar sin Merkel, y entonces el magnate republicano decidi\u00f3 posponer la cumbre. Sin embargo, la verdadera sorpresa anunciada por el magnate fue su intenci\u00f3n de invitar a Rusia, Corea del Sur, India y Australia, transformando al G-7 en un fantasmal G-11. \u00abNo creo que el G-7 represente adecuadamente lo que est\u00e1 sucediendo en el mundo, es un grupo de pa\u00edses muy obsoleto\u00bb, fue la explicaci\u00f3n del presidente, quien dijo que hab\u00eda abordado el tema \u00abaproximadamente\u00bb con los l\u00edderes de estas naciones (que ya forman parte del G-20). Pero uno de sus asesores explic\u00f3 que la idea es ampliar el frente contra China, que se ha convertido en el rival n\u00famero uno de Estados Unidos.<\/p>\n<p>Como puede apreciarse la pol\u00edtica contra China, seg\u00fan la pol\u00edtica de Seguridad Nacional vigente, es una prioridad en la agenda de la actual Administraci\u00f3n norteamericana.<\/p>\n<p>Muchos analistas plantean que Donald Trump tiene una base social muy s\u00f3lida, entre los \u00a8white anglo-sax\u00f3n\u00bb y el ensayista Jes\u00fas Arboleya en fecha reciente se\u00f1al\u00f3 que: \u00a8la mayor\u00eda de sus seguidores sabe que miente o se equivoca, lo que ocurre es que no les importa, porque suponen que les conviene. En esta hipocres\u00eda, radica el sustento del fanatismo hacia el magnate neoyorquino\u00a8 A ellos va dirigido \u00a8America First\u00a8, cultivando los sentimientos chauvinistas, de esos autoproclamados descendientes de las tribus perdidas de Israel y la raza blanca escogidos por Dios, para salvar a la Humanidad. Ese grupo representa alrededor del 40% del electorado y son una minor\u00eda, pero compacta y votan de manera consistente, por lo que son una verdadera fuerza pol\u00edtica. Una parte de las iglesias evang\u00e9licas han servido de punto de confluencia pol\u00edtica e inspiraci\u00f3n ideol\u00f3gica de estas personas, dando forma a un movimiento supremacista y\u00a0 chovinista<a href=\"https:\/\/rebelion.org\/elecciones-del-3-de-noviembre-en-ee-uu\/#_ftn9\">[9]<\/a>.<\/p>\n<p>En cada elecci\u00f3n desde 1972 el Partido Republicano ha recibido alrededor de un tercio del voto latino en Estados Unidos, y en la presidencial de este a\u00f1o, cuando su peso es crucial en estados decisivos, los dem\u00f3cratas pueden equivocarse si dan por segura su mayor\u00eda, seg\u00fan el historiador Geraldo Cadava, report\u00f3 la agencia EFE el 8 de junio.<\/p>\n<p>El autor del libro \u00abThe Hispanic Republican: The Shaping of an American Political Identity, from Nixon to Trump\u00bb, publicado recientemente, dijo a EFE en una entrevista que, en el curso de la investigaci\u00f3n en 2013 para otro libro (\u00abStanding on Common Ground\u00bb) sobre la frontera de EEUU con M\u00e9xico, le sorprendi\u00f3 conocer la solidez de esa lealtad de los latinos hacia el Partido Republicano. \u00abLa inmigraci\u00f3n sigue siendo un asunto que preocupa a los latinos republicanos pero ellos son muy parecidos al resto de los republicanos preocupados por la econom\u00eda, los empleos, la educaci\u00f3n y el orden p\u00fablico\u00bb, explic\u00f3 Cadava.<\/p>\n<p>Trump, quien en 2016 recibi\u00f3 el 29 % del voto latino, \u00abest\u00e1 actuando con astucia: culpa a China por el coronavirus y ha permitido que la Administraci\u00f3n de Peque\u00f1as Empresas (SBA, en ingl\u00e9s) otorgue pr\u00e9stamos sin precedentes a todos los due\u00f1os de empresas, muchos de los cuales son latinos\u00bb. \u00abY las protestas de las \u00faltimas semanas encajan dentro de la visi\u00f3n conservadora acerca de la necesidad de imponer \u2018ley y orden\u2019, una postura que Trump ha adoptado\u00bb, se\u00f1al\u00f3 Cadava.<\/p>\n<p>Los ex presidentes Carter, George Bush, Bill Clinton y Barack Obama han hecho declaraciones contrarias al uso de las fuerzas militares estadounidenses, para acabar con las protestas en las calles del pa\u00eds. Algunos como Obama han planteado que Trump est\u00e1 dividiendo al pa\u00eds.<\/p>\n<p>Tambien varios altos cargos militares retirados han expresado su desacuerdo con\u00a0 el anuncio de Trump de desplegar\u00a0 el ej\u00e9rcito para sofocar las protestas callejeras.\u00a0 Russia Today se\u00f1ala el 7 de junio que,el ex secretario de Estado\u00a0 de la Administraci\u00f3n de George W. Bush afirm\u00f3 que Trump \u00abmiente\u00bb e inform\u00f3 que \u00e9l est\u00e1 \u201cmuy cerca\u00bb del dem\u00f3crata Biden en lo referente a asuntos sociales y pol\u00edticos. El presidente de EE.UU., Donald Trump, arremeti\u00f3 contra Colin Powell, quien se hab\u00eda pronunciado a favor de votar por el rival de Trump, el dem\u00f3crata Joe Biden, en las pr\u00f3ximas presidenciales. Por su parte, James Mattis<a href=\"https:\/\/rebelion.org\/elecciones-del-3-de-noviembre-en-ee-uu\/#_ftn10\">[10]<\/a>. Ex secretario de defensa se opuso al empleo de tropas en la presente circunstancia as\u00ed como Mark Milley, actual Jefe del Estado Mayor Conjunto,\u00a0 y otros prestigiosos militares en retiro, quienes seguramente reflejaban las opiniones de los que en activo, se ven compelidos a acatar las \u00f3rdenes.<\/p>\n<p>Muy atrayente y pleno de significado el titular que dec\u00eda: La rebeli\u00f3n de las alcaldesas negras de Estados Unidos, en protesta por el asesinato de George Floyd. Es digno de consideraci\u00f3n y reflexi\u00f3n que en estas protestas, los negros norteamericanos no han estado solos y a ellos se han unido blancos, y personas de distintos sectores sociales y hasta intelectuales de mucho prestigio. Muchas son las personalidades de Hollywood que se han significado en favor del movimiento Black Lives Matter y que han condenado la postura adoptada por\u00a0 Donald Trump. No solo luchan por la igualdad racial, como plantea el\u00a0<strong>Black Lives Matter<\/strong>, si no que tambi\u00e9n se aprecia\u00a0 una gran ira, rencor y odio hacia las instituciones.<\/p>\n<p>El 8 de junio, el diario\u00a0<em>La Prens<\/em>a de Washington se\u00f1al\u00f3 que<strong>,\u00a0<\/strong>el ex vicepresidente Joe Biden supera hasta por 12 puntos porcentuales al presidente Donald Trump en las encuestas nacionales por la Presidencia de los Estados Unidos.\u00a0 En el \u00faltimo mes diversos sondeos nacionales marcan una ventaja clara del dem\u00f3crata \u2013quien recientemente logr\u00f3 los delegados necesarios para su candidatura\u2013 sobre el actual mandatario, en medio del temor de republicanos sobre perder el Senado, indica El Diario, de Nueva York.\u00a0 No se trata de que Biden sea una candidato estelar, pero si de un descontento que ha ido incresendo producto de determinadas pol\u00edticas de Trump. Pero siempre hay que tener presente que en Estados Unidos, los que eligen al Presidente son los votos\u00a0 electorales.<\/p>\n<p>El m\u00e1s reciente estudio fue realizado por EPIC-MIRA y revela que Biden supera por 12 puntos porcentuales al presidente Trump. Ese\u00a0 resultado no est\u00e1 lejos de un sondeo nacional hecho por Whitman Insight\u00a0 Strategies que apunt\u00f3 una ventaja de 10 puntos porcentuales para Biden, al obtener 53% del apoyo de votantes contra 43% del presidente Trump. Hay que se\u00f1alar que la base electoral que apoya a Trump, no importa lo que diga o haga, continua apoy\u00e1ndolo.<\/p>\n<p>El 3 de junio, Monmouth University marc\u00f3 11 puntos porcentuales de ventaja para Biden, quien logr\u00f3 52% en ese sondeo contra el 41% del presidente Trump. Ante esa situaci\u00f3n, algunos medios se\u00f1alan que hay preocupaci\u00f3n dentro del equipo de campa\u00f1a de Donald Trump, pues las encuestas internas indican una ca\u00edda entre los independientes tras el asesinato de George Floyd y la crisis del coronavirus, seg\u00fan public\u00f3 la agencia Ansa desde Nueva York, el 8 de junio.<\/p>\n<p>En este momento no se vislumbra una luz y todo parece indicar que el mensaje de \u00abley y orden\u00bb de Trump no resuena en el electorado. Adem\u00e1s, dicen los analistas, el presidente tiene un problema real con las mujeres, que parecen haberlo descartado en masa. Seg\u00fan los rumores reportados por el portal Axios, los asesores de campa\u00f1a del presidente est\u00e1n buscando un mensaje nuevo y m\u00e1s positivo, un nuevo tema que vaya m\u00e1s all\u00e1 y tenga el mismo \u00e9xito que \u00abMAFA\u00bb, el legendario \u00abMake America Great Again\u00bb o sea \u00abHacer a Estados Unidos grande otra vez\u00bb.<\/p>\n<p>En estas circunstancias, lograr que los que regularmente no votan, acudan a las urnas, es tarea esencial de los dem\u00f3cratas y de las fuerzas que quieren impedir la reelecci\u00f3n de Trump.<\/p>\n<p>Las acusaciones de Mike Pompeo contra China, sin duda, han cruzado la l\u00ednea de fondo de la diplomacia moderna, afirma un editorial de Global Times del 8 de junio.\u00a0 El peri\u00f3dico chino responde en su secci\u00f3n editorial a un comentario del secretario de Estado Mike Pompeo en el que acus\u00f3 a China de explotar la muerte de George Floyd y compar\u00f3 la pol\u00edtica de Beijing hacia Hong Kong como un comportamiento de la Alemania nazi de la Segunda Guerra Mundial.<\/p>\n<p>El jefe editorial del diario, Hu Xijin, defiende que los funcionarios chinos se han limitado a hablar sobre las protestas antirraciales en EEUU, sin declarar su apoyo a los manifestantes. \u201cEsto es un fuerte contraste con lo que Estados Unidos ha estado haciendo en t\u00e9rminos de los asuntos chinos de Hong Kong\u201d.<\/p>\n<p>En medio de los se\u00f1alamientos de que la Administraci\u00f3n no ha sido capaz de presentar un plan realista para enfrentar la pandemia, que ha afectado seriamente al pa\u00eds, La Fundaci\u00f3n Rockefeller, hist\u00f3ricamente vinculada al Estado federal estadounidense, \u200eacaba de presentar un plan nacional para controlar la epidemia de coronavirus. Propone \u200eaplicar an\u00e1lisis de b\u00fasqueda del virus a 30 millones de personas cada d\u00eda. El Estado \u200ecorrer\u00eda con los gastos y los estadounidenses ser\u00edan sometidos a un estricto control \u200emilitar.<\/p>\n<p>Ese plan, a pesar de su t\u00edtulo, no plantea simplemente medidas sanitarias. Varias de las m\u00e1s \u200eprestigiosas universidades \u2013como Harvard, Yale y Johns Hopkins\u2013 participaron en su elaboraci\u00f3n y \u200ees el preludio de un verdadero modelo social jerarquizado y militarizado. En la cumbre\u2026 el \u200e\u200e\u201dConsejo de Control de la Pandemia, an\u00e1logo al Consejo de Producci\u00f3n de Guerra que \u200eEstados Unidos cre\u00f3 durante la Segunda Guerra Mundial\u201d. \u200e<\/p>\n<p>El coronavirus que est\u00e1 generando muchos padecimientos sociales, econ\u00f3micos y laborales se ha convertido en el mundo perfecto para los gigantes de internet. El \u00edndice de multimillonarios de Bloomberg revel\u00f3 que las 500 personas m\u00e1s ricas del mundo perdieron 553.000 millones de d\u00f3lares en el primer cuatrimestre del a\u00f1o, mientras que se increment\u00f3 la fortuna de los accionistas de las plataformas de internet dominantes. Alphabet (el conglomerado que contiene a Google), Apple, Microsoft, Amazon, Netflix y Facebook han aumentado sus ganancias y el valor de capitalizaci\u00f3n burs\u00e1til<a href=\"https:\/\/rebelion.org\/elecciones-del-3-de-noviembre-en-ee-uu\/#_ftn11\">[11]<\/a>.<\/p>\n<p>Un periodista\u00a0 de The Atlantic Online, Thomas Wright<a href=\"https:\/\/rebelion.org\/elecciones-del-3-de-noviembre-en-ee-uu\/#_ftn12\">[12]<\/a>, detalla como el mandatario estadounidense se enfrenta a la crisis sanitaria, econ\u00f3mica y social, adem\u00e1s de explicar las contradicciones en pol\u00edtica exterior y titula su art\u00edculo, \u00abHemos entrado en la fase final de la era Trump\u00bb. \u00bfSer\u00e1n solo los deseos del escritor o un an\u00e1lisis profundo de la realidad actual de Estados Unidos? Se\u00f1ala que durante tres a\u00f1os Trump sali\u00f3 a flote, al menos ante los ojos de los republicanos, impulsado por la fuerte econom\u00eda heredada de su predecesor, que inclu\u00eda, entre muchos elementos, nombramientos judiciales, desregulaci\u00f3n y la anulaci\u00f3n del acuerdo nuclear con Ir\u00e1n.<\/p>\n<p>El Banco Mundial anuncia el 8 de junio que\u00a0 un \u00abimpacto s\u00fabito y generalizado\u00bb de la pandemia de coronavirus en la econom\u00eda mundial.<\/p>\n<p>\u00abLa peor recesi\u00f3n desde la Segunda Guerra Mundial\u00bb: La econom\u00eda global se contraer\u00e1 m\u00e1s del 5 % este a\u00f1o. El Banco Mundial ha anunciado este lunes que el producto interno bruto (PIB) global se reducir\u00e1 un 5,2 % este a\u00f1o. El descenso responde a la suspensi\u00f3n de actividades que se adopt\u00f3 para contener el avance de la pandemia a nivel internacional.<\/p>\n<p>Seg\u00fan la edici\u00f3n de junio de 2020 del informe Perspectivas Econ\u00f3micas Mundiales de la instituci\u00f3n financiera, esta disminuci\u00f3n ser\u00eda \u00abla peor recesi\u00f3n desde la Segunda Guerra Mundial\u00bb. Adem\u00e1s, los expertos se\u00f1alaron que es \u00abla primera vez desde 1870 en que tantas econom\u00edas experimentar\u00edan una disminuci\u00f3n del producto per c\u00e1pita\u00bb. En este sentido, se vaticina que el ingreso que recibe, en promedio, cada uno de los habitantes de un pa\u00eds bajar\u00eda un 3,6 %, lo que empujar\u00eda a millones de personas a la pobreza extrema durante este a\u00f1o. \u00abEsta es una perspectiva profundamente aleccionadora, con la posibilidad de que la crisis deje cicatrices duraderas y plantee importantes desaf\u00edos mundiales\u00bb, se\u00f1al\u00f3 la vicepresidenta de Crecimiento Equitativo del organismo, Ceyla Pazarbasioglu.<\/p>\n<p>Por otra parte, el Banco Mundial prev\u00e9 que la actividad de las econom\u00edas avanzadas se contraer\u00e1 un 7 % en 2020. Asimismo, se espera que los mercados emergentes y las econom\u00edas en desarrollo se contraigan un 2,5 % durante este periodo, reflejando \u00absu primera contracci\u00f3n como grupo en al menos 60 a\u00f1os\u00bb. Asimismo, la instituci\u00f3n internacional advirti\u00f3 que Am\u00e9rica Latina, Europa y Asia Central enfrentan riesgos de \u00abefectos indirectos globales\u00bb debido a la gran dependencia del comercio, el turismo y los productos b\u00e1sicos.<\/p>\n<p>De acuerdo a las previsiones del Banco Mundial, \u00ablas repercusiones negativas\u00bb a nivel global \u00abperder\u00e1n intensidad durante la segunda mitad del a\u00f1o\u00bb. El informe considera que el crecimiento econ\u00f3mico repuntar\u00eda un 4,2 % en 2021. Sin embargo, la instituci\u00f3n aclar\u00f3 que \u00ablas perspectivas son sumamente inciertas y predominan los riesgos de que la situaci\u00f3n empeore\u00bb, tomando en cuenta la posibilidad de que el brote de covid-19 contin\u00fae por m\u00e1s tiempo. Bajo esta premisa, la econom\u00eda mundial incluso podr\u00eda contraerse hasta un 8 % este a\u00f1o.<\/p>\n<p>Donald Trump ha llevado los presupuestos militares a los niveles hist\u00f3ricos m\u00e1s altos y les ha dado m\u00e1s poder a los comandantes militares en el terreno<a href=\"https:\/\/rebelion.org\/elecciones-del-3-de-noviembre-en-ee-uu\/#_ftn13\">[13]<\/a>, y otros cr\u00edticos se\u00f1alan que hay demasiados oficiales militares retirados en posiciones claves en la Casa Blanca. Y hasta se han escrito sobre Trump y sus generales<a href=\"https:\/\/rebelion.org\/elecciones-del-3-de-noviembre-en-ee-uu\/#_ftn14\">[14]<\/a>. Pero tambi\u00e9n se ha hablado de las desavenencias entre Trump y los l\u00edderes del Pent\u00e1gono, por ejemplo en lo que respecta a Siria,\u00a0 Corea y hasta la Nato. El \u00faltimo ataque de Trump contra Collins Power con relaci\u00f3n a Iraq, no creo que fuera del agrado de los c\u00edrculos militares.<\/p>\n<p>Ocho de cada diez estadounidenses creen que el pa\u00eds est\u00e1 fuera de control encuesta de NBC y Wall Street Journal del 7 de junio, la mayor\u00eda de los consultados no conf\u00eda en la capacidad de Trump para afrontar la pandemia y reflotar la econom\u00eda. El 63 % de los consultados confiesa muy o algo preocupados por poder infectarse, ellos o sus familiares de coronavirus. Pesimista para una recuperaci\u00f3n de la econom\u00eda este a\u00f1o y cuestiona la capacidad del presidente Trump para unificar el pa\u00eds.<\/p>\n<p>Tambi\u00e9n la viuda del senador John McCain, Cindy, votar\u00e1 por el candidato dem\u00f3crata, y otros est\u00e1n tentados de hacerlos. Joe Biden lo sabe y piensa en el nacimiento de una coalici\u00f3n \u00abRepublicans for Biden\u00bb que podr\u00edan darle un impulso decisivo hacia la victoria en las pr\u00f3ximas elecciones. Entre los indecisos hay muchas personalidades de renombre como los ex presidentes de la C\u00e1mara de los Representantes, John Boehner y Paul Ryan, la ex secretaria de Estado Condoleezza Rice, el ex senador Jeff Flake. Crece la fronda tambi\u00e9n en el Senado, donde muchos apoyan las cr\u00edticas hechas por el ex Jefe del Pent\u00e1gono James Mattis y por el exjefe del staff de la Casa Blanca John Kelly. Pero todos tienen que hacer las cuentas con un dato: para Gallup, que d\u00eda a d\u00eda monitorea la popularidad del presidente, el grado de aprobaci\u00f3n para Trump dentro del partido republicano se mantiene por encima del 90%., ha reportado la agencia (ANSA).<\/p>\n<p>Congresistas dem\u00f3cratas se arrodillaron en honor a George Floyd y presentaron un proyecto de ley para una reforma policial, lo que permitir\u00e1 enjuiciar a oficiales con mala conducta y las familias de las victimas\u00a0 podr\u00edan solicitar indemnizaciones.\u00a0 La presidenta del congreso Nancy Pelosi, l\u00edder del Partido Dem\u00f3crata y\u00a0 el l\u00edder de la minor\u00eda en el senado, Chuck Shumer, as\u00ed como unos 20 parlamentarios,\u00a0 incluidos varios negros se reunieron en el\u00a0 \u00a8Sal\u00f3n de la Emancipaci\u00f3n\u00a8, para el homenaje, este 9 de junio. Pero es preciso cambiar el significado de la dignidad humana en ese pa\u00eds, y todo aquello que contribuya a la desigualdad racial en el imaginario de las personas.<\/p>\n<p>Nuevos videos vuelven a mostrar el uso excesivo de la fuerza de parte de la polic\u00eda estadounidense. El \u00faltimo, tomado el 28 de marzo de 2019, pero difundido solo ahora, fue tomado por la c\u00e1mara corporal de un polic\u00eda de Austin (Texas). Muestra a un hombre negro de 40 a\u00f1os, Javier Ambler, mientras es arrestado por no haberse detenido al \u00abalto\u00bb de la polic\u00eda. Tras una persecuci\u00f3n, Ambler baja del auto desarmado y con las manos en alto, pero al bloquearlo los agentes le aprietan el cuello, mientras el hombre grita varias veces \u00abno puedo respirar\u00bb, hasta que pierde el conocimiento y muere. Tambi\u00e9n se dio a conocer otro video donde se ve la muerte de un joven negro desarmado tras haber sido detenido en Nueva Jersey por un polic\u00eda blanco, por exceso de velocidad. Tras una serie de incidentes, el agente us\u00f3 spray urticante contra el joven y luego lo sac\u00f3 del auto y le dispar\u00f3 seis veces. El hecho ocurri\u00f3 dos d\u00edas antes de la muerte de George Floyd.<\/p>\n<p>Pero llama poderosamente la atenci\u00f3n que la ola de protestas por este asesinato racista se expandi\u00f3 por todas las grandes capitales occidentales y el \u00a8No puedo respirar\u00a8, se ha convertido en un canto a la lucha. Ha comenzado un movimiento pidiendo el derribo de estatuas de personas vinculadas con la esclavitud y hasta con generales confederados. Se derrib\u00f3 una estatua de Crist\u00f3bal Colon y hasta en B\u00e9lgica se ha pedido demoler la erigida al rey Leopoldo.<\/p>\n<p>George Floyd fue enterrado hoy en un cementerio de Houston, 9 de junio,\u00a0 teniendo como orador principal al activista por los derechos civiles, reverendo\u00a0 Al Sharpton, quien en la oraci\u00f3n f\u00fanebre, reitero que \u00a8No puedo respirar\u00a8, y la rodilla en el cuello de cada norteamericano, deben cesar.\u00a0 Las vidas negras importan, es un cartel que recorre Estados Unidos. Y al un\u00edsono con esa ceremonia,\u00a0 protestas y vigilias contin\u00faan en todo el pa\u00eds.<\/p>\n<p>Mientras tanto hay una interrogante en el horizonte, una segunda ola de coronavirus en Estados Unidos, donde nadie sabe la cantidad de infectados asintom\u00e1ticos deambulan hoy por las calles, puede provocar una situaci\u00f3n de consecuencias incalculables, seg\u00fan afirman algunos expertos. Millones de seres humanos no tienen acceso a los\u00a0 centros asistenciales en la naci\u00f3n\u00a0\u00a0 propulsora del neoliberalismo<a href=\"https:\/\/rebelion.org\/elecciones-del-3-de-noviembre-en-ee-uu\/#_ftn15\">[15]<\/a>\u00a0Lo que estamos presenciando en Estados Unidos es un experimento social fracasado, dijo en entrevista con CNN el fil\u00f3sofo Cornel West<a href=\"https:\/\/rebelion.org\/elecciones-del-3-de-noviembre-en-ee-uu\/#_ftn16\">[16]<\/a>\u00a0refiri\u00e9ndose al asesinato de George Floyd.<\/p>\n<p>Por todo lo anterior infiero que, el panorama electoral norteamericano estar\u00e1 muy marcado por todos estos acontecimientos, que han afectado a la sociedad en su conjunto, por primera vez en muchos a\u00f1os, lo que sin dudas se har\u00e1 sentir en las decisiones que tomen los electores, en los momentos de ejercer el voto, como han planteado algunos activistas, en el curso de las protestas de estas dos \u00faltimas semanas, en uno u otro sentido, pues tambi\u00e9n ha habido llamadas al respeto de la ley y el orden, pero nuca debemos olvidar que las presidenciales se deciden por el voto electoral y con 270 de los mismos, se es presidente de Estados Unidos.<\/p>\n<\/div>\n","protected":false},"excerpt":{"rendered":"<p>Oscar Oramas Oliva (Sin Permiso, 17-6-20) &nbsp; Faltan cinco meses para las elecciones presidenciales en Estados Unidos y muchos eventos pueden tener lugar hasta esa fecha y m\u00e1s cuando se trata de un candidato presidencial tan ma\u00f1oso como Donald Trump, quien adem\u00e1s tiene como contrincante a un pol\u00edtico de escaso carisma como Joe Biden. Sin [&hellip;]<\/p>\n","protected":false},"author":1,"featured_media":28651,"comment_status":"open","ping_status":"open","sticky":false,"template":"","format":"standard","meta":{"footnotes":""},"categories":[14,12],"tags":[],"class_list":["post-40992","post","type-post","status-publish","format-standard","has-post-thumbnail","hentry","category-internacionales","category-politica-3"],"_links":{"self":[{"href":"https:\/\/debateplural.net\/site\/wp-json\/wp\/v2\/posts\/40992"}],"collection":[{"href":"https:\/\/debateplural.net\/site\/wp-json\/wp\/v2\/posts"}],"about":[{"href":"https:\/\/debateplural.net\/site\/wp-json\/wp\/v2\/types\/post"}],"author":[{"embeddable":true,"href":"https:\/\/debateplural.net\/site\/wp-json\/wp\/v2\/users\/1"}],"replies":[{"embeddable":true,"href":"https:\/\/debateplural.net\/site\/wp-json\/wp\/v2\/comments?post=40992"}],"version-history":[{"count":1,"href":"https:\/\/debateplural.net\/site\/wp-json\/wp\/v2\/posts\/40992\/revisions"}],"predecessor-version":[{"id":40993,"href":"https:\/\/debateplural.net\/site\/wp-json\/wp\/v2\/posts\/40992\/revisions\/40993"}],"wp:featuredmedia":[{"embeddable":true,"href":"https:\/\/debateplural.net\/site\/wp-json\/wp\/v2\/media\/28651"}],"wp:attachment":[{"href":"https:\/\/debateplural.net\/site\/wp-json\/wp\/v2\/media?parent=40992"}],"wp:term":[{"taxonomy":"category","embeddable":true,"href":"https:\/\/debateplural.net\/site\/wp-json\/wp\/v2\/categories?post=40992"},{"taxonomy":"post_tag","embeddable":true,"href":"https:\/\/debateplural.net\/site\/wp-json\/wp\/v2\/tags?post=40992"}],"curies":[{"name":"wp","href":"https:\/\/api.w.org\/{rel}","templated":true}]}}