{"id":41061,"date":"2020-06-19T13:52:08","date_gmt":"2020-06-19T17:52:08","guid":{"rendered":"http:\/\/debateplural.com\/?p=41061"},"modified":"2020-06-19T13:52:08","modified_gmt":"2020-06-19T17:52:08","slug":"vladimir-putin-las-verdaderas-lecciones-del-75-aniversario-de-la-segunda-guerra-mundial","status":"publish","type":"post","link":"https:\/\/debateplural.net\/site\/2020\/06\/19\/vladimir-putin-las-verdaderas-lecciones-del-75-aniversario-de-la-segunda-guerra-mundial\/","title":{"rendered":"Vladimir Putin: las verdaderas lecciones del 75 aniversario de la Segunda Guerra Mundial"},"content":{"rendered":"<p>Valdimir Putin (<a href=\"https:\/\/nationalinterest.org\/feature\/vladimir-putin-real-lessons-75th-anniversary-world-war-ii-162982\" target=\"_blank\" rel=\"noopener noreferrer\">The National Interest<\/a>, 18-6-20)<\/p>\n<p>&nbsp;<\/p>\n<p class=\"flfc\">Han transcurrido setenta y cinco a\u00f1os desde el final de la Gran <a href=\"http:\/\/localhost\/debateplural\/tag\/guerra\" target=\"_blank\" rel=\"noopener noreferrer\">Guerra<\/a> Patria\u00a0.\u00a0Varias generaciones han crecido a lo largo de los a\u00f1os.\u00a0El mapa pol\u00edtico del planeta ha cambiado.\u00a0La\u00a0<a href=\"https:\/\/nationalinterest.org\/tag\/soviet-union\">Uni\u00f3n Sovi\u00e9tica<\/a>\u00a0que reclam\u00f3 una victoria \u00e9pica y aplastante sobre el nazismo y salv\u00f3 al mundo entero se ha ido.\u00a0Adem\u00e1s, los eventos de esa guerra se han convertido en un recuerdo lejano, incluso para sus participantes.\u00a0Entonces, \u00bfpor qu\u00e9\u00a0<a href=\"https:\/\/nationalinterest.org\/region\/eurasia\/russia\">Rusia<\/a>\u00a0celebra el nueve de mayo como la fiesta m\u00e1s grande?\u00a0\u00bfPor qu\u00e9 la vida casi se detiene el 22 de junio?\u00a0\u00bfY por qu\u00e9 uno siente un nudo en la garganta?<\/p>\n<p>Suelen decir que la guerra ha dejado una profunda huella en la\u00a0<a href=\"https:\/\/nationalinterest.org\/tag\/history\">historia de<\/a>\u00a0cada familia\u00a0.\u00a0Detr\u00e1s de estas palabras, hay destinos de millones de personas, sus sufrimientos y el dolor de la p\u00e9rdida.\u00a0Detr\u00e1s de estas palabras, tambi\u00e9n est\u00e1 el orgullo, la verdad y el recuerdo.<\/p>\n<div class=\"ad ad--center\">\n<div class=\"proper-ad-unit\">\n<div id=\"proper-ad-nationalinterest_content_12\">Para mis padres, la guerra signific\u00f3 las terribles pruebas del asedio de <a href=\"https:\/\/nationalinterest.org\/tag\/leningrad\">Leningrado,<\/a>\u00a0donde muri\u00f3 mi hermano Vitya, de dos a\u00f1os.\u00a0Era el lugar donde mi madre milagrosamente logr\u00f3 sobrevivir.\u00a0Mi padre, a pesar de estar exento del servicio activo, se ofreci\u00f3 como voluntario para defender su ciudad natal.\u00a0Tom\u00f3 la misma decisi\u00f3n que millones de ciudadanos sovi\u00e9ticos.\u00a0Luch\u00f3 en la cabeza del puente Nevsky Pyatachok y result\u00f3 gravemente herido.\u00a0Y a medida que pasan los a\u00f1os, m\u00e1s siento la necesidad de hablar con mis padres y aprender m\u00e1s sobre el per\u00edodo de guerra de sus vidas.\u00a0Sin embargo, ya no tengo la oportunidad de hacerlo.\u00a0Esta es la raz\u00f3n por la que atesoro en mi coraz\u00f3n esas conversaciones que tuve con mi padre y mi madre sobre este tema, as\u00ed como la poca emoci\u00f3n que mostraron.<\/div>\n<p><a href=\"http:\/\/localhost\/debateplural\/wp-content\/uploads\/2020\/06\/Mundo_425718312_133412579_1024x576.jpg\"><img loading=\"lazy\" decoding=\"async\" class=\"alignnone size-full wp-image-40651\" src=\"http:\/\/localhost\/debateplural\/wp-content\/uploads\/2020\/06\/Mundo_425718312_133412579_1024x576.jpg\" alt=\"\" width=\"1024\" height=\"576\" srcset=\"https:\/\/debateplural.net\/site\/wp-content\/uploads\/2020\/06\/Mundo_425718312_133412579_1024x576.jpg 1024w, https:\/\/debateplural.net\/site\/wp-content\/uploads\/2020\/06\/Mundo_425718312_133412579_1024x576-300x169.jpg 300w, https:\/\/debateplural.net\/site\/wp-content\/uploads\/2020\/06\/Mundo_425718312_133412579_1024x576-768x432.jpg 768w, https:\/\/debateplural.net\/site\/wp-content\/uploads\/2020\/06\/Mundo_425718312_133412579_1024x576-810x456.jpg 810w\" sizes=\"(max-width: 1024px) 100vw, 1024px\" \/><\/a><\/p>\n<\/div>\n<\/div>\n<p>Las personas de mi edad y creo que es importante que nuestros hijos, nietos y bisnietos entiendan el tormento y las dificultades que tuvieron que soportar sus antepasados.\u00a0Necesitan entender c\u00f3mo sus antepasados \u200b\u200blograron perseverar y ganar.\u00a0\u00bfDe d\u00f3nde vino su fuerza de voluntad pura e inflexible que sorprendi\u00f3 y fascin\u00f3 al mundo entero?\u00a0Claro, estaban defendiendo su hogar, sus hijos, seres queridos y familias.\u00a0Sin embargo, lo que compartieron fue el amor por su patria, su Patria.\u00a0Ese sentimiento profundo e \u00edntimo se refleja plenamente en la esencia misma de nuestra naci\u00f3n y se convirti\u00f3 en uno de los factores decisivos en su heroica y sacrificial lucha contra los nazis.<\/p>\n<p>A menudo me pregunto: \u00bfqu\u00e9 har\u00eda la generaci\u00f3n de hoy?\u00a0\u00bfC\u00f3mo actuar\u00e1 ante una situaci\u00f3n de crisis?\u00a0Veo j\u00f3venes m\u00e9dicos, enfermeras, a veces reci\u00e9n graduados que van a la \"zona roja\" para salvar vidas.\u00a0Veo a nuestros militares que luchan contra el terrorismo internacional en el norte del C\u00e1ucaso y lucharon hasta el final en Siria.\u00a0Son muy j\u00f3venes\u00a0Muchos militares que formaban parte de la legendaria e inmortal\u00a0<sup>6\u00aa<\/sup>\u00a0Compa\u00f1\u00eda de Paracaidistas ten\u00edan entre 19 y 20 a\u00f1os.\u00a0Pero todos demostraron que merec\u00edan heredar la haza\u00f1a de los guerreros de nuestra patria que la defendieron durante la Gran Guerra Patria.<\/p>\n<p>Es por eso que conf\u00edo en que uno de los rasgos caracter\u00edsticos de los pueblos de Rusia es cumplir con su deber sin sentir pena por ellos mismos cuando las circunstancias as\u00ed lo exijan.\u00a0Valores como el desinter\u00e9s, el patriotismo, el amor por su hogar, su familia y la Patria siguen siendo fundamentales e integrales para la sociedad rusa hasta nuestros d\u00edas.\u00a0Estos valores son, en gran medida, la columna vertebral de la soberan\u00eda de nuestro pa\u00eds.<\/p>\n<p>Hoy en d\u00eda, tenemos nuevas tradiciones creadas por la gente, como el Regimiento Inmortal.\u00a0Esta es la marcha de la memoria que simboliza nuestra gratitud, as\u00ed como la conexi\u00f3n viva y los lazos de sangre entre generaciones.\u00a0Millones de personas salen a las calles llevando las fotograf\u00edas de sus familiares que defendieron su Patria y derrotaron a los nazis.\u00a0Esto significa que sus vidas, sus pruebas y sacrificios, as\u00ed como la Victoria que nos dejaron, nunca ser\u00e1n olvidados.<\/p>\n<p><a href=\"http:\/\/localhost\/debateplural\/wp-content\/uploads\/2017\/08\/portada2.jpg\"><img loading=\"lazy\" decoding=\"async\" class=\"alignnone size-full wp-image-18532\" src=\"http:\/\/localhost\/debateplural\/wp-content\/uploads\/2017\/08\/portada2.jpg\" alt=\"\" width=\"400\" height=\"284\" srcset=\"https:\/\/debateplural.net\/site\/wp-content\/uploads\/2017\/08\/portada2.jpg 400w, https:\/\/debateplural.net\/site\/wp-content\/uploads\/2017\/08\/portada2-300x213.jpg 300w\" sizes=\"(max-width: 400px) 100vw, 400px\" \/><\/a><\/p>\n<p>Tenemos la responsabilidad de nuestro pasado y nuestro futuro de hacer todo lo posible para evitar que esas horribles tragedias sucedan nunca m\u00e1s.\u00a0Por lo tanto, me vi obligado a publicar un art\u00edculo sobre la Segunda Guerra Mundial y la Gran Guerra Patria.\u00a0He discutido esta idea en varias ocasiones con los l\u00edderes mundiales, y ellos han mostrado su apoyo.\u00a0En la cumbre de l\u00edderes de la CEI celebrada a fines del a\u00f1o pasado, todos estuvimos de acuerdo en una cosa: es esencial transmitir a las generaciones futuras el recuerdo del hecho de que los nazis fueron derrotados en primer lugar por el pueblo sovi\u00e9tico y que los representantes de todas las rep\u00fablicas de la Uni\u00f3n Sovi\u00e9tica lucharon juntas en esa heroica batalla, tanto en el frente como en la retaguardia.\u00a0<a href=\"http:\/\/en.kremlin.ru\/events\/president\/news\/62376\" target=\"_blank\" rel=\"noopener noreferrer\">Durante esa cumbre, tambi\u00e9n habl\u00e9 con mis hom\u00f3logos sobre el desafiante per\u00edodo anterior a la guerra<\/a>\u00a0.<\/p>\n<p>Esa conversaci\u00f3n caus\u00f3 revuelo en Europa y el mundo.\u00a0Significa que ya es hora de que volvamos a las lecciones del pasado.\u00a0Al mismo tiempo, hubo muchos arrebatos emocionales, inseguridades mal disfrazadas y fuertes acusaciones que siguieron.\u00a0Actuando por costumbre, algunos pol\u00edticos se apresuraron a afirmar que Rusia estaba tratando de reescribir la historia.\u00a0Sin embargo, no pudieron refutar un solo hecho o refutar un solo argumento.\u00a0De hecho, es dif\u00edcil, si no imposible, discutir con los documentos originales que, por cierto, se pueden encontrar no solo en Rusia, sino tambi\u00e9n en los archivos extranjeros.<\/p>\n<p>Por lo tanto, es necesario examinar m\u00e1s a fondo las razones que causaron la guerra mundial y reflexionar sobre sus complicados eventos, tragedias y victorias, as\u00ed como sus lecciones, tanto para nuestro pa\u00eds como para el mundo entero.\u00a0Y como dije, es crucial confiar exclusivamente en documentos de archivo y evidencia contempor\u00e1nea, evitando al mismo tiempo cualquier especulaci\u00f3n ideol\u00f3gica o politizada.<\/p>\n<p>Me gustar\u00eda recordar una vez m\u00e1s el hecho obvio.\u00a0Las causas profundas de la Segunda Guerra Mundial provienen principalmente de las decisiones tomadas despu\u00e9s de la\u00a0<a href=\"https:\/\/nationalinterest.org\/tag\/world-war-i\">Primera Guerra Mundial<\/a>\u00a0.\u00a0<a href=\"https:\/\/nationalinterest.org\/tag\/treaty-versailles\">El Tratado de Versalles se<\/a>\u00a0convirti\u00f3 en un s\u00edmbolo de grave injusticia para Alemania.\u00a0B\u00e1sicamente implicaba que el pa\u00eds iba a ser robado, forzado a pagar enormes reparaciones a los aliados occidentales que agotaron su econom\u00eda.\u00a0El mariscal franc\u00e9s Ferdinand Foch, que se desempe\u00f1\u00f3 como Comandante Supremo Aliado, dio una descripci\u00f3n prof\u00e9tica de ese Tratado: \"Esto no es paz. Es un armisticio durante veinte a\u00f1os\".<\/p>\n<div id=\"attachment_20226\" style=\"width: 1010px\" class=\"wp-caption alignnone\"><a href=\"http:\/\/localhost\/debateplural\/wp-content\/uploads\/2017\/11\/1073650370.jpg\"><img loading=\"lazy\" decoding=\"async\" aria-describedby=\"caption-attachment-20226\" class=\"size-full wp-image-20226\" src=\"http:\/\/localhost\/debateplural\/wp-content\/uploads\/2017\/11\/1073650370.jpg\" alt=\"\" width=\"1000\" height=\"541\" srcset=\"https:\/\/debateplural.net\/site\/wp-content\/uploads\/2017\/11\/1073650370.jpg 1000w, https:\/\/debateplural.net\/site\/wp-content\/uploads\/2017\/11\/1073650370-300x162.jpg 300w, https:\/\/debateplural.net\/site\/wp-content\/uploads\/2017\/11\/1073650370-768x415.jpg 768w, https:\/\/debateplural.net\/site\/wp-content\/uploads\/2017\/11\/1073650370-810x438.jpg 810w\" sizes=\"(max-width: 1000px) 100vw, 1000px\" \/><\/a><p id=\"caption-attachment-20226\" class=\"wp-caption-text\">Vladimir Putin<\/p><\/div>\n<p>Fue la humillaci\u00f3n nacional la que se convirti\u00f3 en un terreno f\u00e9rtil para sentimientos radicales de venganza en\u00a0<a href=\"https:\/\/nationalinterest.org\/tag\/germany\">Alemania<\/a>\u00a0.\u00a0Los nazis jugaron h\u00e1bilmente con las emociones de la gente y construyeron su propaganda prometiendo liberar a Alemania del \"legado de Versalles\" y restaurar el pa\u00eds a su antiguo poder mientras empujaban al pueblo alem\u00e1n a la guerra.\u00a0Parad\u00f3jicamente, los estados occidentales, particularmente el Reino Unido y los Estados Unidos, contribuyeron directa o indirectamente a esto.\u00a0Sus empresas financieras e industriales invirtieron activamente en f\u00e1bricas y plantas alemanas que fabrican productos militares.\u00a0Adem\u00e1s, muchas personas en la aristocracia y el establecimiento pol\u00edtico apoyaron movimientos radicales, de extrema derecha y nacionalistas que estaban en aumento tanto en Alemania como en\u00a0<a href=\"https:\/\/nationalinterest.org\/region\/europe\">Europa<\/a>\u00a0.<\/p>\n<p>El \"orden mundial de Versalles\" caus\u00f3 numerosas controversias impl\u00edcitas y conflictos aparentes.\u00a0Giraron alrededor de las fronteras de los nuevos estados europeos establecidos aleatoriamente por los vencedores en la Primera Guerra Mundial. Esa delimitaci\u00f3n de l\u00edmites fue seguida casi inmediatamente por disputas territoriales y reclamos mutuos que se convirtieron en \"bombas de tiempo\".<\/p>\n<p>Uno de los principales resultados de la Primera Guerra Mundial fue el establecimiento de la Liga de las Naciones.\u00a0Hab\u00eda grandes expectativas para esa organizaci\u00f3n internacional de garantizar la paz duradera y la seguridad colectiva.\u00a0Era una idea progresiva que, si se segu\u00eda de manera consistente, podr\u00eda evitar que los horrores de una guerra global volvieran a suceder.<\/p>\n<p>Sin embargo, la Liga de las Naciones dominada por los poderes victoriosos de Francia y el Reino Unido result\u00f3 ineficaz y se vio inundada por discusiones sin sentido.\u00a0La Liga de las Naciones y el continente europeo en general hicieron o\u00eddos sordos a los repetidos llamamientos de la Uni\u00f3n Sovi\u00e9tica para establecer un sistema de seguridad colectiva equitativo y firmar un pacto de Europa del Este y un pacto del Pac\u00edfico para prevenir la agresi\u00f3n.\u00a0Estas propuestas fueron descartadas.<\/p>\n<p><a href=\"https:\/\/nationalinterest.org\/tag\/league-nations\">La Liga de las Naciones<\/a>\u00a0tampoco logr\u00f3 evitar conflictos en varias partes del mundo, como el ataque de Italia a Etiop\u00eda, la guerra civil en\u00a0<a href=\"https:\/\/nationalinterest.org\/tag\/spain\">Espa\u00f1a<\/a>\u00a0, la agresi\u00f3n japonesa contra China y el Anschluss de\u00a0<a href=\"https:\/\/nationalinterest.org\/tag\/austria\">Austria<\/a>\u00a0.\u00a0Adem\u00e1s, en el caso de la Traici\u00f3n de M\u00fanich que, adem\u00e1s de\u00a0<a href=\"https:\/\/nationalinterest.org\/tag\/adolf-hitler\">Hitler<\/a>\u00a0y\u00a0<a href=\"https:\/\/nationalinterest.org\/tag\/mussolini\">Mussolini<\/a>\u00a0, involucraba a l\u00edderes brit\u00e1nicos y franceses, Checoslovaquia fue desmantelada con la plena aprobaci\u00f3n de la Liga de las Naciones.\u00a0A este respecto, me gustar\u00eda se\u00f1alar que, a diferencia de muchos otros l\u00edderes europeos de la \u00e9poca, Stalin no se deshonr\u00f3 al reunirse con Hitler, conocido entre las naciones occidentales como un pol\u00edtico de buena reputaci\u00f3n y un hu\u00e9sped bienvenido en las capitales europeas. .<\/p>\n<p>Polonia tambi\u00e9n particip\u00f3 en la partici\u00f3n de Checoslovaquia junto con Alemania.\u00a0Decidieron juntos de antemano qui\u00e9n obtendr\u00eda qu\u00e9 territorios checoslovacos.\u00a0El 20 de septiembre de 1938, el embajador polaco en Alemania, J\u00f3zef Lipski, inform\u00f3 al ministro de Asuntos Exteriores de Polonia, J\u00f3zef Beck, sobre las siguientes garant\u00edas hechas por Hitler: \"&#8230; en caso de un conflicto entre Polonia y Checoslovaquia sobre nuestros intereses en Teschen, el Reich respaldar a Polonia \".\u00a0El l\u00edder nazi incluso provoc\u00f3 y aconsej\u00f3 que Polonia comenz\u00f3 a actuar \"solo despu\u00e9s de que los alemanes ocuparan los Sudetes\".<\/p>\n<p>Polonia sab\u00eda que sin el apoyo de Hitler, sus planes anexionistas estaban condenados al fracaso.\u00a0Me gustar\u00eda citar a este respecto un registro de la conversaci\u00f3n entre el embajador alem\u00e1n en Varsovia, Hans-Adolf von Moltke y J\u00f3zef Beck, que tuvo lugar el 1 de octubre de 1938, y se centr\u00f3 en las relaciones polaco-checas y la posici\u00f3n del Soviet. Uni\u00f3n en este asunto.\u00a0Dice: \"El Sr. Beck expres\u00f3 su verdadera gratitud por el trato leal otorgado [a] los intereses polacos en la conferencia de Munich, as\u00ed como la sinceridad de las relaciones durante el conflicto checo. La actitud del F\u00fchrer y el Canciller fue muy apreciada por el Gobierno y el p\u00fablico [de Polonia] \".<\/p>\n<p>La partici\u00f3n de Checoslovaquia fue brutal y c\u00ednica.\u00a0Munich destruy\u00f3 incluso las garant\u00edas formales y fr\u00e1giles que permanecieron en el continente.\u00a0Demostr\u00f3 que los acuerdos mutuos no val\u00edan nada.\u00a0Fue la traici\u00f3n de Munich la que sirvi\u00f3 como \"detonante\" e hizo inevitable la gran guerra en Europa.<\/p>\n<div class=\"ad ad--center\">\n<div class=\"proper-ad-unit\">\n<div id=\"proper-ad-nationalinterest_content_12\">Hoy, los pol\u00edticos europeos, y los l\u00edderes polacos en particular, desean barrer la traici\u00f3n de Munich bajo la alfombra. \u00bfPor qu\u00e9?\u00a0El hecho de que sus pa\u00edses alguna vez rompieron sus compromisos y apoyaron la traici\u00f3n de Munich, y algunos de ellos incluso participaron en dividir la toma, no es la \u00fanica raz\u00f3n.\u00a0Otra es que es un poco vergonzoso recordar que durante esos dram\u00e1ticos d\u00edas de 1938, la Uni\u00f3n Sovi\u00e9tica fue la \u00fanica que defendi\u00f3 a Checoslovaquia.<\/div>\n<\/div>\n<\/div>\n<p>La Uni\u00f3n Sovi\u00e9tica, de conformidad con sus obligaciones internacionales, incluidos los acuerdos con Francia y Checoslovaquia, intent\u00f3 evitar que ocurriera la tragedia.\u00a0Mientras tanto, Polonia, en pos de sus intereses, estaba haciendo todo lo posible para obstaculizar el establecimiento de un sistema de seguridad colectiva en Europa.\u00a0El Ministro de Asuntos Exteriores de Polonia, J\u00f3zef Beck, escribi\u00f3 sobre ello directamente en su carta del 19 de septiembre de 1938 al ya mencionado Embajador J\u00f3zef Lipski antes de su reuni\u00f3n con Hitler: \"&#8230; el a\u00f1o pasado, el gobierno polaco rechaz\u00f3 cuatro veces la propuesta de unirse al internacional interfiriendo en defensa de Checoslovaquia \".<\/p>\n<p>Gran Breta\u00f1a, as\u00ed como Francia, que en ese momento era el principal aliado de los checos y los eslovacos, optaron por retirar sus garant\u00edas y abandonar este pa\u00eds de Europa del Este a su suerte.\u00a0Al hacerlo, trataron de dirigir la atenci\u00f3n de los nazis hacia el este para que Alemania y la Uni\u00f3n Sovi\u00e9tica inevitablemente chocaran y se desangraran mutuamente.<\/p>\n<p>Esa es la esencia de la pol\u00edtica occidental de apaciguamiento, que se llev\u00f3 a cabo no solo hacia el Tercer Reich sino tambi\u00e9n hacia otros participantes del llamado Pacto Anti-Comintern: la Italia fascista y el Jap\u00f3n militarista.\u00a0En el Lejano Oriente, esta pol\u00edtica culmin\u00f3 con la conclusi\u00f3n del acuerdo anglo-japon\u00e9s en el verano de 1939, que le dio a Tokio una mano libre en China.\u00a0Las principales potencias europeas no estaban dispuestas a reconocer el peligro mortal que representaban Alemania y sus aliados para todo el mundo.\u00a0Esperaban que la guerra no los afectara.<\/p>\n<p>La traici\u00f3n de Munich le mostr\u00f3 a la Uni\u00f3n Sovi\u00e9tica que los pa\u00edses occidentales se ocupar\u00edan de los problemas de seguridad sin tener en cuenta sus intereses.\u00a0De hecho, incluso podr\u00edan crear un frente antisovi\u00e9tico, si fuera necesario.<\/p>\n<p>Sin embargo, la Uni\u00f3n Sovi\u00e9tica hizo todo lo posible para aprovechar todas las posibilidades de crear una coalici\u00f3n anti Hitler.\u00a0A pesar de, lo dir\u00e9 nuevamente, el doble trato por parte de los pa\u00edses occidentales.\u00a0Por ejemplo, los servicios de inteligencia informaron al liderazgo sovi\u00e9tico informaci\u00f3n detallada sobre los contactos tras bambalinas entre Gran Breta\u00f1a y Alemania en el verano de 1939. Lo importante es que esos contactos fueron bastante activos y pr\u00e1cticamente coincidieron con las negociaciones tripartitas entre Francia , Gran Breta\u00f1a y la URSS, que, por el contrario, fueron deliberadamente prolongados por los socios occidentales.<\/p>\n<p>A este respecto, citar\u00e9 un documento de los archivos brit\u00e1nicos.\u00a0Contiene instrucciones para la misi\u00f3n militar brit\u00e1nica que lleg\u00f3 a Mosc\u00fa en agosto de 1939.\u00a0Establece directamente que la delegaci\u00f3n deb\u00eda proceder con las negociaciones muy lentamente, y que el Gobierno del Reino Unido no estaba dispuesto a asumir ninguna obligaci\u00f3n detallada y limitar su libertad de acci\u00f3n bajo ninguna circunstancia.\u00a0Tambi\u00e9n se\u00f1alar\u00e9 que, a diferencia de las delegaciones brit\u00e1nica y francesa, la delegaci\u00f3n sovi\u00e9tica estaba encabezada por los principales comandantes del Ej\u00e9rcito Rojo, que ten\u00edan la autoridad necesaria para \"firmar una convenci\u00f3n militar sobre la organizaci\u00f3n de la defensa militar de Inglaterra, Francia y la URSS contra la agresi\u00f3n en Europa \".<\/p>\n<p>Polonia jug\u00f3 su papel en el fracaso de esas negociaciones, ya que no quer\u00eda tener ninguna obligaci\u00f3n con la parte sovi\u00e9tica.\u00a0Incluso bajo la presi\u00f3n de sus aliados occidentales, el liderazgo polaco rechaz\u00f3 la idea de una acci\u00f3n conjunta con el Ej\u00e9rcito Rojo para luchar contra la Wehrmacht.\u00a0Fue solo cuando se enteraron de la llegada de Ribbentrop a Mosc\u00fa que J. Beck, a rega\u00f1adientes y no directamente, a trav\u00e9s de diplom\u00e1ticos franceses, notific\u00f3 a la parte sovi\u00e9tica: \"&#8230; en caso de acci\u00f3n conjunta contra la agresi\u00f3n alemana, la cooperaci\u00f3n entre Polonia y la Uni\u00f3n Sovi\u00e9tica La Uni\u00f3n no est\u00e1 fuera de discusi\u00f3n, en circunstancias t\u00e9cnicas que a\u00fan no se han acordado \".\u00a0Al mismo tiempo, explic\u00f3 a sus colegas: \"&#8230; acept\u00e9 esta redacci\u00f3n solo por el bien de las t\u00e1cticas, y nuestra posici\u00f3n central en relaci\u00f3n con la Uni\u00f3n Sovi\u00e9tica es definitiva y permanece sin cambios\".<\/p>\n<p>En estas circunstancias, la Uni\u00f3n Sovi\u00e9tica firm\u00f3 el Pacto de No Agresi\u00f3n con Alemania.\u00a0Fue pr\u00e1cticamente el \u00faltimo entre los pa\u00edses europeos en hacerlo.\u00a0Adem\u00e1s, se hizo frente a una amenaza real de guerra en dos frentes: con Alemania en el oeste y con Jap\u00f3n en el este, donde ya estaban en curso intensos combates en el r\u00edo Khalkhin Gol.<\/p>\n<p>Stalin y su s\u00e9quito, de hecho, merecen muchas acusaciones leg\u00edtimas.\u00a0Recordamos los cr\u00edmenes cometidos por el r\u00e9gimen contra su propio pueblo y el horror de las represiones masivas.\u00a0En otras palabras, hay muchas cosas por las que se puede reprochar a los l\u00edderes sovi\u00e9ticos, pero una mala comprensi\u00f3n de la naturaleza de las amenazas externas no es una de ellas.\u00a0Vieron c\u00f3mo se hicieron intentos para dejar sola a la Uni\u00f3n Sovi\u00e9tica para tratar con Alemania y sus aliados.\u00a0Teniendo en cuenta esta amenaza real, buscaron comprar el valioso tiempo necesario para fortalecer las defensas del pa\u00eds.<\/p>\n<p>Hoy en d\u00eda, escuchamos muchas especulaciones y acusaciones contra la Rusia moderna en relaci\u00f3n con el Pacto de No Agresi\u00f3n firmado en ese momento.\u00a0S\u00ed, Rusia es el estado legal sucesor de la URSS, y el per\u00edodo sovi\u00e9tico, con todos sus triunfos y tragedias, es una parte inalienable de nuestra historia de mil a\u00f1os.\u00a0Sin embargo, recordemos que la Uni\u00f3n Sovi\u00e9tica hizo una evaluaci\u00f3n legal y moral del llamado Pacto Molotov-Ribbentrop.\u00a0En su resoluci\u00f3n del 24 de diciembre de 1989, el Soviet Supremo denunci\u00f3 oficialmente los protocolos secretos como \"un acto de poder personal\" que de ninguna manera reflejaba \"la voluntad del pueblo sovi\u00e9tico que no es responsable de esta colusi\u00f3n\".<\/p>\n<p>Sin embargo, otros estados han preferido olvidar los acuerdos que llevan las firmas de los nazis y los pol\u00edticos occidentales, sin mencionar las evaluaciones legales o pol\u00edticas de dicha cooperaci\u00f3n, incluida la aquiescencia silenciosa, o incluso la incitaci\u00f3n directa, de algunos pol\u00edticos europeos en los planes b\u00e1rbaros del gobierno. Nazis\u00a0Bastar\u00e1 recordar la frase c\u00ednica que el embajador polaco en Alemania J. Lipski durante su conversaci\u00f3n con Hitler el 20 de septiembre de 1938: \"&#8230; para resolver el problema jud\u00edo, nosotros [los polacos] construiremos en su honor &#8230; un espl\u00e9ndido monumento en Varsovia \".<\/p>\n<p>Adem\u00e1s, no sabemos si hubo \"protocolos\" secretos o anexos a los acuerdos de varios pa\u00edses con los nazis.\u00a0Lo \u00fanico que queda por hacer es tomar su palabra.\u00a0En particular, los materiales relacionados con las conversaciones secretas anglo-alemanas todav\u00eda no se han desclasificado.\u00a0Por lo tanto, instamos a todos los estados a intensificar el proceso de hacer p\u00fablicos sus archivos y publicar documentos previamente desconocidos de la guerra y los per\u00edodos anteriores a la guerra, como lo ha hecho Rusia en los \u00faltimos a\u00f1os.\u00a0En este contexto, estamos listos para una amplia cooperaci\u00f3n y proyectos de investigaci\u00f3n conjuntos que involucren a historiadores.<\/p>\n<p>Pero volvamos a los acontecimientos que precedieron inmediatamente a la Segunda Guerra Mundial.\u00a0Era ingenuo creer que Hitler, una vez hecho con\u00a0<a href=\"https:\/\/nationalinterest.org\/tag\/czechoslovakia\">Checoslovaquia<\/a>\u00a0, no har\u00eda nuevos reclamos territoriales.\u00a0Esta vez, las reclamaciones involucraron a su c\u00f3mplice reciente en la partici\u00f3n de Checoslovaquia &#8211; Polonia.\u00a0Aqu\u00ed, el legado de Versalles, particularmente el destino del llamado Corredor Danzig, se utiliz\u00f3 nuevamente como pretexto.\u00a0La culpa de la tragedia que sufri\u00f3 Polonia recae enteramente en el liderazgo polaco, que impidi\u00f3 la formaci\u00f3n de una alianza militar entre Gran Breta\u00f1a, Francia y la Uni\u00f3n Sovi\u00e9tica y cont\u00f3 con la ayuda de sus socios occidentales, arrojando a su propia gente bajo la apisonadora. de la m\u00e1quina de destrucci\u00f3n de Hitler.<\/p>\n<p>La ofensiva alemana se mont\u00f3 de acuerdo con la doctrina blitzkrieg.\u00a0A pesar de la feroz y heroica resistencia del ej\u00e9rcito polaco, el 8 de septiembre de 1939, solo una semana despu\u00e9s de que estall\u00f3 la guerra, las tropas alemanas se estaban acercando a Varsovia.\u00a0Para el 17 de septiembre, los l\u00edderes militares y pol\u00edticos de Polonia hab\u00edan huido a Rumania, abandonando a su gente, que segu\u00eda luchando contra los invasores.<\/p>\n<p>La esperanza de Polonia de recibir ayuda de sus aliados occidentales fue en vano.\u00a0Despu\u00e9s de que se declar\u00f3 la guerra contra Alemania, las tropas francesas avanzaron solo unas pocas decenas de kil\u00f3metros de profundidad en el territorio alem\u00e1n.\u00a0Todo parec\u00eda una mera demostraci\u00f3n de acci\u00f3n vigorosa.\u00a0Adem\u00e1s, el Consejo de Guerra Supremo anglo-franc\u00e9s, que celebr\u00f3 su primera reuni\u00f3n el 12 de septiembre de 1939 en la ciudad francesa de Abbeville, decidi\u00f3 suspender la ofensiva por completo debido a los r\u00e1pidos desarrollos en Polonia.\u00a0Fue entonces cuando comenz\u00f3 la infame guerra falsa.\u00a0Lo que hicieron Gran Breta\u00f1a y Francia fue una evidente traici\u00f3n a sus obligaciones con Polonia.<\/p>\n<p>M\u00e1s tarde, durante los juicios de Nuremberg, los generales alemanes explicaron su r\u00e1pido \u00e9xito en el Este.\u00a0El ex jefe del personal de operaciones del alto mando de las fuerzas armadas alemanas, general Alfred Jodl, admiti\u00f3: \"&#8230; no sufrimos derrota tan pronto como 1939 solo porque alrededor de 110 divisiones francesas y brit\u00e1nicas estacionaron en el oeste contra 23 divisiones alemanas durante nuestra guerra con Polonia permaneci\u00f3 absolutamente inactivo \".<\/p>\n<p>Solicit\u00e9 la recuperaci\u00f3n de los archivos de todo el material relacionado con los contactos entre la URSS y Alemania en los dram\u00e1ticos d\u00edas de agosto y septiembre de 1939. De acuerdo con los documentos, el p\u00e1rrafo 2 del Protocolo Secreto del No-Alem\u00e1n-Sovi\u00e9tico El Pacto de Agresi\u00f3n del 23 de agosto de 1939 declar\u00f3 que, en caso de reorganizaci\u00f3n pol\u00edtico-territorial de los distritos que conforman el estado polaco, la frontera de las esferas de inter\u00e9s de los dos pa\u00edses correr\u00eda \"aproximadamente a lo largo de los r\u00edos Narew, V\u00edstula y San\". .\u00a0En otras palabras, la esfera de influencia sovi\u00e9tica inclu\u00eda no solo los territorios que albergaban principalmente a la poblaci\u00f3n ucraniana y bielorrusa, sino tambi\u00e9n las tierras hist\u00f3ricamente polacas en la interfluci\u00f3n de V\u00edstula y Bug.\u00a0Este hecho es conocido por muy pocos en estos d\u00edas.<\/p>\n<p>Del mismo modo, muy pocos saben que, inmediatamente despu\u00e9s del ataque a Polonia, en los primeros d\u00edas de septiembre de 1939, Berl\u00edn llam\u00f3 en\u00e9rgicamente y reiteradamente a Mosc\u00fa para que se uniera a la acci\u00f3n militar.\u00a0Sin embargo, el liderazgo sovi\u00e9tico ignor\u00f3 esas llamadas y plane\u00f3 evitar involucrarse en los dram\u00e1ticos desarrollos el mayor tiempo posible.<\/p>\n<p>Fue solo cuando qued\u00f3 absolutamente claro que Gran Breta\u00f1a y Francia no iban a ayudar a su aliado y que la Wehrmacht pod\u00eda ocupar r\u00e1pidamente toda Polonia y, por lo tanto, aparecer en los acercamientos a Minsk que la Uni\u00f3n Sovi\u00e9tica decidi\u00f3 enviar, en la ma\u00f1ana del 17 En septiembre, las unidades del Ej\u00e9rcito Rojo ingresan en las llamadas fronteras orientales, que hoy en d\u00eda forman parte de los territorios de Bielorrusia, Ucrania y Lituania.<\/p>\n<p>Obviamente, no hab\u00eda alternativa.\u00a0De lo contrario, la URSS se enfrentar\u00eda a mayores riesgos porque, lo dir\u00e9 nuevamente, la antigua frontera sovi\u00e9tico-polaca se extend\u00eda a unas pocas decenas de kil\u00f3metros de Minsk.\u00a0El pa\u00eds tendr\u00eda que entrar en la guerra inevitable con los nazis desde posiciones estrat\u00e9gicas muy desventajosas, mientras que millones de personas de diferentes nacionalidades, incluidos los jud\u00edos que viven cerca de Brest y Grodno, Przemy\u015bl, Lvov y Wilno, morir\u00edan a manos de los nazis y sus c\u00f3mplices locales: antisemitas y nacionalistas radicales.<\/p>\n<p>El hecho de que la Uni\u00f3n Sovi\u00e9tica buscara evitar involucrarse en el creciente conflicto durante el mayor tiempo posible y no estaba dispuesta a luchar codo a codo con Alemania fue la raz\u00f3n por la cual el contacto real entre las tropas sovi\u00e9ticas y alemanas se produjo mucho m\u00e1s al este que las fronteras. acordado en el protocolo secreto.\u00a0No estaba en el r\u00edo V\u00edstula, sino m\u00e1s cerca de la llamada L\u00ednea Curzon, que en 1919 fue recomendada por la Triple Entente como la frontera oriental de Polonia.<\/p>\n<p>Como se sabe, casi no tiene sentido utilizar el modo subjuntivo cuando hablamos de los eventos pasados.\u00a0Solo dir\u00e9 que, en septiembre de 1939, el liderazgo sovi\u00e9tico tuvo la oportunidad de trasladar las fronteras occidentales de la URSS a\u00fan m\u00e1s al oeste, hasta Varsovia, pero decidi\u00f3 no hacerlo.<\/p>\n<p>Joachim von Ribbentrop y V.Molotov firmaron en Mosc\u00fa el\u00a0<em>Tratado de L\u00edmites y Amistad entre Alemania y la Uni\u00f3n Sovi\u00e9tica<\/em>\u00a0, as\u00ed como el protocolo secreto para cambiar la frontera estatal, seg\u00fan el cual la frontera se reconoci\u00f3 en la l\u00ednea de demarcaci\u00f3n. donde estaban los dos ej\u00e9rcitos de facto.<\/p>\n<p>En el oto\u00f1o de 1939, la Uni\u00f3n Sovi\u00e9tica, persiguiendo sus objetivos estrat\u00e9gicos militares y defensivos, comenz\u00f3 el proceso de incorporaci\u00f3n de Letonia, Lituania y Estonia.\u00a0Su adhesi\u00f3n a la URSS se implement\u00f3 de forma contractual, con el consentimiento de las autoridades elegidas.\u00a0Esto estaba en l\u00ednea con el derecho internacional y estatal de la \u00e9poca.\u00a0Adem\u00e1s, en octubre de 1939, la ciudad de Vilna y sus alrededores, que anteriormente formaban parte de Polonia, fueron devueltos a Lituania.\u00a0Las rep\u00fablicas b\u00e1lticas dentro de la URSS conservaron sus cuerpos de gobierno, lenguaje y ten\u00edan representaci\u00f3n en las estructuras estatales superiores de la Uni\u00f3n Sovi\u00e9tica.<\/p>\n<p>Durante todos estos meses hubo una lucha diplom\u00e1tica y pol\u00edtico-militar invisible y un trabajo de inteligencia en curso.\u00a0Mosc\u00fa entendi\u00f3 que se enfrentaba a un enemigo feroz y cruel, y que ya se estaba librando una guerra encubierta contra el nazismo.\u00a0Y no hay raz\u00f3n para tomar declaraciones oficiales y notas formales de protocolo de esa \u00e9poca como prueba de \"amistad\" entre la URSS y Alemania.\u00a0La Uni\u00f3n Sovi\u00e9tica mantuvo contactos comerciales y t\u00e9cnicos activos no solo con Alemania, sino tambi\u00e9n con otros pa\u00edses.\u00a0Mientras que Hitler intent\u00f3 una y otra vez atraer a la Uni\u00f3n Sovi\u00e9tica a la confrontaci\u00f3n de Alemania con el Reino Unido.\u00a0Pero el gobierno sovi\u00e9tico se mantuvo firme.<\/p>\n<p>Hitler hizo el \u00faltimo intento de persuadir a la URSS de actuar juntos durante la visita de Molotov a Berl\u00edn en noviembre de 1940. Pero Molotov sigui\u00f3 con precisi\u00f3n las instrucciones de Stalin y se limit\u00f3 a una discusi\u00f3n general sobre la idea alemana de que la Uni\u00f3n Sovi\u00e9tica se uniera al Pacto Tripartito. firmado por Alemania, Italia y\u00a0<a href=\"https:\/\/nationalinterest.org\/tag\/japan\">Jap\u00f3n<\/a>en septiembre de 1940 y dirigido contra el Reino Unido y los Estados Unidos.\u00a0No es de extra\u00f1ar que ya el 17 de noviembre Molotov dio las siguientes instrucciones al representante plenipotenciario sovi\u00e9tico en Londres Ivan Maisky: \"Para su informaci\u00f3n &#8230; No se firm\u00f3 ning\u00fan acuerdo ni se pretend\u00eda que se firmara en Berl\u00edn. Simplemente intercambiamos nuestras opiniones en Berl\u00edn &#8230; y eso fue todos &#8230; Aparentemente, los alemanes y los japoneses parecen ansiosos por empujarnos hacia el Golfo y la India.<\/p>\n<p>Rechazamos la discusi\u00f3n de este asunto, ya que consideramos que dicho consejo por parte de Alemania es inapropiado \".\u00a0Y el 25 de noviembre, el liderazgo sovi\u00e9tico lo convoc\u00f3 por completo al presentar oficialmente a Berl\u00edn las condiciones que eran inaceptables para los nazis, incluida la retirada de las tropas alemanas de Finlandia, el tratado de asistencia mutua entre Bulgaria y la URSS, y varios otros. .\u00a0Por lo tanto, excluy\u00f3 deliberadamente cualquier posibilidad de unirse al Pacto.\u00a0Tal posici\u00f3n defini\u00f3 definitivamente la intenci\u00f3n del F\u00fchrer de desatar una guerra contra la URSS.\u00a0Y ya en diciembre, dejando de lado las advertencias de sus estrategas sobre el desastroso peligro de tener una guerra de dos frentes, Hitler aprob\u00f3 el Plan Barbarroja.\u00a0Lo hizo sabiendo que la Uni\u00f3n Sovi\u00e9tica era la fuerza principal que se le opon\u00eda en Europa y que la pr\u00f3xima batalla en el Este decidir\u00eda el resultado de la guerra mundial.<\/p>\n<p>Y no ten\u00eda dudas sobre la rapidez y el \u00e9xito de la campa\u00f1a de Mosc\u00fa.\u00a0Dejando de lado las advertencias de sus estrategas sobre el desastroso peligro de tener una guerra de dos frentes, Hitler aprob\u00f3 el Plan Barbarroja.\u00a0Lo hizo sabiendo que la Uni\u00f3n Sovi\u00e9tica era la fuerza principal que se le opon\u00eda en Europa y que la pr\u00f3xima batalla en el Este decidir\u00eda el resultado de la guerra mundial.\u00a0Y no ten\u00eda dudas sobre la rapidez y el \u00e9xito de la campa\u00f1a de Mosc\u00fa.\u00a0Dejando de lado las advertencias de sus estrategas sobre el desastroso peligro de tener una guerra de dos frentes, Hitler aprob\u00f3 el Plan Barbarroja.\u00a0Lo hizo sabiendo que la Uni\u00f3n Sovi\u00e9tica era la fuerza principal que se le opon\u00eda en Europa y que la pr\u00f3xima batalla en el Este decidir\u00eda el resultado de la guerra mundial.\u00a0Y no ten\u00eda dudas sobre la rapidez y el \u00e9xito de la campa\u00f1a de Mosc\u00fa.<\/p>\n<p>Y aqu\u00ed me gustar\u00eda destacar lo siguiente: los pa\u00edses occidentales, de hecho, acordaron en ese momento con las acciones sovi\u00e9ticas y reconocieron la intenci\u00f3n de la Uni\u00f3n Sovi\u00e9tica de garantizar su seguridad nacional.\u00a0De hecho, el 1 de octubre de 1939, Winston Churchill, el Primer Se\u00f1or del Almirantazgo en ese momento, en su discurso en la radio dijo: \"Rusia ha seguido una pol\u00edtica fr\u00eda de inter\u00e9s propio &#8230; Pero que los ej\u00e9rcitos rusos deben mantenerse en esta l\u00ednea\". [se entiende que la nueva frontera occidental] era claramente necesaria para la seguridad de Rusia contra la amenaza nazi \".\u00a0El 4 de octubre de 1939, hablando en la C\u00e1mara de los Lores, el secretario de Asuntos Exteriores brit\u00e1nico, Halifax, dijo: \"&#8230; debe recordarse que las acciones del gobierno sovi\u00e9tico fueron mover la frontera esencialmente a la l\u00ednea recomendada en la Conferencia de Versalles por Lord Curzon &#8230;<\/p>\n<p>En comunicaciones informales con el representante plenipotenciario sovi\u00e9tico Maisky, diplom\u00e1ticos brit\u00e1nicos y pol\u00edticos de alto nivel hablaron a\u00fan m\u00e1s abiertamente.\u00a0El 17 de octubre de 1939, el subsecretario de Estado de Asuntos Exteriores, RA Butler, le confi\u00f3 que los c\u00edrculos del gobierno brit\u00e1nico cre\u00edan que no pod\u00eda tratarse de devolver Ucrania occidental y Bielorrusia a Polonia.\u00a0Seg\u00fan \u00e9l, si hubiera sido posible crear una Polonia etnogr\u00e1fica de un tama\u00f1o modesto con una garant\u00eda no solo de la URSS y Alemania, sino tambi\u00e9n de Gran Breta\u00f1a y Francia, el gobierno brit\u00e1nico se habr\u00eda considerado bastante satisfecho.\u00a0El 27 de octubre de 1939, el asesor principal de Chamberlain, H.Wilson, dijo que Polonia ten\u00eda que ser restaurada como un estado independiente en su base etnogr\u00e1fica, pero sin Ucrania occidental y Bielorrusia.<\/p>\n<p>Vale la pena se\u00f1alar que en el curso de estas conversaciones tambi\u00e9n se exploraron las posibilidades de mejorar las relaciones brit\u00e1nico-sovi\u00e9ticas.\u00a0Estos contactos en gran medida sentaron las bases para una alianza futura y una coalici\u00f3n anti Hitler.\u00a0Churchill se destac\u00f3 entre otros pol\u00edticos responsables y con visi\u00f3n de futuro y, a pesar de su infame aversi\u00f3n por la URSS, hab\u00eda estado a favor de cooperar con los sovi\u00e9ticos incluso antes.\u00a0En mayo de 1939, dijo en la C\u00e1mara de los Comunes: \"Estaremos en peligro mortal si no podemos crear una gran alianza contra la agresi\u00f3n. La peor locura ser\u00eda alejar cualquier cooperaci\u00f3n natural con la Rusia sovi\u00e9tica\".\u00a0Y despu\u00e9s del inicio de las hostilidades en Europa, en su reuni\u00f3n con Maisky el 6 de octubre de 1939, confi\u00f3 que no hab\u00eda contradicciones serias entre el Reino Unido y la URSS y, por lo tanto,\u00a0no hab\u00eda raz\u00f3n para relaciones tensas o insatisfactorias.\u00a0Tambi\u00e9n mencion\u00f3 que el gobierno brit\u00e1nico estaba ansioso por desarrollar relaciones comerciales y dispuesto a discutir cualquier otra medida que pudiera mejorar las relaciones.<\/p>\n<p>La Segunda Guerra Mundial no sucedi\u00f3 de la noche a la ma\u00f1ana, ni comenz\u00f3 inesperadamente o de repente.\u00a0Y la agresi\u00f3n alemana contra\u00a0<a href=\"https:\/\/nationalinterest.org\/tag\/poland\">Polonia<\/a>\u00a0no sali\u00f3 de la nada.\u00a0Fue el resultado de una serie de tendencias y factores de la pol\u00edtica mundial de la \u00e9poca.\u00a0Todos los eventos de antes de la guerra cayeron en su lugar para formar una cadena fatal.\u00a0Pero, sin duda, los principales factores que predeterminaron la mayor tragedia en la historia de la humanidad fueron el ego\u00edsmo estatal, la cobard\u00eda, el apaciguamiento del agresor que estaba ganando fuerza y \u200b\u200bla falta de voluntad de las \u00e9lites pol\u00edticas para buscar un compromiso.<\/p>\n<p>Por lo tanto, es injusto afirmar que la visita de dos d\u00edas a Mosc\u00fa del ministro de Asuntos Exteriores nazi Ribbentrop fue la raz\u00f3n principal del comienzo de la Segunda Guerra Mundial.\u00a0Todos los pa\u00edses l\u00edderes son en cierta medida responsables de su brote.\u00a0Cada uno de ellos cometi\u00f3 errores fatales, creyendo arrogantemente que pod\u00edan ser m\u00e1s astutos que otros, asegurarse ventajas unilaterales para ellos mismos o mantenerse alejados de la inminente cat\u00e1strofe mundial.\u00a0Y esta miop\u00eda, la negativa a crear un sistema de seguridad colectiva cost\u00f3 millones de vidas y enormes p\u00e9rdidas.<\/p>\n<p>Dicho esto, de ninguna manera tengo la intenci\u00f3n de asumir el papel de un juez, acusar o absolver a nadie, y mucho menos iniciar una nueva ronda de confrontaci\u00f3n internacional de informaci\u00f3n en el campo hist\u00f3rico que podr\u00eda poner a los pa\u00edses y pueblos en desacuerdo.\u00a0Creo que son acad\u00e9micos con una amplia representaci\u00f3n de cient\u00edficos respetados de diferentes pa\u00edses del mundo quienes deber\u00edan buscar una evaluaci\u00f3n equilibrada de lo que sucedi\u00f3.\u00a0Todos necesitamos la verdad y la objetividad.\u00a0Por mi parte, siempre he alentado a mis colegas a construir un di\u00e1logo tranquilo, abierto y basado en la confianza, para mirar el pasado com\u00fan de una manera autocr\u00edtica e imparcial.\u00a0Tal enfoque permitir\u00e1 no repetir los errores cometidos en ese momento y garantizar un desarrollo pac\u00edfico y exitoso en los a\u00f1os venideros.<\/p>\n<p>Sin embargo, muchos de nuestros socios a\u00fan no est\u00e1n listos para el trabajo conjunto.\u00a0Por el contrario, persiguiendo sus objetivos, aumentan el n\u00famero y el alcance de los ataques de informaci\u00f3n contra nuestro pa\u00eds, tratando de hacernos dar excusas y sentirnos culpables, y adoptar declaraciones completamente hip\u00f3critas y motivadas pol\u00edticamente.\u00a0As\u00ed, por ejemplo, la resoluci\u00f3n sobre la\u00a0<em>importancia del recuerdo europeo para el futuro de Europa<\/em>\u00a0aprobada por el Parlamento Europeo el 19 de septiembre de 2019 acus\u00f3 directamente a la URSS junto con la Alemania nazi de desatar la Segunda Guerra Mundial.\u00a0No hace falta decir que no se menciona a Munich en absoluto.<\/p>\n<p>Creo que ese \"papeleo\", ya que no puedo llamar a esta resoluci\u00f3n un documento, que claramente tiene la intenci\u00f3n de provocar un esc\u00e1ndalo, est\u00e1 lleno de amenazas reales y peligrosas.\u00a0De hecho, fue adoptado por una instituci\u00f3n altamente respetable.\u00a0\u00bfY qu\u00e9 muestra eso?\u00a0Lamentablemente, esto revela una pol\u00edtica deliberada destinada a destruir el orden mundial de posguerra, cuya creaci\u00f3n fue una cuesti\u00f3n de honor y responsabilidad para los Estados, varios representantes de los cuales votaron hoy a favor de esta resoluci\u00f3n enga\u00f1osa.\u00a0Por lo tanto, cuestionaron las conclusiones del Tribunal de Nuremberg y los esfuerzos de la comunidad internacional para crear despu\u00e9s de las victoriosas instituciones internacionales universales de 1945.\u00a0Perm\u00edtanme recordarles a este respecto que el proceso de integraci\u00f3n europea en s\u00ed mismo que conduce al establecimiento de estructuras relevantes,\u00a0incluido el Parlamento Europeo, solo fue posible debido a las lecciones aprendidas del pasado y su precisa evaluaci\u00f3n legal y pol\u00edtica.\u00a0Y aquellos que deliberadamente cuestionan este consenso socavan los cimientos de toda la Europa de la posguerra.<\/p>\n<p>Adem\u00e1s de representar una amenaza para los principios fundamentales del orden mundial, esto tambi\u00e9n plantea ciertos problemas morales y \u00e9ticos.\u00a0Profanar e insultar la memoria es malo.\u00a0La mezquindad puede ser deliberada, hip\u00f3crita y m\u00e1s o menos intencionada como en la situaci\u00f3n cuando las declaraciones que conmemora el 75\u00a0<sup>\u00ba<\/sup>El aniversario del fin de la Segunda Guerra Mundial menciona a todos los participantes en la coalici\u00f3n anti Hitler, excepto la Uni\u00f3n Sovi\u00e9tica.\u00a0La mezquindad puede ser cobarde como en la situaci\u00f3n en que se demuelen los monumentos erigidos en honor de quienes lucharon contra el nazismo y estos actos vergonzosos se justifican por los falsos lemas de la lucha contra una ideolog\u00eda no deseada y una supuesta ocupaci\u00f3n.\u00a0La mezquindad tambi\u00e9n puede ser sangrienta como en la situaci\u00f3n en que los que se enfrentan a los neonazis y los sucesores de Bandera son asesinados y quemados.\u00a0Una vez m\u00e1s, la mezquindad puede tener diferentes manifestaciones, pero esto no la hace menos desagradable.<\/p>\n<p>Descuidar las lecciones de la historia inevitablemente conduce a una dura recuperaci\u00f3n.\u00a0Mantendremos firmemente la verdad basada en hechos hist\u00f3ricos documentados.\u00a0Seguiremos siendo honestos e imparciales sobre los acontecimientos de la Segunda Guerra Mundial.\u00a0Esto incluye un proyecto a gran escala para establecer la mayor colecci\u00f3n de archivos de Rusia, pel\u00edculas y materiales fotogr\u00e1ficos sobre la historia de la Segunda Guerra Mundial y el per\u00edodo anterior a la guerra.<\/p>\n<p>Tal trabajo ya est\u00e1 en marcha.\u00a0Muchos materiales nuevos, recientemente descubiertos o desclasificados tambi\u00e9n se utilizaron en la preparaci\u00f3n de este art\u00edculo.\u00a0A este respecto, puedo afirmar con toda responsabilidad que no hay documentos de archivo que confirmen la suposici\u00f3n de que la URSS ten\u00eda la intenci\u00f3n de iniciar una guerra preventiva contra Alemania.\u00a0De hecho, el liderazgo militar sovi\u00e9tico sigui\u00f3 una doctrina seg\u00fan la cual, en caso de agresi\u00f3n, el Ej\u00e9rcito Rojo se enfrentar\u00eda r\u00e1pidamente al enemigo, ir\u00eda a la ofensiva y emprender\u00eda una guerra en el territorio enemigo.\u00a0Sin embargo, tales planes estrat\u00e9gicos no implicaban ninguna intenci\u00f3n de atacar a Alemania primero.<\/p>\n<p>Por supuesto, los documentos de planificaci\u00f3n militar, las cartas de instrucci\u00f3n del cuartel general sovi\u00e9tico y alem\u00e1n ahora est\u00e1n disponibles para los historiadores.\u00a0Finalmente, sabemos el verdadero curso de los acontecimientos.\u00a0Desde la perspectiva de este conocimiento, muchos discuten sobre las acciones, errores y juicios err\u00f3neos de los l\u00edderes militares y pol\u00edticos del pa\u00eds.\u00a0A este respecto, dir\u00e9 una cosa: junto con un gran flujo de informaci\u00f3n err\u00f3nea de diversos tipos, los l\u00edderes sovi\u00e9ticos tambi\u00e9n recibieron informaci\u00f3n verdadera sobre la pr\u00f3xima agresi\u00f3n nazi.\u00a0Y en los meses anteriores a la guerra, tomaron medidas para mejorar la preparaci\u00f3n para el combate del pa\u00eds, incluido el reclutamiento secreto de una parte de los responsables del servicio militar para el entrenamiento militar y el redespliegue de unidades y reservas de los distritos militares internos a las fronteras occidentales.<\/p>\n<p>La guerra no fue una sorpresa, la gente la esperaba, prepar\u00e1ndose para ella.\u00a0Pero el ataque nazi fue realmente sin precedentes en t\u00e9rminos de su poder destructivo.\u00a0El 22 de junio de 1941, la Uni\u00f3n Sovi\u00e9tica se enfrent\u00f3 al ej\u00e9rcito m\u00e1s fuerte, m\u00e1s movilizado y calificado del mundo con el potencial industrial, econ\u00f3mico y militar de casi toda Europa trabajando para ello.\u00a0No solo la Wehrmacht, sino tambi\u00e9n los sat\u00e9lites alemanes, contingentes militares de muchos otros estados del continente europeo, tomaron parte en esta invasi\u00f3n mortal.<\/p>\n<p>Las derrotas militares m\u00e1s graves en 1941 llevaron al pa\u00eds al borde de la cat\u00e1strofe.\u00a0El poder de combate y el control tuvieron que ser restaurados por medios extremos, movilizaci\u00f3n a nivel nacional e intensificaci\u00f3n de todos los esfuerzos del estado y el pueblo.\u00a0En el verano de 1941, millones de ciudadanos, cientos de f\u00e1bricas e industrias comenzaron a ser evacuadas bajo fuego enemigo al este del pa\u00eds.\u00a0La fabricaci\u00f3n de armas y municiones, que ya se hab\u00eda comenzado a suministrar al frente en el primer invierno militar, se inici\u00f3 en el menor tiempo posible y, en 1943, se superaron las tasas de producci\u00f3n militar de Alemania y sus aliados.\u00a0En seis meses, el pueblo sovi\u00e9tico hizo algo que parec\u00eda imposible.\u00a0Tanto en el frente como en el frente de la casa.\u00a0Todav\u00eda es dif\u00edcil darse cuenta, comprender e imaginar qu\u00e9 esfuerzos incre\u00edbles, coraje.<\/p>\n<p>El tremendo poder de la sociedad sovi\u00e9tica, unido por el deseo de proteger su tierra natal, se alz\u00f3 contra la poderosa m\u00e1quina invasora nazi de sangre fr\u00eda y armada hasta los dientes.\u00a0Se puso de pie para vengarse del enemigo, que hab\u00eda roto, pisoteado la vida pac\u00edfica, los planes y las esperanzas de la gente.<\/p>\n<p>Por supuesto, el miedo, la confusi\u00f3n y la desesperaci\u00f3n se apoderaron de algunas personas durante esta guerra terrible y sangrienta.\u00a0Hubo traici\u00f3n y deserci\u00f3n.\u00a0La dura divisi\u00f3n causada por la revoluci\u00f3n y la Guerra Civil, el nihilismo, la burla de la historia nacional, las tradiciones y la fe que los bolcheviques intentaron imponer, especialmente en los primeros a\u00f1os despu\u00e9s de llegar al poder, todo esto tuvo su impacto.\u00a0Pero la actitud general de la mayor\u00eda absoluta de los ciudadanos sovi\u00e9ticos y nuestros compatriotas que se encontraron en el extranjero fue diferente: salvar y proteger la Patria.\u00a0Fue un impulso real e incontenible.\u00a0La gente buscaba apoyo en los verdaderos valores patri\u00f3ticos.<\/p>\n<p>Los \"estrategas\" nazis estaban convencidos de que un gran estado multinacional podr\u00eda ponerse f\u00e1cilmente en pr\u00e1ctica.\u00a0Pensaban que el estallido repentino de la guerra, su despiadado y las insoportables dificultades exacerbar\u00edan inevitablemente las relaciones inter\u00e9tnicas.\u00a0Y que el pa\u00eds podr\u00eda dividirse en pedazos.\u00a0Hitler declar\u00f3 claramente: \"Nuestra pol\u00edtica hacia los pueblos que viven en la inmensidad de Rusia deber\u00eda ser promover cualquier forma de desacuerdo y divisi\u00f3n\".<\/p>\n<p>Pero desde los primeros d\u00edas, estaba claro que el plan nazi hab\u00eda fallado.\u00a0La Fortaleza de Brest fue protegida hasta la \u00faltima gota de sangre por sus defensores de m\u00e1s de 30 etnias.\u00a0Durante la guerra, la haza\u00f1a del pueblo sovi\u00e9tico no conoci\u00f3 fronteras nacionales, tanto en batallas decisivas a gran escala como en la protecci\u00f3n de cada punto de apoyo, cada metro de tierra nativa.<\/p>\n<p>La regi\u00f3n del Volga y los Urales, Siberia y el Lejano Oriente, las rep\u00fablicas de Asia Central y Transcaucasia se convirtieron en el hogar de millones de evacuados.\u00a0Sus residentes compartieron todo lo que ten\u00edan y brindaron todo el apoyo que pudieron.\u00a0La amistad de los pueblos y la ayuda mutua se convirtieron en una verdadera fortaleza indestructible para el enemigo.<\/p>\n<p>La Uni\u00f3n Sovi\u00e9tica y el Ej\u00e9rcito Rojo, sin importar lo que alguien intente demostrar hoy, hicieron la contribuci\u00f3n principal y crucial a la derrota del nazismo.\u00a0Estos fueron h\u00e9roes que lucharon hasta el final rodeados por el enemigo en Bialystok y Mogilev, Uman y Kiev, Vyazma y Kharkov.\u00a0Lanzaron ataques cerca de Mosc\u00fa y Stalingrado, Sebastopol y Odessa, Kursk y Smolensk.\u00a0Liberaron Varsovia, Belgrado, Viena y Praga.\u00a0Asaltaron Koenigsberg y Berl\u00edn.<\/p>\n<p>Luchamos por la verdad genuina, sin barnizar o blanqueada sobre la guerra.\u00a0Esta verdad humana nacional, que es dura, amarga y despiadada, nos la han transmitido escritores y poetas que atravesaron el fuego y el infierno de los juicios.\u00a0Para mi generaci\u00f3n, as\u00ed como para otros, sus historias honestas y profundas, novelas, prosa de trincheras y poemas han dejado su huella en mi alma para siempre.\u00a0Honrar a los veteranos que hicieron todo lo posible por la Victoria y recordar a los que murieron en el campo de batalla se ha convertido en nuestro deber moral.<\/p>\n<p>Y hoy, las l\u00edneas simples y grandiosas en su esencia del poema de Alexander Tvardovsky \"Fui asesinado cerca de Rzhev &#8230;\" dedicado a los participantes de la sangrienta y brutal batalla de la Gran Guerra Patria en el centro de la l\u00ednea de frente sovi\u00e9tico-alemana son asombrosos\u00a0Solo en las batallas por Rzhev y Rzhevsky Salient desde octubre de 1941 hasta marzo de 1943, el Ej\u00e9rcito Rojo perdi\u00f3 1.154, 698 personas, incluidos heridos y desaparecidos.\u00a0Por primera vez, llamo estas figuras terribles, tr\u00e1gicas y lejos de ser completas recopiladas de fuentes de archivo.\u00a0Lo hago para honrar el recuerdo de la haza\u00f1a de h\u00e9roes conocidos y sin nombre, que por diversas razones fueron inmerecidamente, e injustamente poco se habl\u00f3 o no se mencion\u00f3 en absoluto en los a\u00f1os de la posguerra.<\/p>\n<p>D\u00e9jame citarte otro documento.\u00a0Este es un informe de febrero de 1954 sobre la reparaci\u00f3n de Alemania por la Comisi\u00f3n Aliada de Reparaciones encabezada por Ivan Maisky.\u00a0La tarea de la Comisi\u00f3n era definir una f\u00f3rmula seg\u00fan la cual Alemania derrotada tendr\u00eda que pagar por los da\u00f1os sufridos por las potencias vencedoras.\u00a0La Comisi\u00f3n concluy\u00f3 que \"el n\u00famero de d\u00edas de soldados que pas\u00f3 Alemania en el frente sovi\u00e9tico es al menos 10 veces mayor que en todos los dem\u00e1s frentes aliados. El frente sovi\u00e9tico tambi\u00e9n tuvo que manejar cuatro quintos de tanques alemanes y aproximadamente dos tercios de Aviones alemanes \".\u00a0En general, la URSS represent\u00f3 alrededor del 75 por ciento de todos los esfuerzos militares emprendidos por la coalici\u00f3n anti Hitler.\u00a0Durante el per\u00edodo de guerra, el Ej\u00e9rcito Rojo \"derrib\u00f3\" 626 divisiones de los estados del Eje, de las cuales 508 eran alemanas.<\/p>\n<p>El 28 de abril de 1942, Franklin D. Roosevelt dijo en su discurso a la naci\u00f3n estadounidense: \"Estas fuerzas rusas han destruido y est\u00e1n destruyendo m\u00e1s poder armado de nuestros enemigos (tropas, aviones, tanques y armas) que todas las dem\u00e1s Naciones Unidas\". juntar\".\u00a0Winston Churchill, en su mensaje a Joseph Stalin del 27 de septiembre de 1944, escribi\u00f3 \"que es el ej\u00e9rcito ruso el que arranc\u00f3 las tripas de la m\u00e1quina militar alemana &#8230;\".<\/p>\n<p>Tal evaluaci\u00f3n ha resonado en todo el mundo.\u00a0Porque estas palabras son la gran verdad, de la cual nadie dud\u00f3 entonces.\u00a0Casi 27 millones de ciudadanos sovi\u00e9ticos perdieron la vida en los frentes, en las c\u00e1rceles alemanas, murieron de hambre y fueron bombardeados, murieron en guetos y hornos de los campos de exterminio nazis.\u00a0La URSS perdi\u00f3 a uno de cada siete de sus ciudadanos, el Reino Unido perdi\u00f3 a uno en 127 y Estados Unidos perdi\u00f3 a uno en 320. Desafortunadamente, esta cifra de las p\u00e9rdidas m\u00e1s duras y graves de la Uni\u00f3n Sovi\u00e9tica no es exhaustiva.\u00a0El trabajo minucioso debe continuar para restaurar los nombres y destinos de todos los que han perecido: soldados del Ej\u00e9rcito Rojo, partisanos, combatientes subterr\u00e1neos, prisioneros de guerra y campos de concentraci\u00f3n, y civiles asesinados por los escuadrones de la muerte.\u00a0Es nuestro deber.\u00a0Y aqu\u00ed, miembros del movimiento de b\u00fasqueda, asociaciones militar-patri\u00f3ticas y voluntarias,\u00a0proyectos como la base de datos electr\u00f3nica \"Pamyat Naroda\", que contiene documentos de archivo, desempe\u00f1an un papel especial.\u00a0Y, seguramente, se necesita una estrecha cooperaci\u00f3n internacional en una tarea humanitaria tan com\u00fan.<\/p>\n<p>Los esfuerzos de todos los pa\u00edses y pueblos que lucharon contra un enemigo com\u00fan dieron como resultado la victoria.\u00a0El ej\u00e9rcito brit\u00e1nico protegi\u00f3 su patria de la invasi\u00f3n, luch\u00f3 contra los nazis y sus sat\u00e9lites en el Mediterr\u00e1neo y el norte de \u00c1frica.\u00a0Las tropas estadounidenses y brit\u00e1nicas liberaron a Italia y abrieron el Segundo Frente.\u00a0Estados Unidos realiz\u00f3 ataques poderosos y aplastantes contra el agresor en el Oc\u00e9ano Pac\u00edfico.\u00a0Recordamos los enormes sacrificios realizados por el pueblo chino y su gran papel en la derrota de los militaristas japoneses.\u00a0No olvidemos a los luchadores de Fighting France, que no cayeron en la vergonzosa capitulaci\u00f3n y continuaron luchando contra los nazis.<\/p>\n<p>Tambi\u00e9n siempre estaremos agradecidos por la asistencia prestada por los Aliados para proporcionar municiones, materias primas, alimentos y equipos al Ej\u00e9rcito Rojo.\u00a0Y esa ayuda fue significativa: alrededor del 7 por ciento de la producci\u00f3n militar total de la Uni\u00f3n Sovi\u00e9tica.<\/p>\n<div class=\"ad ad--center\">\n<div class=\"proper-ad-unit\">\n<div id=\"proper-ad-nationalinterest_content_2\" data-google-query-id=\"CMbXg7i2juoCFQJJwQodYAgH1A\">\n<div id=\"google_ads_iframe_\/5376056\/nationalinterest_content_2_0__container__\"><iframe id=\"google_ads_iframe_\/5376056\/nationalinterest_content_2_0\" title=\"3rd party ad content\" name=\"google_ads_iframe_\/5376056\/nationalinterest_content_2_0\" width=\"1\" height=\"1\" frameborder=\"0\" marginwidth=\"0\" marginheight=\"0\" scrolling=\"no\" data-google-container-id=\"2\" data-load-complete=\"true\" data-mce-fragment=\"1\"><\/iframe><\/div>\n<\/div>\n<\/div>\n<\/div>\n<p>El n\u00facleo de la coalici\u00f3n contra Hitler comenz\u00f3 a tomar forma inmediatamente despu\u00e9s del ataque a la Uni\u00f3n Sovi\u00e9tica, donde Estados Unidos y Gran Breta\u00f1a lo apoyaron incondicionalmente en la lucha contra la Alemania de Hitler.\u00a0En la conferencia de Teher\u00e1n en 1943, Stalin, Roosevelt y Churchill formaron una alianza de grandes potencias, acordaron elaborar una diplomacia de coalici\u00f3n y una estrategia conjunta en la lucha contra una amenaza mortal com\u00fan.\u00a0Los l\u00edderes de los Tres Grandes ten\u00edan un claro entendimiento de que la unificaci\u00f3n de las capacidades industriales, de recursos y militares de la URSS, los Estados Unidos y el Reino Unido otorgar\u00e1 una supremac\u00eda indiscutible sobre el enemigo.<\/p>\n<p>La Uni\u00f3n Sovi\u00e9tica cumpli\u00f3 plenamente sus obligaciones con sus aliados y siempre ofreci\u00f3 una mano amiga.\u00a0As\u00ed, el Ej\u00e9rcito Rojo apoy\u00f3 el desembarco de las tropas angloamericanas en Normand\u00eda llevando a cabo una Operaci\u00f3n Bagration a gran escala en Bielorrusia.\u00a0En enero de 1945, tras abrirse paso hasta el r\u00edo Oder, puso fin a la \u00faltima ofensiva poderosa de la Wehrmacht en el Frente Occidental en las Ardenas.\u00a0Tres meses despu\u00e9s de la victoria sobre Alemania, la URSS, en total conformidad con los acuerdos de Yalta, declar\u00f3 la guerra a Jap\u00f3n y derrot\u00f3 al ej\u00e9rcito Kwantung de un mill\u00f3n de personas.<\/p>\n<p>En julio de 1941, el liderazgo sovi\u00e9tico declar\u00f3 que el prop\u00f3sito de la guerra contra los opresores fascistas no era solo eliminar la amenaza que se cern\u00eda sobre nuestro pa\u00eds, sino tambi\u00e9n ayudar a todos los pueblos de Europa que sufr\u00edan bajo el yugo del fascismo alem\u00e1n.\u00a0A mediados de 1944, el enemigo fue expulsado de pr\u00e1cticamente todo el territorio sovi\u00e9tico.\u00a0Sin embargo, el enemigo tuvo que ser eliminado en su guarida.\u00a0Y as\u00ed, el Ej\u00e9rcito Rojo comenz\u00f3 su misi\u00f3n de liberaci\u00f3n en Europa.\u00a0Salv\u00f3 a naciones enteras de la destrucci\u00f3n y la esclavitud, y del horror del Holocausto.\u00a0Se salvaron a costa de cientos de miles de vidas de soldados sovi\u00e9ticos.<\/p>\n<p>Tambi\u00e9n es importante no olvidarse de la enorme asistencia material que la URSS brind\u00f3 a los pa\u00edses liberados para eliminar la amenaza del hambre y reconstruir sus econom\u00edas e infraestructura.\u00a0Eso se estaba haciendo en el momento en que las cenizas se extend\u00edan por miles de millas desde Brest hasta Mosc\u00fa y el Volga.\u00a0Por ejemplo, en mayo de 1945, el gobierno austriaco solicit\u00f3 ayuda a la URSS con alimentos, ya que \"no ten\u00eda idea de c\u00f3mo alimentar a su poblaci\u00f3n en las pr\u00f3ximas siete semanas antes de la nueva cosecha\".\u00a0El canciller estatal del gobierno provisional de la Rep\u00fablica de Austria, Karl Renner, describi\u00f3 el consentimiento del liderazgo sovi\u00e9tico para enviar alimentos como un acto de ahorro que los austriacos nunca olvidar\u00e1n.<\/p>\n<p>Los aliados establecieron conjuntamente el Tribunal Militar Internacional para castigar a los criminales de guerra y pol\u00edticos nazis.\u00a0Sus decisiones conten\u00edan una clara calificaci\u00f3n legal de los cr\u00edmenes contra la humanidad, como el genocidio, la limpieza \u00e9tnica y religiosa, el antisemitismo y la xenofobia.\u00a0Directamente y sin ambig\u00fcedades, el Tribunal de Nuremberg tambi\u00e9n conden\u00f3 a los c\u00f3mplices de los nazis, colaboradores de diversos tipos.<\/p>\n<p>Este vergonzoso fen\u00f3meno se manifest\u00f3 en todos los pa\u00edses europeos.\u00a0Figuras como P\u00e9tain, Quisling, Vlasov, Bandera, sus secuaces y seguidores, aunque se disfrazaron de luchadores por la independencia nacional o la libertad del comunismo, son traidores y asesinos.\u00a0En la inhumanidad, a menudo exced\u00edan a sus amos.\u00a0En su deseo de servir, como parte de grupos punitivos especiales, ejecutaron voluntariamente las \u00f3rdenes m\u00e1s inhumanas.\u00a0Fueron responsables de hechos tan sangrientos como los tiroteos de Babi Yar, la masacre de Volhynia, Khatyn quemada, los actos de destrucci\u00f3n de jud\u00edos en Lituania y Letonia.<\/p>\n<p>Hoy tambi\u00e9n, nuestra posici\u00f3n permanece sin cambios: no puede haber excusas para los actos criminales de los colaboradores nazis, no hay estatuto de limitaciones para ellos.\u00a0Por lo tanto, es desconcertante que, en ciertos pa\u00edses, aquellos que son enga\u00f1ados con la cooperaci\u00f3n con los nazis sean repentinamente equiparados con los veteranos de la Segunda Guerra Mundial.\u00a0Creo que es inaceptable equiparar libertadores con ocupantes.\u00a0Y solo puedo considerar la glorificaci\u00f3n de los colaboradores nazis como una traici\u00f3n al recuerdo de nuestros padres y abuelos.\u00a0Una traici\u00f3n a los ideales que unieron a los pueblos en la lucha contra el nazismo.<\/p>\n<div class=\"ad ad--center\">\n<div id=\"rc-solo\" class=\"default_rc_theme\">\n<div id=\"rcjsload_soloserve_142433\">\n<div id=\"rc_w_14243315925880641287\">\n<div class=\"rc-wc rc-bp rc-uid-142433 rc-g-dl \" data-rows=\"1\" data-cols=\"1\" data-rcp=\"eyJ3IjoiMTQyNDMzIiwidCI6InJjXzMyNSIsImMiOiIxNTkyNTg4MDYzMjQyIiwid2lkdGgiOiIxMzY2Iiwic2l0ZV91cmwiOiJodHRwczpcL1wvbmF0aW9uYWxpbnRlcmVzdC5vcmdcL2ZlYXR1cmVcL3ZsYWRpbWlyLXB1dGluLXJlYWwtbGVzc29ucy03NXRoLWFubml2ZXJzYXJ5LXdvcmxkLXdhci1paS0xNjI5ODI\/cGFnZT0wJTJDMiIsInJlZmVyZXIiOiJodHRwczpcL1wvbmF0aW9uYWxpbnRlcmVzdC5vcmdcL2ZlYXR1cmVcL3ZsYWRpbWlyLXB1dGluLXJlYWwtbGVzc29ucy03NXRoLWFubml2ZXJzYXJ5LXdvcmxkLXdhci1paS0xNjI5ODI\/cGFnZT0wJTJDMSIsInNraXBfaWFiIjoidHJ1ZSJ9\" data-rct=\"1\" data-rc-g-dl=\"1\" data-rc-g-d=\"1\" data-rc-g-t=\"1\" data-rc-g-p=\"1\" data-id=\"142433\" data-original_load=\"eyJzcG9uc29yZWQiOls0NDMxNTc5XX0=\" data-refresh=\"\" data-refresh-int=\"60000\" data-view=\"Ga%2Bnz7qCBhJ3kNj%2Brnnr%2BmB582ahMe24gNx6Jb7uOGp0rzaEZfrwy1QwShlRtgJ6z85Vs2ivmkZIxtL42nXWgukElylV7wP3PT%2BFiTNrv9zhxcQrm8ao9%2BGSV9elPaVh5i%2Bk2ElZR1v%2FF9rstmCSgc22lOdMe3RpRz7PjL0zi2n6Vjp%2Fk3V9tO6KNkGR9ZNWNRuBGuHTKZVCgmVPZfke3eY0AUYZBXeijpRbylfp3lai8b9bFlWlM2930RuTwktvaVPHc4uoSqiRlvURGHMHO%2Ft%2BqARmJd2c%2FuOG9RYwkcBLU1x7NY9mhCPgmuYiEfp9KMVcwv29cMvCr0efXH7S7mAsz9HNoAVrQqHVyw7WCtOmEycMOCNnKwwFomYufFBrTvb4BE8pOr5V8%2BAIEXWIj%2BYuFL3bgx6ciQzGOzfUAMoecrjKgaXayfFs3bnPCpupUTa49EI8J1KC29NS2yce3pbuBxrvgQsmnilKi3%2FV7r9G%2BeDsGr9NYlyw3JE%2BrV7dv7E740vYlNEhv7P202eAnjuan3MYXLIGeevH%2BIORpGpQ7rmkyksNfX3Tu%2BEF6Qr63rGKDjD0YQ%2FcOL4dpJapzsdLdSwWi8DVssycZoLC0b8qbuMGH0v6Cv1tT5AxTYxjNZ%2FJUFH2wZykB84aTPqrrpvmS%2ByLNhuGLBBRUsZapBJ9zieeV9Q%2F8bttrM3%2FP3L73uDWWDCCFw2CxJT%2BrCbz6gwvC1dCfUFnU9Fl7DeSofVolw3yYJqiz1QM%2BmvXjKLbsyPcF6FkqQ2XCXcCNumKqZmlUb%2F9wLJYzDIj%2BzqwbNjxDix11BsCcBO6pi6sLqOY%2Fq6iukDAx7DgNwSQrvoCgXxIPpyLkC7WPIDV1uKsJfTy%2B%2FovMJbkfyoYqxSIl8VcYD38HZ4ulMjTL0yuclsfnUvM7gwGDcnBM1kSaAHWZiBdOKE8DQPEbwOqq1tqSLU5DCiv4rYmWzPRK7hNYC%2BeXWKq8SAhYBwzQGxIx3RoBy%2BGlI%2FAeTmCP4VH%2FcWK%2BBBPfPQCWeA8fxXeWKG46QQKCFZzJ%2FQVKNp3mAdQO6ILcRVqbVXK1ZZcaR1j2S9gSdT75x7ErtmOE2c6sY8Sd1WrK7T6ztZyH0C7n15AZ0O4ZKbd1y%2BmU8SzVQJJ3puJJ4UE0M5Jh9Qmue5F6TCZXu9t16B%2Ba26HdRkv0gzrWf26GMRO2k36MnaSbXbl5f2MtXtexLYNfsDvcN5%2Bd99x8uRAc7gopPgjby13j8tooKxqd3PKFIQfrDQQ6vmmdYyIQ3h0eCyOoJT5Xp%2B7MAnkpd3c2LI6D4RGTsHfzuFkKZwMz4QYo91xhlUi1Z60ZHYhtlvqUBbE3Q%2ByPJjqQiYyM2e5MAukQb7sM4fA69A%2FkP9ho5s%3D\">\n<div class=\"rc-text-top rc-text-right rc-bl-personalize-this-content\">\n<div id=\"hateit\" class=\"hateit\" data-text=\"Personalize This Content\" data-position=\"different\">En ese momento, los l\u00edderes de la URSS, los Estados Unidos y el Reino Unido enfrentaron, sin exagerar, una tarea hist\u00f3rica.\u00a0<a href=\"https:\/\/nationalinterest.org\/tag\/stalin\">Stalin<\/a>\u00a0,\u00a0<a href=\"https:\/\/nationalinterest.org\/tag\/franklin-d-roosevelt\">Roosevelt<\/a>\u00a0y\u00a0<a href=\"https:\/\/nationalinterest.org\/tag\/winston-churchill\">Churchill<\/a>\u00a0representaron a los pa\u00edses con diferentes ideolog\u00edas, aspiraciones estatales, intereses, culturas, pero demostraron una gran voluntad pol\u00edtica, superaron las contradicciones y preferencias y pusieron los verdaderos intereses de la paz en primer plano.\u00a0Como resultado, pudieron llegar a un acuerdo y lograr una soluci\u00f3n de la que se ha beneficiado toda la humanidad.<\/div>\n<\/div>\n<\/div>\n<\/div>\n<\/div>\n<\/div>\n<\/div>\n<div data-text=\"Personalize This Content\" data-position=\"different\"><\/div>\n<div data-text=\"Personalize This Content\" data-position=\"different\">Los poderes victoriosos nos dejaron un sistema que se ha convertido en la quintaesencia de la b\u00fasqueda intelectual y pol\u00edtica de varios siglos. Una serie de conferencias, Teher\u00e1n, Yalta, San Francisco y Potsdam, sentaron las bases de un mundo que durante 75 a\u00f1os no tuvo una guerra global, a pesar de las contradicciones m\u00e1s agudas.<\/div>\n<div data-text=\"Personalize This Content\" data-position=\"different\">\n<div class=\"ad ad--center\">\n<div class=\"proper-ad-unit\">\n<div><\/div>\n<div id=\"proper-ad-nationalinterest_content_12\">El revisionismo hist\u00f3rico, cuyas manifestaciones observamos ahora en Occidente, y principalmente con respecto al tema de la Segunda Guerra Mundial y su resultado, es peligroso porque distorsiona de manera c\u00ednica y grosera la comprensi\u00f3n de los principios del desarrollo pac\u00edfico, establecidos en las <a href=\"https:\/\/nationalinterest.org\/tag\/yalta-conference\">conferencias de Yalta<\/a>\u00a0y San Francisco en 1945. El mayor logro hist\u00f3rico de Yalta y otras decisiones de esa \u00e9poca es el acuerdo de crear un mecanismo que permita a las principales potencias permanecer en el marco de la diplomacia para resolver sus diferencias.<\/div>\n<\/div>\n<\/div>\n<p>El siglo XX trajo conflictos globales a gran escala e integrales, y en 1945 las armas nucleares capaces de destruir f\u00edsicamente la Tierra tambi\u00e9n entraron en escena.\u00a0En otras palabras, el arreglo de disputas por la fuerza se ha vuelto prohibitivamente peligroso.\u00a0Y los vencedores en la Segunda Guerra Mundial entendieron eso.\u00a0Ellos entendieron y eran conscientes de su propia responsabilidad hacia la humanidad.<\/p>\n<p>La historia de advertencia de la Liga de las Naciones se tuvo en cuenta en 1945. La estructura del Consejo de Seguridad de la ONU se desarroll\u00f3 de manera que las garant\u00edas de paz fueran lo m\u00e1s concretas y efectivas posible.\u00a0As\u00ed surgi\u00f3 la instituci\u00f3n de los miembros permanentes del Consejo de Seguridad y el derecho al veto como privilegio y responsabilidad.<\/p>\n<p>\u00bfQu\u00e9 es el poder de veto en el\u00a0<a href=\"https:\/\/nationalinterest.org\/tag\/united-nations\">Consejo de Seguridad de<\/a>\u00a0la\u00a0<a href=\"https:\/\/nationalinterest.org\/tag\/united-nations\">ONU<\/a>\u00a0?\u00a0Para decirlo sin rodeos, es la \u00fanica alternativa razonable a una confrontaci\u00f3n directa entre los principales pa\u00edses.\u00a0Es una declaraci\u00f3n de uno de los cinco poderes que una decisi\u00f3n es inaceptable y es contraria a sus intereses y sus ideas sobre el enfoque correcto.\u00a0Y otros pa\u00edses, incluso si no est\u00e1n de acuerdo, dan por sentado esta posici\u00f3n, abandonando cualquier intento de realizar sus esfuerzos unilaterales.\u00a0Entonces, de una forma u otra, es necesario buscar compromisos.<\/p>\n<p>Una nueva confrontaci\u00f3n global comenz\u00f3 casi inmediatamente despu\u00e9s del final de la Segunda Guerra Mundial y fue a veces muy feroz.\u00a0Y el hecho de que la Guerra Fr\u00eda no se convirti\u00f3 en la Tercera Guerra Mundial se ha convertido en un claro testimonio de la efectividad de los acuerdos concluidos por los Tres Grandes.\u00a0Las reglas de conducta acordadas durante la creaci\u00f3n de las Naciones Unidas permitieron minimizar a\u00fan m\u00e1s los riesgos y mantener la confrontaci\u00f3n bajo control.<\/p>\n<p>Por supuesto, podemos ver que el sistema de la ONU actualmente experimenta cierta tensi\u00f3n en su trabajo y no es tan efectivo como podr\u00eda ser.\u00a0Pero la ONU a\u00fan cumple su funci\u00f3n principal.\u00a0Los principios del Consejo de Seguridad de la ONU son un mecanismo \u00fanico para prevenir una guerra importante o un conflicto global.<\/p>\n<p>Los llamamientos que se han hecho con bastante frecuencia en los \u00faltimos a\u00f1os para abolir el poder de veto, para negar oportunidades especiales a los miembros permanentes del Consejo de Seguridad son realmente irresponsables.\u00a0Despu\u00e9s de todo, si eso sucede, las Naciones Unidas se convertir\u00edan en esencia en la Liga de las Naciones, una reuni\u00f3n para hablar vac\u00eda sin influencia en los procesos mundiales.\u00a0C\u00f3mo termin\u00f3 es bien conocido.\u00a0Es por eso que las potencias victoriosas se acercaron a la formaci\u00f3n del nuevo sistema del orden mundial con la mayor seriedad buscando evitar la repetici\u00f3n de los errores de sus predecesores.<\/p>\n<p>La creaci\u00f3n del sistema moderno de relaciones internacionales es uno de los principales resultados de la\u00a0<a href=\"https:\/\/nationalinterest.org\/tag\/world-war-ii\">Segunda Guerra Mundial.<\/a>.\u00a0Incluso las contradicciones m\u00e1s insuperables (geopol\u00edticas, ideol\u00f3gicas, econ\u00f3micas) no nos impiden encontrar formas de convivencia e interacci\u00f3n pac\u00edficas, si existe el deseo y la voluntad de hacerlo.\u00a0Hoy el mundo est\u00e1 pasando por un momento bastante turbulento.\u00a0Todo est\u00e1 cambiando, desde el equilibrio global de poder e influencia hasta los fundamentos sociales, econ\u00f3micos y tecnol\u00f3gicos de las sociedades, las naciones e incluso los continentes.\u00a0En las \u00e9pocas pasadas, los cambios de tal magnitud casi nunca han ocurrido sin grandes conflictos militares.\u00a0Sin una lucha de poder para construir una nueva jerarqu\u00eda global.\u00a0Gracias a la sabidur\u00eda y la hipermetrop\u00eda de las figuras pol\u00edticas de las potencias aliadas, fue posible crear un sistema que se ha limitado a las manifestaciones extremas de tal competencia objetiva, hist\u00f3ricamente inherente al desarrollo mundial.<\/p>\n<p>Es un deber nuestro, todos aquellos que asumen responsabilidad pol\u00edtica y principalmente representantes de los poderes victoriosos en la Segunda Guerra Mundial, garantizar que este sistema se mantenga y mejore.\u00a0Hoy, como en 1945, es importante demostrar voluntad pol\u00edtica y discutir el futuro juntos.\u00a0Nuestros colegas, el Sr. Xi Jinping, el Sr. Macron, el Sr. Trump y el Sr. Johnson, apoyaron la iniciativa rusa de celebrar una reuni\u00f3n de los l\u00edderes de los cinco Estados poseedores de armas nucleares, miembros permanentes del Consejo de Seguridad.\u00a0Les damos las gracias por esto y esperamos que tal reuni\u00f3n cara a cara pueda tener lugar lo antes posible.<\/p>\n<p>\u00bfCu\u00e1l es nuestra visi\u00f3n de la agenda para la pr\u00f3xima cumbre?\u00a0En primer lugar, en nuestra opini\u00f3n, ser\u00eda \u00fatil discutir los pasos para desarrollar principios colectivos en los asuntos mundiales.\u00a0Hablar con franqueza sobre los problemas de preservar la paz, fortalecer la seguridad global y regional, el control estrat\u00e9gico de armas, as\u00ed como los esfuerzos conjuntos para combatir el terrorismo, el extremismo y otros desaf\u00edos y amenazas importantes.<\/p>\n<p>Un tema especial en la agenda de la reuni\u00f3n es la situaci\u00f3n en la econom\u00eda global.\u00a0Y, sobre todo, superar la crisis econ\u00f3mica causada por la pandemia de coronavirus.\u00a0Nuestros pa\u00edses est\u00e1n tomando medidas sin precedentes para proteger la salud y la vida de las personas y para apoyar a los ciudadanos que se encuentran en situaciones de vida dif\u00edciles.\u00a0Nuestra capacidad para trabajar juntos y en concierto, como verdaderos socios, mostrar\u00e1 cu\u00e1n severo ser\u00e1 el impacto de la pandemia y qu\u00e9 tan r\u00e1pido la econom\u00eda global saldr\u00e1 de la recesi\u00f3n.\u00a0Adem\u00e1s, es inaceptable convertir la econom\u00eda en un instrumento de presi\u00f3n y confrontaci\u00f3n.\u00a0Los temas populares incluyen la protecci\u00f3n del medio ambiente y la lucha contra el cambio clim\u00e1tico, as\u00ed como garantizar la seguridad del espacio de informaci\u00f3n global.<\/p>\n<p>La agenda propuesta por Rusia para la pr\u00f3xima cumbre de los Cinco es extremadamente importante y relevante tanto para nuestros pa\u00edses como para el mundo entero.\u00a0Y tenemos ideas e iniciativas espec\u00edficas sobre todos los art\u00edculos.<\/p>\n<p>No cabe duda de que la cumbre de Rusia,\u00a0<a href=\"https:\/\/nationalinterest.org\/tag\/china\">China<\/a>\u00a0,\u00a0<a href=\"https:\/\/nationalinterest.org\/tag\/france\">Francia<\/a>\u00a0, Estados Unidos y el\u00a0<a href=\"https:\/\/nationalinterest.org\/region\/europe\/western-europe\/united-kingdom\">Reino Unido<\/a> puede desempe\u00f1ar un papel importante en la b\u00fasqueda de respuestas comunes a los desaf\u00edos y amenazas modernos, y demostrar\u00e1 un compromiso com\u00fan con el esp\u00edritu de alianza para esos altos ideales y valores humanistas por los cuales nuestros padres y abuelos luchaban hombro con hombro.<\/p>\n<p>Bas\u00e1ndonos en una memoria hist\u00f3rica compartida, podemos confiar el uno en el otro y debemos hacerlo.\u00a0Eso servir\u00e1 como una base s\u00f3lida para negociaciones exitosas y acciones concertadas en aras de mejorar la estabilidad y la seguridad en el planeta y en aras de la prosperidad y el bienestar de todos los Estados.\u00a0Sin exagerar, es nuestro deber y responsabilidad com\u00fan hacia el mundo entero, hacia las generaciones presentes y futuras.<\/p>\n<\/div>\n<div class=\"ad ad--center\">\n<div id=\"rc-solo\" class=\"default_rc_theme\">\n<div id=\"rcjsload_soloserve_142433\">\n<div id=\"rc_w_14243315925880641287\">\n<div class=\"rc-wc rc-bp rc-uid-142433 rc-g-dl \" data-rows=\"1\" data-cols=\"1\" data-rcp=\"eyJ3IjoiMTQyNDMzIiwidCI6InJjXzMyNSIsImMiOiIxNTkyNTg4MDYzMjQyIiwid2lkdGgiOiIxMzY2Iiwic2l0ZV91cmwiOiJodHRwczpcL1wvbmF0aW9uYWxpbnRlcmVzdC5vcmdcL2ZlYXR1cmVcL3ZsYWRpbWlyLXB1dGluLXJlYWwtbGVzc29ucy03NXRoLWFubml2ZXJzYXJ5LXdvcmxkLXdhci1paS0xNjI5ODI\/cGFnZT0wJTJDMiIsInJlZmVyZXIiOiJodHRwczpcL1wvbmF0aW9uYWxpbnRlcmVzdC5vcmdcL2ZlYXR1cmVcL3ZsYWRpbWlyLXB1dGluLXJlYWwtbGVzc29ucy03NXRoLWFubml2ZXJzYXJ5LXdvcmxkLXdhci1paS0xNjI5ODI\/cGFnZT0wJTJDMSIsInNraXBfaWFiIjoidHJ1ZSJ9\" data-rct=\"1\" data-rc-g-dl=\"1\" data-rc-g-d=\"1\" data-rc-g-t=\"1\" data-rc-g-p=\"1\" data-id=\"142433\" data-original_load=\"eyJzcG9uc29yZWQiOls0NDMxNTc5XX0=\" data-refresh=\"\" data-refresh-int=\"60000\" data-view=\"Ga%2Bnz7qCBhJ3kNj%2Brnnr%2BmB582ahMe24gNx6Jb7uOGp0rzaEZfrwy1QwShlRtgJ6z85Vs2ivmkZIxtL42nXWgukElylV7wP3PT%2BFiTNrv9zhxcQrm8ao9%2BGSV9elPaVh5i%2Bk2ElZR1v%2FF9rstmCSgc22lOdMe3RpRz7PjL0zi2n6Vjp%2Fk3V9tO6KNkGR9ZNWNRuBGuHTKZVCgmVPZfke3eY0AUYZBXeijpRbylfp3lai8b9bFlWlM2930RuTwktvaVPHc4uoSqiRlvURGHMHO%2Ft%2BqARmJd2c%2FuOG9RYwkcBLU1x7NY9mhCPgmuYiEfp9KMVcwv29cMvCr0efXH7S7mAsz9HNoAVrQqHVyw7WCtOmEycMOCNnKwwFomYufFBrTvb4BE8pOr5V8%2BAIEXWIj%2BYuFL3bgx6ciQzGOzfUAMoecrjKgaXayfFs3bnPCpupUTa49EI8J1KC29NS2yce3pbuBxrvgQsmnilKi3%2FV7r9G%2BeDsGr9NYlyw3JE%2BrV7dv7E740vYlNEhv7P202eAnjuan3MYXLIGeevH%2BIORpGpQ7rmkyksNfX3Tu%2BEF6Qr63rGKDjD0YQ%2FcOL4dpJapzsdLdSwWi8DVssycZoLC0b8qbuMGH0v6Cv1tT5AxTYxjNZ%2FJUFH2wZykB84aTPqrrpvmS%2ByLNhuGLBBRUsZapBJ9zieeV9Q%2F8bttrM3%2FP3L73uDWWDCCFw2CxJT%2BrCbz6gwvC1dCfUFnU9Fl7DeSofVolw3yYJqiz1QM%2BmvXjKLbsyPcF6FkqQ2XCXcCNumKqZmlUb%2F9wLJYzDIj%2BzqwbNjxDix11BsCcBO6pi6sLqOY%2Fq6iukDAx7DgNwSQrvoCgXxIPpyLkC7WPIDV1uKsJfTy%2B%2FovMJbkfyoYqxSIl8VcYD38HZ4ulMjTL0yuclsfnUvM7gwGDcnBM1kSaAHWZiBdOKE8DQPEbwOqq1tqSLU5DCiv4rYmWzPRK7hNYC%2BeXWKq8SAhYBwzQGxIx3RoBy%2BGlI%2FAeTmCP4VH%2FcWK%2BBBPfPQCWeA8fxXeWKG46QQKCFZzJ%2FQVKNp3mAdQO6ILcRVqbVXK1ZZcaR1j2S9gSdT75x7ErtmOE2c6sY8Sd1WrK7T6ztZyH0C7n15AZ0O4ZKbd1y%2BmU8SzVQJJ3puJJ4UE0M5Jh9Qmue5F6TCZXu9t16B%2Ba26HdRkv0gzrWf26GMRO2k36MnaSbXbl5f2MtXtexLYNfsDvcN5%2Bd99x8uRAc7gopPgjby13j8tooKxqd3PKFIQfrDQQ6vmmdYyIQ3h0eCyOoJT5Xp%2B7MAnkpd3c2LI6D4RGTsHfzuFkKZwMz4QYo91xhlUi1Z60ZHYhtlvqUBbE3Q%2ByPJjqQiYyM2e5MAukQb7sM4fA69A%2FkP9ho5s%3D\">\n<div class=\"rc-clearfix rc-row rc-t-10 rc-g-dl-1 rc-g-d-1\" data-rpi=\"3\">\n<div class=\"row-item\">\n<div id=\"rc_cont_142433\" class=\"rc-w-142433 rc-p rc-p-pt\" data-rcsettings=\"eyJoZWFkZXIiOiIiLCJkZXNrdG9wbGciOnsiY29sIjoiMSIsInJvdyI6IjEiLCJjc3NfY2xhc3MiOiJyYy1nLWRsIiwibWluX3dpZHRoIjoxMTQzLCJtYXhfd2lkdGgiOjEwMDAwMDB9LCJkZXNrdG9wIjp7ImNvbCI6IjEiLCJyb3ciOiIxIiwiY3NzX2NsYXNzIjoicmMtZy1kIiwibWluX3dpZHRoIjo3NjksIm1heF93aWR0aCI6MTE0Mn0sInRhYmxldCI6eyJjb2wiOiIxIiwicm93IjoiMSIsImNzc19jbGFzcyI6InJjLWctdCIsIm1pbl93aWR0aCI6NDgxLCJtYXhfd2lkdGgiOjc2OH0sInBob25lIjp7ImNvbCI6IjEiLCJyb3ciOiIxIiwiY3NzX2NsYXNzIjoicmMtZy1wIiwibWluX3dpZHRoIjowLCJtYXhfd2lkdGgiOjQ4MH0sInBob3RvX3Bvc2l0aW9uIjoiVG9wIiwicGhvbmVfc3BvbnNvcmVkX3Bvc2l0aW9ucyI6IjEiLCJ0YWJsZXRfdG90YWxfY29udGVudCI6MSwicGhvbmVfdG90YWxfdHJlbmRpbmciOjAsImRlc2t0b3BsZ190b3RhbF9zcG9uc29yZWQiOjEsImRlc2t0b3BsZ190b3RhbF90cmVuZGluZyI6MCwidGFibGV0X3RvdGFsX3RyZW5kaW5nIjowLCJ0YWJsZXRfc3BvbnNvcmVkX3Bvc2l0aW9ucyI6IjEiLCJwaG9uZV90b3RhbF9zcG9uc29yZWQiOjEsImRlc2t0b3BsZ19zcG9uc29yZWRfcG9zaXRpb25zIjoiMSIsImRlc2t0b3BfcGFnaW5hdGlvbiI6IiIsImRlc2t0b3BfdG90YWxfc3BvbnNvcmVkIjoxLCJkZXNrdG9wX3Nwb25zb3JlZF9wb3NpdGlvbnMiOiIxIiwicGhvbmVfaW1hZ2VyYXRpbyI6IjQ6MyIsInRhYmxldF9wYWdpbmF0aW9uIjoiIiwiZGVza3RvcGxnX2ltYWdlcmF0aW8iOiI0OjMiLCJ0YWJsZXRfaW1hZ2VyYXRpbyI6IjQ6MyIsInBob25lX3RvdGFsX2NvbnRlbnQiOjEsInBob25lX3BhZ2luYXRpb24iOiIiLCJkZXNrdG9wX2ltYWdlcmF0aW8iOiI0OjMiLCJkZXNrdG9wbGdfdG90YWxfY29udGVudCI6MSwiZGVza3RvcGxnX3BhZ2luYXRpb24iOiIiLCJkZXNrdG9wX3RvdGFsX3RyZW5kaW5nIjowLCJkZXNrdG9wX3RvdGFsX2NvbnRlbnQiOjEsInRhYmxldF90b3RhbF9zcG9uc29yZWQiOjEsImNvdW50IjoxLCJuZXdsaW5lIjpmYWxzZSwicmNpdGVtX2hlaWdodCI6ZmFsc2V9\" data-rct=\"1\" data-onecolumn=\"false\">\n<div id=\"rc-row-container\">\n<div class=\"rc-row rc-t-1 rc-g-dl-1 rc-g-d-1 rc-g-t-1 rc-g-p-1 rc-photo-top\">\n<div class=\"rc-item\" data-pixels=\"[]\" data-row=\"0\">\n<div class=\"rc-item-wrapper\"><\/div>\n<\/div>\n<\/div>\n<\/div>\n<\/div>\n<\/div>\n<\/div>\n<\/div>\n<\/div>\n<\/div>\n<\/div>\n<\/div>\n<div class=\"ad ad--center\">\n<div id=\"rc-solo\" class=\"default_rc_theme\">\n<div id=\"rcjsload_soloserve_142432\">\n<div id=\"rc_w_1424321592587372258\">\n<div class=\"rc-wc rc-bp rc-uid-142432 rc-g-dl \" data-rows=\"1\" data-cols=\"1\" data-rcp=\"eyJ3IjoiMTQyNDMyIiwidCI6InJjXzQwIiwiYyI6IjE1OTI1ODczNzE2MDciLCJ3aWR0aCI6IjEzNjYiLCJzaXRlX3VybCI6Imh0dHBzOlwvXC9uYXRpb25hbGludGVyZXN0Lm9yZ1wvZmVhdHVyZVwvdmxhZGltaXItcHV0aW4tcmVhbC1sZXNzb25zLTc1dGgtYW5uaXZlcnNhcnktd29ybGQtd2FyLWlpLTE2Mjk4MiIsInJlZmVyZXIiOiJodHRwczpcL1wvbmF0aW9uYWxpbnRlcmVzdC5vcmdcL2ZlYXR1cmVcL3ZsYWRpbWlyLXB1dGluLXJlYWwtbGVzc29ucy03NXRoLWFubml2ZXJzYXJ5LXdvcmxkLXdhci1paS0xNjI5ODI\/cGFnZT0wJTJDNSIsInNraXBfaWFiIjoidHJ1ZSJ9\" data-rct=\"1\" data-rc-g-dl=\"1\" data-rc-g-d=\"1\" data-rc-g-t=\"1\" data-rc-g-p=\"1\" data-id=\"142432\" data-original_load=\"eyJzcG9uc29yZWQiOls0NDMxNTc4XX0=\" data-refresh=\"\" data-refresh-int=\"60000\" data-view=\"L%2Fcf5eDvmmh5yxYF2aUb%2BMpAX9Hf7z6nm9dpybSlrBhHCP9gUmtitVyO9QLTSCe%2BYTPEDXOFCzvd9ubyLuyD8r9g7GVYyYMgU2vaJy%2FzUbDlpribcpicATkvJ4Hr6dhDKGnwQ3OW5E20pOiOo4MZhjrT2U9XQo2xSGFsQAgfo0EhOvAE8e4kWB%2BMdzHIWq%2BtQjYx%2BUdFKGVhvojuRFLTrq3y7C%2B%2BfTGlGmWPa9dMtNJcSnz3G6yIG39FhDpzn15eIxeFtmA2wI7FHryeuaatRprJ6xcOlm7mBwy5CcLwy7UeAElerG9Ze%2ByLP3BRXEErccIVwH6yLDx4UrNjDj5OCcqCLf59xZsxU%2B3%2FIYZI2uF4VGLwV9%2Fweky8Gf7ZWEpdZ2g5IH5wM%2FC%2BIJllU0EuyW1wQWl6lhuzhnfvCwMQR5SnDsZqiPw1I1x1rJ8qaRShcV9U3i8X7xzVcpwXzrvR%2B2A9i3GcSMOi3mEWeY8PYbpQTYG2u0Dvr%2BDTGqwbsY3tktvlD20Rxs6WD8d%2FWCsqTPt7Nqd3vFm7g2i7HGb%2BtHlQGqIGetMrlJpTDeygGGPbkGAZ9hPRUntiFYhLSe1PD0Aq3ox6pYJvr%2BQ6kiry7qPR1BfsglcpOvupLynOwIakD6cg%2FRxoriFBVV%2FiLKibvKF24UdBcANWvYAoxGBYZiuhP%2BBQ6VwtV7mPNaXbFO4Zb3eVdPU5MtQYjUqekp%2Bwy3JEs9REhzVJyrtKB310K8nxonfQWSihfOzdwJ8T4Ts1UFfZcCmB%2Fjmhn3NW5AakUhFJHVqPWxUGFpZFCPI2sYd7s2dfxU9IQVCfa%2BlPtXyvTVyTWSgQgLnH1EFNOritKoBF4FupnfdJweQNv14aQPmvDAN90bmpZuyk4fOvdN6uEnzKXKfle3Ib8V3j6kEk4eftviqzakHrZsNBOIU%2BEqwIvKDvR3J%2Fte55%2BaJfA4hYlRI9tijAyTISPRce0HQbST%2FHwNfvcchSBm4pxCOPTs%2B2trMKl%2BihF34C3z0mAJQm5hhHgLuF7KRa5XZBvLfg%2FtyUH8ri7bZNUF3zcP1Z8Ekn%2BUwGpJCcbeGnc1OwbUIH3nLz994Nf%2BqXsANUi2wrLweJA6DsPtAxYtwJwEI%2F8kCCulYXWRvar6uMriPDDbyt1r46nbHEzOZG%2Fi7GZbGxg%2FFh1WJ57yyC0XTTMLsGonesUFglQL7e9QqYUd5FsXHdSthk5wXFHBSxCtu7NEGd8mQjia1YgoCVt056KlESZCjnn2FObpHEX6uSm%2BTRwLQq7DEb72npzJdxguOMUHEf%2But8NWbnN6059k0W4tQRQ8BQamXmI8cJELC3WpkengVyI%2BAwnuso%2F9JV9Wsq%2FYnUvbonlLtZUAcqUvdIhNWdpL4%3D\">\n<div class=\"rc-text-top rc-text-right rc-bl-personalize-this-content\">\n<div id=\"hateit\" class=\"hateit\" data-text=\"Personalize This Content\" data-position=\"different\"><\/div>\n<\/div>\n<div class=\"rc-clearfix rc-row rc-t-10 rc-g-dl-1 rc-g-d-1\" data-rpi=\"3\">\n<div class=\"row-item\">\n<div id=\"rc_cont_142432\" class=\"rc-w-142432 rc-p rc-p-pt\" data-rcsettings=\"eyJoZWFkZXIiOiIiLCJkZXNrdG9wbGciOnsiY29sIjoiMSIsInJvdyI6IjEiLCJjc3NfY2xhc3MiOiJyYy1nLWRsIiwibWluX3dpZHRoIjoxMTQzLCJtYXhfd2lkdGgiOjEwMDAwMDB9LCJkZXNrdG9wIjp7ImNvbCI6IjEiLCJyb3ciOiIxIiwiY3NzX2NsYXNzIjoicmMtZy1kIiwibWluX3dpZHRoIjo3NjksIm1heF93aWR0aCI6MTE0Mn0sInRhYmxldCI6eyJjb2wiOiIxIiwicm93IjoiMSIsImNzc19jbGFzcyI6InJjLWctdCIsIm1pbl93aWR0aCI6NDgxLCJtYXhfd2lkdGgiOjc2OH0sInBob25lIjp7ImNvbCI6IjEiLCJyb3ciOiIxIiwiY3NzX2NsYXNzIjoicmMtZy1wIiwibWluX3dpZHRoIjowLCJtYXhfd2lkdGgiOjQ4MH0sInBob3RvX3Bvc2l0aW9uIjoiVG9wIiwicGhvbmVfc3BvbnNvcmVkX3Bvc2l0aW9ucyI6IjEiLCJ0YWJsZXRfdG90YWxfY29udGVudCI6MSwicGhvbmVfdG90YWxfdHJlbmRpbmciOjAsImRlc2t0b3BsZ190b3RhbF9zcG9uc29yZWQiOjEsImRlc2t0b3BsZ190b3RhbF90cmVuZGluZyI6MCwidGFibGV0X3RvdGFsX3RyZW5kaW5nIjowLCJ0YWJsZXRfc3BvbnNvcmVkX3Bvc2l0aW9ucyI6IjEiLCJwaG9uZV90b3RhbF9zcG9uc29yZWQiOjEsImRlc2t0b3BsZ19zcG9uc29yZWRfcG9zaXRpb25zIjoiMSIsImRlc2t0b3BfcGFnaW5hdGlvbiI6IiIsImRlc2t0b3BfdG90YWxfc3BvbnNvcmVkIjoxLCJkZXNrdG9wX3Nwb25zb3JlZF9wb3NpdGlvbnMiOiIxIiwicGhvbmVfaW1hZ2VyYXRpbyI6IjQ6MyIsInRhYmxldF9wYWdpbmF0aW9uIjoiIiwiZGVza3RvcGxnX2ltYWdlcmF0aW8iOiI0OjMiLCJ0YWJsZXRfaW1hZ2VyYXRpbyI6IjQ6MyIsInBob25lX3RvdGFsX2NvbnRlbnQiOjEsInBob25lX3BhZ2luYXRpb24iOiIiLCJkZXNrdG9wX2ltYWdlcmF0aW8iOiI0OjMiLCJkZXNrdG9wbGdfdG90YWxfY29udGVudCI6MSwiZGVza3RvcGxnX3BhZ2luYXRpb24iOiIiLCJkZXNrdG9wX3RvdGFsX3RyZW5kaW5nIjowLCJkZXNrdG9wX3RvdGFsX2NvbnRlbnQiOjEsInRhYmxldF90b3RhbF9zcG9uc29yZWQiOjEsImNvdW50IjoxLCJuZXdsaW5lIjpmYWxzZSwicmNpdGVtX2hlaWdodCI6ZmFsc2V9\" data-rct=\"1\" data-onecolumn=\"false\">\n<div id=\"rc-row-container\">\n<div class=\"rc-row rc-t-1 rc-g-dl-1 rc-g-d-1 rc-g-t-1 rc-g-p-1 rc-photo-top\">\n<div class=\"rc-item\" data-pixels=\"[]\" data-row=\"0\">\n<div class=\"rc-item-wrapper\"><\/div>\n<\/div>\n<\/div>\n<\/div>\n<\/div>\n<\/div>\n<\/div>\n<\/div>\n<\/div>\n<\/div>\n<\/div>\n<\/div>\n","protected":false},"excerpt":{"rendered":"<p>Valdimir Putin (The National Interest, 18-6-20) &nbsp; Han transcurrido setenta y cinco a\u00f1os desde el final de la Gran Guerra Patria\u00a0.\u00a0Varias generaciones han crecido a lo largo de los a\u00f1os.\u00a0El mapa pol\u00edtico del planeta ha cambiado.\u00a0La\u00a0Uni\u00f3n Sovi\u00e9tica\u00a0que reclam\u00f3 una victoria \u00e9pica y aplastante sobre el nazismo y salv\u00f3 al mundo entero se ha ido.\u00a0Adem\u00e1s, los [&hellip;]<\/p>\n","protected":false},"author":1,"featured_media":21451,"comment_status":"open","ping_status":"open","sticky":false,"template":"","format":"standard","meta":{"footnotes":""},"categories":[14,12],"tags":[],"class_list":["post-41061","post","type-post","status-publish","format-standard","has-post-thumbnail","hentry","category-internacionales","category-politica-3"],"_links":{"self":[{"href":"https:\/\/debateplural.net\/site\/wp-json\/wp\/v2\/posts\/41061"}],"collection":[{"href":"https:\/\/debateplural.net\/site\/wp-json\/wp\/v2\/posts"}],"about":[{"href":"https:\/\/debateplural.net\/site\/wp-json\/wp\/v2\/types\/post"}],"author":[{"embeddable":true,"href":"https:\/\/debateplural.net\/site\/wp-json\/wp\/v2\/users\/1"}],"replies":[{"embeddable":true,"href":"https:\/\/debateplural.net\/site\/wp-json\/wp\/v2\/comments?post=41061"}],"version-history":[{"count":1,"href":"https:\/\/debateplural.net\/site\/wp-json\/wp\/v2\/posts\/41061\/revisions"}],"predecessor-version":[{"id":41062,"href":"https:\/\/debateplural.net\/site\/wp-json\/wp\/v2\/posts\/41061\/revisions\/41062"}],"wp:featuredmedia":[{"embeddable":true,"href":"https:\/\/debateplural.net\/site\/wp-json\/wp\/v2\/media\/21451"}],"wp:attachment":[{"href":"https:\/\/debateplural.net\/site\/wp-json\/wp\/v2\/media?parent=41061"}],"wp:term":[{"taxonomy":"category","embeddable":true,"href":"https:\/\/debateplural.net\/site\/wp-json\/wp\/v2\/categories?post=41061"},{"taxonomy":"post_tag","embeddable":true,"href":"https:\/\/debateplural.net\/site\/wp-json\/wp\/v2\/tags?post=41061"}],"curies":[{"name":"wp","href":"https:\/\/api.w.org\/{rel}","templated":true}]}}