{"id":41100,"date":"2020-06-22T15:01:10","date_gmt":"2020-06-22T19:01:10","guid":{"rendered":"http:\/\/debateplural.com\/?p=41100"},"modified":"2020-06-22T15:01:10","modified_gmt":"2020-06-22T19:01:10","slug":"trump-y-bolsonaro-la-ineficaz-derecha-americana","status":"publish","type":"post","link":"https:\/\/debateplural.net\/site\/2020\/06\/22\/trump-y-bolsonaro-la-ineficaz-derecha-americana\/","title":{"rendered":"Trump y Bolsonaro: la ineficaz derecha americana"},"content":{"rendered":"<p>Oscar Bravo (Aporrea, 22-6-20)<\/p>\n<p>&nbsp;<\/p>\n<p>Cada vez que la organizaci\u00f3n mundial de la salud y otras instituciones colocan todos los d\u00edas, el n\u00famero de casos y de personas fallecidas, por la terrible pandemia del <a href=\"http:\/\/localhost\/debateplural\/tag\/coronavirus\" target=\"_blank\" rel=\"noopener noreferrer\">Coronavirus<\/a> Covid -19, aparecen \"unos datos\", que son muy significativos, a la hora de \"evaluar\" no solo las tendencias, epicentros\u2026como tambi\u00e9n la manera en que han \"gerenciados\" los dos pa\u00edses que tienen el triste honor de ser los primeros en contagios y en muertes\u2026<\/p>\n<p>All\u00ed tenemos como un ejemplo negativo (lo que no debe hacerse), \u00bfc\u00f3mo es posible que EEUU y Brasil, concentran alrededor del 40% de los casos Covid \u2013 19, a nivel mundial?&#8230;y que las estad\u00edsticas se\u00f1alan de manera muy preocupante, que en el mundo ya hay m\u00e1s de 8 millones de personas contagiadas\u2026pero que entre EEUU y Brasil\u2026es decir, entre Trump y Bolsonaro superan de largo los tres millones casos, y la suma de ambos pa\u00edses se acercan a los 200 mi muertos\u2026<\/p>\n<p><a href=\"http:\/\/localhost\/debateplural\/wp-content\/uploads\/2019\/07\/1087948448.jpg\"><img loading=\"lazy\" decoding=\"async\" class=\"alignnone size-full wp-image-34277\" src=\"http:\/\/localhost\/debateplural\/wp-content\/uploads\/2019\/07\/1087948448.jpg\" alt=\"\" width=\"1000\" height=\"541\" srcset=\"https:\/\/debateplural.net\/site\/wp-content\/uploads\/2019\/07\/1087948448.jpg 1000w, https:\/\/debateplural.net\/site\/wp-content\/uploads\/2019\/07\/1087948448-300x162.jpg 300w, https:\/\/debateplural.net\/site\/wp-content\/uploads\/2019\/07\/1087948448-768x415.jpg 768w, https:\/\/debateplural.net\/site\/wp-content\/uploads\/2019\/07\/1087948448-810x438.jpg 810w\" sizes=\"(max-width: 1000px) 100vw, 1000px\" \/><\/a><\/p>\n<p>Adem\u00e1s estos personajes de la pol\u00edtica, pertenecen a la extrema derecha m\u00e1s conservadora en Am\u00e9rica y ser fervientes defensores de la libre empresa, por encima de \"lo humano\"\u2026son \"los lideres negativos\" a nivel mundial de \u00e9sta pandemia\u2026y los n\u00fameros \"est\u00e1n diciendo\" que en el continente americano, entre EEUU y Brasil, concentran las dos terceras partes de los casos del Covid \u2013 19, sin contar que la otra parte se la lleva casi toda entre Chile y Per\u00fa\u2026<\/p>\n<p>Hay unos detalles, que son dignos de resaltar, con respecto a estos dos gobernantes derechistas\u2026comenzando por que tanto Trump, como Bolsonaro, son acusados en sus respectivos pa\u00edses, como unos jefes de Estados que han manejado con mucha flexibilidad empresarial y poca sensibilidad social, para contrarrestar el avance del Covid -19\u2026es decir, la prioridad es la estabilidad de las empresas, que la salud de su poblaci\u00f3n\u2026<br \/>\n<a href=\"http:\/\/localhost\/debateplural\/wp-content\/uploads\/2020\/05\/1584978800_149098_1584978944_noticia_normal.jpg\"><img loading=\"lazy\" decoding=\"async\" class=\"alignnone size-full wp-image-40298\" src=\"http:\/\/localhost\/debateplural\/wp-content\/uploads\/2020\/05\/1584978800_149098_1584978944_noticia_normal.jpg\" alt=\"\" width=\"1080\" height=\"696\" srcset=\"https:\/\/debateplural.net\/site\/wp-content\/uploads\/2020\/05\/1584978800_149098_1584978944_noticia_normal.jpg 1080w, https:\/\/debateplural.net\/site\/wp-content\/uploads\/2020\/05\/1584978800_149098_1584978944_noticia_normal-300x193.jpg 300w, https:\/\/debateplural.net\/site\/wp-content\/uploads\/2020\/05\/1584978800_149098_1584978944_noticia_normal-1024x660.jpg 1024w, https:\/\/debateplural.net\/site\/wp-content\/uploads\/2020\/05\/1584978800_149098_1584978944_noticia_normal-768x495.jpg 768w, https:\/\/debateplural.net\/site\/wp-content\/uploads\/2020\/05\/1584978800_149098_1584978944_noticia_normal-810x522.jpg 810w\" sizes=\"(max-width: 1080px) 100vw, 1080px\" \/><\/a><\/p>\n<p>Han atacado con mucha dureza a la organizaci\u00f3n mundial de la salud, y hay una situaci\u00f3n que preocupa m\u00e1s all\u00e1 de ser los focos principales a nivel mundial\u2026y es \"la duda razonable\" sobre los n\u00fameros oficiales que ofrecen estos dos pa\u00edses\u2026nada confiables, por lo que se presume que el n\u00famero real de casos supera holgadamente a los que muestran\u2026<\/p>\n<p>Y en los da\u00f1os colaterales, no aparecen se\u00f1alados los millones de desempleados y las manifestaciones antiracistas\u2026<\/p>\n","protected":false},"excerpt":{"rendered":"<p>Oscar Bravo (Aporrea, 22-6-20) &nbsp; Cada vez que la organizaci\u00f3n mundial de la salud y otras instituciones colocan todos los d\u00edas, el n\u00famero de casos y de personas fallecidas, por la terrible pandemia del Coronavirus Covid -19, aparecen \"unos datos\", que son muy significativos, a la hora de \"evaluar\" no solo las tendencias, epicentros\u2026como tambi\u00e9n [&hellip;]<\/p>\n","protected":false},"author":1,"featured_media":36826,"comment_status":"open","ping_status":"open","sticky":false,"template":"","format":"standard","meta":{"footnotes":""},"categories":[14,12],"tags":[],"class_list":["post-41100","post","type-post","status-publish","format-standard","has-post-thumbnail","hentry","category-internacionales","category-politica-3"],"_links":{"self":[{"href":"https:\/\/debateplural.net\/site\/wp-json\/wp\/v2\/posts\/41100"}],"collection":[{"href":"https:\/\/debateplural.net\/site\/wp-json\/wp\/v2\/posts"}],"about":[{"href":"https:\/\/debateplural.net\/site\/wp-json\/wp\/v2\/types\/post"}],"author":[{"embeddable":true,"href":"https:\/\/debateplural.net\/site\/wp-json\/wp\/v2\/users\/1"}],"replies":[{"embeddable":true,"href":"https:\/\/debateplural.net\/site\/wp-json\/wp\/v2\/comments?post=41100"}],"version-history":[{"count":1,"href":"https:\/\/debateplural.net\/site\/wp-json\/wp\/v2\/posts\/41100\/revisions"}],"predecessor-version":[{"id":41101,"href":"https:\/\/debateplural.net\/site\/wp-json\/wp\/v2\/posts\/41100\/revisions\/41101"}],"wp:featuredmedia":[{"embeddable":true,"href":"https:\/\/debateplural.net\/site\/wp-json\/wp\/v2\/media\/36826"}],"wp:attachment":[{"href":"https:\/\/debateplural.net\/site\/wp-json\/wp\/v2\/media?parent=41100"}],"wp:term":[{"taxonomy":"category","embeddable":true,"href":"https:\/\/debateplural.net\/site\/wp-json\/wp\/v2\/categories?post=41100"},{"taxonomy":"post_tag","embeddable":true,"href":"https:\/\/debateplural.net\/site\/wp-json\/wp\/v2\/tags?post=41100"}],"curies":[{"name":"wp","href":"https:\/\/api.w.org\/{rel}","templated":true}]}}