{"id":41292,"date":"2020-07-03T13:06:43","date_gmt":"2020-07-03T17:06:43","guid":{"rendered":"http:\/\/debateplural.com\/?p=41292"},"modified":"2020-07-03T13:06:43","modified_gmt":"2020-07-03T17:06:43","slug":"que-sera-de-nuestro-planeta","status":"publish","type":"post","link":"https:\/\/debateplural.net\/site\/2020\/07\/03\/que-sera-de-nuestro-planeta\/","title":{"rendered":"\u00bfQu\u00e9 ser\u00e1 de nuestro planeta?"},"content":{"rendered":"<p>Hedelberto L\u00f3pez Blanch (<a href=\"https:\/\/www.aporrea.org\/pachamama\/a292373.html\" target=\"_blank\" rel=\"noopener noreferrer\">Aporrea<\/a>, 3-7-20)<\/p>\n<p>&nbsp;<\/p>\n<p>Enormes incendios forestales, potentes huracanes, grandes inundaciones, derretimiento de glaciales, abrumadoras oleadas de calor, terremotos y hasta pandemias de coronavirus atacan a nuestro <a href=\"http:\/\/localhost\/debateplural\/tag\/planeta\" target=\"_blank\" rel=\"noopener noreferrer\">planeta<\/a> y amenazan con destruir econom\u00edas y hasta la existencia humana. El cambio clim\u00e1tico es una realidad que pende sobre todo el planeta con previsiones funestas.<\/p>\n<p>La revista Journal of Geophysical Research: Oceans (JGR Oceans) public\u00f3 un estudio basado en las observaciones realizadas por los sat\u00e9lites ICESat y ICESat-2 de la Nasa el cual muestra que entre 2008 y 2019 el hielo marino en el \u00c1rtico ha disminuido un 20 % en 11 a\u00f1os, o sea, ha perdido 0,37 metros de grosor de su capa.<\/p>\n<p>El \u00c1rtico es el \u00e1rea alrededor del\u00a0<a href=\"about:blank\">Polo Norte<\/a>\u00a0que incluye partes de\u00a0<a href=\"about:blank\">Rusia<\/a>,\u00a0<a href=\"about:blank\">Alaska<\/a>,\u00a0<a href=\"about:blank\">Canad\u00e1<\/a>,\u00a0<a href=\"about:blank\">Groenlandia<\/a>,\u00a0<a href=\"about:blank\">Islandia<\/a>, la regi\u00f3n de\u00a0<a href=\"about:blank\">Laponia<\/a>, en\u00a0<a href=\"about:blank\">Suecia<\/a>,\u00a0<a href=\"about:blank\">Noruega<\/a>,\u00a0<a href=\"about:blank\">Finlandia<\/a>, y las\u00a0<a href=\"about:blank\">Islas Svalbard<\/a>.<\/p>\n<p><a href=\"http:\/\/localhost\/debateplural\/wp-content\/uploads\/2020\/04\/woman-camera-hand-lens-768x482-1.jpg\"><img loading=\"lazy\" decoding=\"async\" class=\"alignnone size-full wp-image-39906\" src=\"http:\/\/localhost\/debateplural\/wp-content\/uploads\/2020\/04\/woman-camera-hand-lens-768x482-1.jpg\" alt=\"\" width=\"768\" height=\"482\" srcset=\"https:\/\/debateplural.net\/site\/wp-content\/uploads\/2020\/04\/woman-camera-hand-lens-768x482-1.jpg 768w, https:\/\/debateplural.net\/site\/wp-content\/uploads\/2020\/04\/woman-camera-hand-lens-768x482-1-300x188.jpg 300w\" sizes=\"(max-width: 768px) 100vw, 768px\" \/><\/a><\/p>\n<p>Otra revista, la Geophysical Research Letters inform\u00f3 que<\/p>\n<p>Groenlandia, la segunda mayor capa de hielo se derrite a pasos incre\u00edbles lo que provoca el aumento del nivel de los mares que hacen peligrar a islas y zonas bajas del planeta, mientras las olas de calor arremeten contra Europa, Am\u00e9rica, Asia y \u00c1frica.<\/p>\n<p>Asegura que el 56% de la regi\u00f3n est\u00e1 afectada por el derretimiento (zona de hielo sometida a temperaturas superiores a 0\u00ba C), incluso las m\u00e1s altas de Groenlandia. Solo durante el mes de julio de 2019, esa capa perdi\u00f3 160 000 millones de toneladas de hielo lo que ha tenido un impacto significativo en el aumento del nivel del mar.<\/p>\n<p>William Ripple, ecologista de la Universidad Estatal de Oreg\u00f3n, en un art\u00edculo publicado en el diario Motherboard se\u00f1al\u00f3 que desde 1992, las emisiones de CO2 han subido un 62 % y la temperatura global se ha incrementado en 29 %, mientras que la abundancia de fauna de vertebrados cay\u00f3 un 29 %\".<\/p>\n<p><a href=\"http:\/\/localhost\/debateplural\/wp-content\/uploads\/2020\/05\/world-ball-atlas-office-768x504-1.jpg\"><img loading=\"lazy\" decoding=\"async\" class=\"alignnone size-full wp-image-40384\" src=\"http:\/\/localhost\/debateplural\/wp-content\/uploads\/2020\/05\/world-ball-atlas-office-768x504-1.jpg\" alt=\"\" width=\"768\" height=\"504\" srcset=\"https:\/\/debateplural.net\/site\/wp-content\/uploads\/2020\/05\/world-ball-atlas-office-768x504-1.jpg 768w, https:\/\/debateplural.net\/site\/wp-content\/uploads\/2020\/05\/world-ball-atlas-office-768x504-1-300x197.jpg 300w\" sizes=\"(max-width: 768px) 100vw, 768px\" \/><\/a><\/p>\n<p>Ripple, quien particip\u00f3 en una investigaci\u00f3n realizada y despu\u00e9s firmada por 15 372 hombres y mujeres de ciencia de 184 pa\u00edses denunci\u00f3 que durante los \u00faltimos 25 a\u00f1os se ha detectado una reducci\u00f3n de 26 % en la cantidad de agua dulce por habitante, un aumento del 75 % de \u00e1reas muertas en los oc\u00e9anos, y una p\u00e9rdida de 120 millones de hect\u00e1reas de \u00e1reas forestales. Y enfatiz\u00f3 \"Necesitamos los medios proporcionados por la naturaleza para nuestra propia supervivencia\".<\/p>\n<p>Esa peligrosa situaci\u00f3n a la que esta expuesta la vida del planeta es la que no entienden ni el presidente de Estados Unidos, Donald Trump quien retir\u00f3 a su gobierno del Acuerdo de Par\u00eds sobre cambio clim\u00e1tico aprobado por 195 pa\u00edses en 2015 y cuyo fin es reducir las emisiones de gases invernaderos a partir de 2020, ni su par brasile\u00f1o Jair Bolsonaro, que bajo el argumento de incrementar la econom\u00eda de la naci\u00f3n, ha justificado la destrucci\u00f3n de la Amazon\u00eda.<\/p>\n<p>La Agencia Espacial Brasile\u00f1a (AEB) inform\u00f3 que en un solo a\u00f1o del desgobierno de Bolsonaro hab\u00edan sido\u00a0<a href=\"https:\/\/www.nytimes.com\/2019\/11\/18\/world\/americas\/brazil-amazon-deforestation.html?module=inline\">arrasadas<\/a>\u00a0m\u00e1s de 958 000 hect\u00e1reas de la Amazon\u00eda, una extensi\u00f3n de selva casi del tama\u00f1o de L\u00edbano.<\/p>\n<p>Y lo peor esta por venir pues el ultraderechista mandatario abri\u00f3 el bosque tropical a la explotaci\u00f3n industrial, disminuy\u00f3 su protecci\u00f3n y en ausencia de agentes federales llegan a la Amazon\u00eda oleadas de madereros, ganaderos y mineros que arrasan con todo el medio ambiente.<\/p>\n<p>Analicemos a grandes rasgos todo a lo que conduce el cambio clim\u00e1tico. Al acumularse los gases contaminantes las temperaturas aumentan y los climas cambian, provocando sequ\u00edas, incendios, deforestaci\u00f3n y desertificaci\u00f3n.<\/p>\n<p>Como las temperaturas son m\u00e1s altas, las lluvias son menos frecuentes, pero m\u00e1s intensas y por tanto, el nivel de inundaciones y su gravedad tambi\u00e9n ir\u00e1n en aumento.<\/p>\n<p>El cambio de temperatura motiva que en zonas templadas y fr\u00edas se propaguen\u00a0<a href=\"https:\/\/blog.oxfamintermon.org\/enfermedades-transmitidas-por-el-agua-contaminada\/\">enfermedades<\/a>\u00a0que hab\u00edan desparecido como dengue, malaria y otras, mientras las incrementa en las regiones c\u00e1lidas.<\/p>\n<p>La quema de combustibles f\u00f3siles y aumento de gases invernadero motivan que el Polo Norte est\u00e9 mucho m\u00e1s caliente que hace 50 a\u00f1os lo cual pone en riesgo la vida de miles de personas por el crecimiento de olas de calor.<\/p>\n<p>El derretimiento de los glaciales por altas temperaturas en los oc\u00e9anos incide en el aumento del nivel del mar situaci\u00f3n peligros\u00edsima pues muchas islas podr\u00edan desaparecer y en numerosas ciudades se reducir\u00e1 la distancia a las costas.<\/p>\n<p>Al potenciarse las temperaturas de los mares, los huracanes ser\u00e1n cada vez m\u00e1s violentos y peligrosos, dejando a su paso destrucci\u00f3n de ciudades, cultivos, desmantelamiento de infraestructuras, hambre y enfermedades.<\/p>\n<p>Diversas especies de animales y de flora est\u00e1n desapareciendo al cambiar el clima y no pueden adaptarse como ocurre con los osos polares que mueren porque no alcanzan los hielos flotantes o las aves migratorias que pierden esa capacidad al verse imposibilitadas de seguir los flujos de temperaturas a las que est\u00e1n habituadas.<\/p>\n<p>La producci\u00f3n de alimentos b\u00e1sicos para la subsistencia humana se reduce con los cambios clim\u00e1ticos lo que a la par conlleva su encarecimiento, situaci\u00f3n m\u00e1s que dif\u00edcil para las grandes mayor\u00edas pobres del planeta.<\/p>\n<p>Por eso cada vez se hace m\u00e1s necesario recordar las palabras del l\u00edder cubano Fidel Castro cuando en la Cumbre de la Tierra efectuada en R\u00edo de Janeiro en 1992 advirti\u00f3: \"Una importante especie biol\u00f3gica est\u00e1 en riesgo de desaparecer por la r\u00e1pida y progresiva liquidaci\u00f3n de sus condiciones naturales de vida: el hombre. Ahora tomamos conciencia de este problema cuando casi es tarde para impedirlo. Es necesario se\u00f1alar que las sociedades desarrolladas son las responsables fundamentales de la atroz destrucci\u00f3n del medio ambiente\".<\/p>\n<p>Y nos podemos preguntar ahora: \u00bfQu\u00e9 ser\u00e1 de nuestro planeta dentro de unos a\u00f1os. Podremos salvarlo?<\/p>\n","protected":false},"excerpt":{"rendered":"<p>Hedelberto L\u00f3pez Blanch (Aporrea, 3-7-20) &nbsp; Enormes incendios forestales, potentes huracanes, grandes inundaciones, derretimiento de glaciales, abrumadoras oleadas de calor, terremotos y hasta pandemias de coronavirus atacan a nuestro planeta y amenazan con destruir econom\u00edas y hasta la existencia humana. El cambio clim\u00e1tico es una realidad que pende sobre todo el planeta con previsiones funestas. [&hellip;]<\/p>\n","protected":false},"author":1,"featured_media":40333,"comment_status":"open","ping_status":"open","sticky":false,"template":"","format":"standard","meta":{"footnotes":""},"categories":[14,13],"tags":[],"class_list":["post-41292","post","type-post","status-publish","format-standard","has-post-thumbnail","hentry","category-internacionales","category-medio-ambiente"],"_links":{"self":[{"href":"https:\/\/debateplural.net\/site\/wp-json\/wp\/v2\/posts\/41292"}],"collection":[{"href":"https:\/\/debateplural.net\/site\/wp-json\/wp\/v2\/posts"}],"about":[{"href":"https:\/\/debateplural.net\/site\/wp-json\/wp\/v2\/types\/post"}],"author":[{"embeddable":true,"href":"https:\/\/debateplural.net\/site\/wp-json\/wp\/v2\/users\/1"}],"replies":[{"embeddable":true,"href":"https:\/\/debateplural.net\/site\/wp-json\/wp\/v2\/comments?post=41292"}],"version-history":[{"count":1,"href":"https:\/\/debateplural.net\/site\/wp-json\/wp\/v2\/posts\/41292\/revisions"}],"predecessor-version":[{"id":41293,"href":"https:\/\/debateplural.net\/site\/wp-json\/wp\/v2\/posts\/41292\/revisions\/41293"}],"wp:featuredmedia":[{"embeddable":true,"href":"https:\/\/debateplural.net\/site\/wp-json\/wp\/v2\/media\/40333"}],"wp:attachment":[{"href":"https:\/\/debateplural.net\/site\/wp-json\/wp\/v2\/media?parent=41292"}],"wp:term":[{"taxonomy":"category","embeddable":true,"href":"https:\/\/debateplural.net\/site\/wp-json\/wp\/v2\/categories?post=41292"},{"taxonomy":"post_tag","embeddable":true,"href":"https:\/\/debateplural.net\/site\/wp-json\/wp\/v2\/tags?post=41292"}],"curies":[{"name":"wp","href":"https:\/\/api.w.org\/{rel}","templated":true}]}}