{"id":41474,"date":"2020-07-10T13:11:55","date_gmt":"2020-07-10T17:11:55","guid":{"rendered":"http:\/\/debateplural.com\/?p=41474"},"modified":"2020-07-10T13:11:55","modified_gmt":"2020-07-10T17:11:55","slug":"el-pasado-criminal-atrapa-al-presidente-de-kosovo","status":"publish","type":"post","link":"https:\/\/debateplural.net\/site\/2020\/07\/10\/el-pasado-criminal-atrapa-al-presidente-de-kosovo\/","title":{"rendered":"El pasado criminal atrapa al presidente de Kosovo"},"content":{"rendered":"<p>Luis Rivas (Sputnik, 10-7-20)<\/p>\n<p>&nbsp;<\/p>\n<div class=\"b-article__lead\">\n<p>Los protectores occidentales de Hashim Thaci no deben estar muy tranquilos con la comparecencia del presidente de <a href=\"http:\/\/localhost\/debateplural\/tag\/kosovo\" target=\"_blank\" rel=\"noopener noreferrer\">Kosovo<\/a> ante el Tribunal especial internacional que investiga los cr\u00edmenes de guerra y contra la humanidad cometidos en ese territorio en 1998 y 1999.<\/p>\n<\/div>\n<div class=\"b-article__text\">\n<p>Para responder de esos presuntos delitos, precisamente, el antiguo comandante del UCK (Ej\u00e9rcito de Liberaci\u00f3n de Kosovo) ha sido convocado a La Haya. La corte le acusa de ser responsable de\u00a0<strong>al menos 100 asesinatos, desapariciones forzadas, persecuci\u00f3n y tortura<\/strong>\u00a0a ciudadanos serbios, gitanos y, tambi\u00e9n, albanokosovares opositores, durante el conflicto que enfrent\u00f3 a esa guerrilla independentista con el ej\u00e9rcito serbio y que provoc\u00f3 la muerte a m\u00e1s de 13.000 personas.<\/p>\n<p>El Tribunal tiene solo cinco a\u00f1os, pero desde hace m\u00e1s de 20 las denuncias sobre Thaci y sus principales colaboradores han sido deso\u00eddas por una comunidad occidental a la que solo interesaba acabar con el gobierno de\u00a0<a href=\"https:\/\/mundo.sputniknews.com\/europa\/201809091081848324-quien-fue-exlider-de-serbia-slobodan-milisevic\/\" target=\"_blank\" rel=\"noopener noreferrer\">Slobodan Milosevic<\/a>, primero a bombazos y despu\u00e9s en los tribunales. La primera en abrir la caja del horror fue la magistrada suiza Carla Del Ponte, nombrada presidenta del Tribunal Penal Internacional de La Haya para la antigua Yugoslavia (TPIY) en 1999.<\/p>\n<p><a href=\"http:\/\/localhost\/debateplural\/wp-content\/uploads\/2020\/07\/Hashim-Tha\u00e7i-02-foto-KALLXOcom-1024x576-1.jpg\"><img loading=\"lazy\" decoding=\"async\" class=\"alignnone size-full wp-image-41476\" src=\"http:\/\/localhost\/debateplural\/wp-content\/uploads\/2020\/07\/Hashim-Tha\u00e7i-02-foto-KALLXOcom-1024x576-1.jpg\" alt=\"\" width=\"1024\" height=\"576\" srcset=\"https:\/\/debateplural.net\/site\/wp-content\/uploads\/2020\/07\/Hashim-Tha\u00e7i-02-foto-KALLXOcom-1024x576-1.jpg 1024w, https:\/\/debateplural.net\/site\/wp-content\/uploads\/2020\/07\/Hashim-Tha\u00e7i-02-foto-KALLXOcom-1024x576-1-300x169.jpg 300w, https:\/\/debateplural.net\/site\/wp-content\/uploads\/2020\/07\/Hashim-Tha\u00e7i-02-foto-KALLXOcom-1024x576-1-768x432.jpg 768w, https:\/\/debateplural.net\/site\/wp-content\/uploads\/2020\/07\/Hashim-Tha\u00e7i-02-foto-KALLXOcom-1024x576-1-810x456.jpg 810w\" sizes=\"(max-width: 1024px) 100vw, 1024px\" \/><\/a><\/p>\n<p>Del Ponte, aplaudida por su mano dura contra los acusados serbios en ese tribunal, fue denostada p\u00fablicamente cuando denunci\u00f3 los presuntos cr\u00edmenes de los guerrilleros kosovares y el silencio de los gobiernos occidentales.<\/p>\n<p>En sus memorias, publicadas en 2008, la jueza suiza se\u00f1ala al jefe de la misi\u00f3n de la ONU para Kosovo (MINUSKO), el franc\u00e9s, Bernard Kouchner, y al general Marcel Valentin, tambi\u00e9n franc\u00e9s, responsable de\u00a0<a href=\"https:\/\/mundo.sputniknews.com\/firmas\/201812171084189040-politica-exterior-kosovar-busca-crear-ejercito\/\" target=\"_blank\" rel=\"noopener noreferrer\">la KFOR<\/a>\u00a0(fuerza militar de la OTAN desplegada en Kosovo), como\u00a0<strong>dos de los responsables internacionales<\/strong>\u00a0que m\u00e1s hicieron, o dejaron de hacer, para impedir su investigaci\u00f3n.<\/p>\n<h4>Tr\u00e1fico de \u00f3rganos desde Kosovo y Albania<\/h4>\n<p>Tuvieron que pasar todav\u00eda algunos a\u00f1os hasta que el Consejo de Europa encargara a otro suizo, el senador Dick Marty, continuar recogiendo pruebas sobre los asesinatos y\u00a0<a href=\"https:\/\/mundo.sputniknews.com\/entrevistas\/201903061085914363-desaparicion-de-personas-en-kosovo\/\" target=\"_blank\" rel=\"noopener noreferrer\">desapariciones de personas<\/a>\u00a0a manos de Thaci y sus compinches. Marty puso tambi\u00e9n al descubierto lo que ya todos conoc\u00edan en la zona,\u00a0<a href=\"https:\/\/mundo.sputniknews.com\/europa\/201903071085939454-investigacion-de-crimenes-graves-en-kosovo\/\" target=\"_blank\" rel=\"noopener noreferrer\">el tr\u00e1fico de \u00f3rganos humanos<\/a>\u00a0al que se dedicaban los responsables del UCK.<\/p>\n<p><a href=\"http:\/\/localhost\/debateplural\/wp-content\/uploads\/2020\/07\/EbBqw-HXQAUyk6n.jpg\"><img loading=\"lazy\" decoding=\"async\" class=\"alignnone size-full wp-image-41477\" src=\"http:\/\/localhost\/debateplural\/wp-content\/uploads\/2020\/07\/EbBqw-HXQAUyk6n.jpg\" alt=\"\" width=\"978\" height=\"549\" srcset=\"https:\/\/debateplural.net\/site\/wp-content\/uploads\/2020\/07\/EbBqw-HXQAUyk6n.jpg 978w, https:\/\/debateplural.net\/site\/wp-content\/uploads\/2020\/07\/EbBqw-HXQAUyk6n-300x168.jpg 300w, https:\/\/debateplural.net\/site\/wp-content\/uploads\/2020\/07\/EbBqw-HXQAUyk6n-768x431.jpg 768w, https:\/\/debateplural.net\/site\/wp-content\/uploads\/2020\/07\/EbBqw-HXQAUyk6n-810x455.jpg 810w\" sizes=\"(max-width: 978px) 100vw, 978px\" \/><\/a><\/p>\n<p>El informe de Marty denuncia que varios centenares de prisioneros capturados por la guerrilla kosovar \u2014serbios en su mayor\u00eda, pero tambi\u00e9n miembros de otras etnias\u2014 habr\u00edan sido deportados a Albania y encerrados en centros de detenci\u00f3n, como la famosa 'Casa Amarilla' de la localidad de Rripe.<\/p>\n<p>Desde esas prisiones, los detenidos eran conducidos a una cl\u00ednica situada a unos 15 kil\u00f3metros del aeropuerto internacional de Tirana, la capital del pa\u00eds, donde despu\u00e9s de haberles extra\u00eddo los \u00f3rganos vitales \u2014en especial, los ri\u00f1ones\u2014 eran asesinados de un balazo en la nuca. Los responsables del tr\u00e1fico pertenec\u00edan al llamado 'grupo de la Drenica', del que formaba parte Thaci y, entre otros, su futuro consejero para la Salud, Shaip Muja, entonces responsable de la brigada m\u00e9dica del UCK.<\/p>\n<h4>El papel de la CIA y la DGSE francesa<\/h4>\n<p>El brazo derecho de Hashim Thaci, Kadri Veseli, y jefe de su formaci\u00f3n pol\u00edtica, el Partido Democr\u00e1tico de Kosovo (PDK), ha sido tambi\u00e9n solicitado por los jueces de La Haya. Veseli, que asegura que la guerra llevada a cabo por el UCK \"fue justa y limpia\", fue responsable del Shik, el servicio de inteligencia de la guerilla kosovar.<\/p>\n<p>La CIA norteamericana y la Direcci\u00f3n General de la Seguridad Exterior (DGSE) francesa han sido acusadas de haber ayudado a la creaci\u00f3n del Shik, que se convirti\u00f3 en un escuadr\u00f3n de la muerte tras la guerra, para eliminar a los opositores internos de Thaci y a los posibles testigos de las atrocidades del UCK, seg\u00fan denunci\u00f3 un exmiembro de la organizaci\u00f3n, Nazim Blaca, que en 2009 confes\u00f3 haber eliminado a varias personas por orden del entonces gubernamental PDK.<\/p>\n<p>Desde el a\u00f1o 2000, los servicios de inteligencia de\u00a0<a href=\"https:\/\/mundo.sputniknews.com\/infografia\/201807111080327211-alianza-atlantico-norte-historia-paises\/\" target=\"_blank\" rel=\"noopener noreferrer\">la OTAN<\/a>\u00a0tienen pruebas de la implicaci\u00f3n de Thaci en las operaciones m\u00e1s sucias llevadas a cabo en Kosovo. Los documentos que lo corroboraban desaparecieron en un incendio inexplicado que se desat\u00f3 en un dep\u00f3sito de la Alianza Atl\u00e1ntica de Pr\u00edstina, la capital kosovar.<\/p>\n<p>Hasta ahora, la justicia internacional ha preferido vendarse los ojos durante a\u00f1os para evitar la denuncia de un r\u00e9gimen corrupto y estrechamente ligado al crimen organizado. Apoyado por gobiernos como el norteamericano y algunos europeos, Thaci y sus allegados han conseguido silenciar a sus ciudadanos y a sobornar, en muchos casos, a los funcionarios internacionales que en teor\u00eda deber\u00edan haberles vigilado.<\/p>\n<h4>Los intereses de Washington y el futuro de la 'La Serpiente'<\/h4>\n<p>La llamada a comparecer ante el Tribunal internacional tiene tambi\u00e9n consecuencias para la batalla geoestrat\u00e9gica entre Estados Unidos y Europa en los Balcanes. Washington presiona para que el gobierno kosovar y el serbio firmen un intercambio de territorios que ayude a \"normalizar\" las relaciones entre las dos partes.<\/p>\n<p>La Uni\u00f3n Europea, con Alemania y Francia a la cabeza, se oponen firmemente a esa \"correcci\u00f3n de fronteras\", que podr\u00eda abrir otros conflictos territoriales en la zona. Hashim Thaci\u00a0<a href=\"https:\/\/mundo.sputniknews.com\/politica\/202006251091873303-el-primer-ministro-kosovar-cancela-su-participacion-en-la-cumbre-especial-con-serbia-en-eeuu\/\" target=\"_blank\" rel=\"noopener noreferrer\">tuvo que cancelar su visita<\/a>\u00a0a la Casa Blanca a finales de junio por la convocatoria judicial, frustrando as\u00ed, de momento, el plan norteamericano. Kosovo es, desde su autoproclamada independencia, una base norteamericana en el patio trasero de Europa.<\/p>\n<p>Kosovo pretende ser admitido por los principales organismos internacionales si firma un acuerdo con Serbia que ponga fin al\u00a0<a href=\"https:\/\/mundo.sputniknews.com\/europa\/201706201070115963-conflicto-guerra-kosovo-serbia-otan\/\" target=\"_blank\" rel=\"noopener noreferrer\">conflicto que les enfrenta desde 1998<\/a>. Cinco pa\u00edses de la UE (Grecia, Ruman\u00eda, Chipre, Eslovaquia y Espa\u00f1a) se niegan a reconocer a Kosovo como pa\u00eds independiente. Rusia y China tambi\u00e9n vetar\u00edan el acceso de esa antigua provincia serbia a la ONU.<\/p>\n<p>El Tribunal especial para Kosovo tiene mucho que aportar al futuro pol\u00edtico de esa entidad y, especialmente, al del l\u00edder que la dirige primero como primer ministro y despu\u00e9s como presidente: 'La Serpiente', seg\u00fan su nombre de guerra en el UCK.<\/p>\n<\/div>\n","protected":false},"excerpt":{"rendered":"<p>Luis Rivas (Sputnik, 10-7-20) &nbsp; Los protectores occidentales de Hashim Thaci no deben estar muy tranquilos con la comparecencia del presidente de Kosovo ante el Tribunal especial internacional que investiga los cr\u00edmenes de guerra y contra la humanidad cometidos en ese territorio en 1998 y 1999. Para responder de esos presuntos delitos, precisamente, el antiguo [&hellip;]<\/p>\n","protected":false},"author":1,"featured_media":41475,"comment_status":"open","ping_status":"open","sticky":false,"template":"","format":"standard","meta":{"footnotes":""},"categories":[14,12],"tags":[],"class_list":["post-41474","post","type-post","status-publish","format-standard","has-post-thumbnail","hentry","category-internacionales","category-politica-3"],"_links":{"self":[{"href":"https:\/\/debateplural.net\/site\/wp-json\/wp\/v2\/posts\/41474"}],"collection":[{"href":"https:\/\/debateplural.net\/site\/wp-json\/wp\/v2\/posts"}],"about":[{"href":"https:\/\/debateplural.net\/site\/wp-json\/wp\/v2\/types\/post"}],"author":[{"embeddable":true,"href":"https:\/\/debateplural.net\/site\/wp-json\/wp\/v2\/users\/1"}],"replies":[{"embeddable":true,"href":"https:\/\/debateplural.net\/site\/wp-json\/wp\/v2\/comments?post=41474"}],"version-history":[{"count":1,"href":"https:\/\/debateplural.net\/site\/wp-json\/wp\/v2\/posts\/41474\/revisions"}],"predecessor-version":[{"id":41478,"href":"https:\/\/debateplural.net\/site\/wp-json\/wp\/v2\/posts\/41474\/revisions\/41478"}],"wp:featuredmedia":[{"embeddable":true,"href":"https:\/\/debateplural.net\/site\/wp-json\/wp\/v2\/media\/41475"}],"wp:attachment":[{"href":"https:\/\/debateplural.net\/site\/wp-json\/wp\/v2\/media?parent=41474"}],"wp:term":[{"taxonomy":"category","embeddable":true,"href":"https:\/\/debateplural.net\/site\/wp-json\/wp\/v2\/categories?post=41474"},{"taxonomy":"post_tag","embeddable":true,"href":"https:\/\/debateplural.net\/site\/wp-json\/wp\/v2\/tags?post=41474"}],"curies":[{"name":"wp","href":"https:\/\/api.w.org\/{rel}","templated":true}]}}