{"id":41549,"date":"2020-07-15T11:07:23","date_gmt":"2020-07-15T15:07:23","guid":{"rendered":"http:\/\/debateplural.com\/?p=41549"},"modified":"2020-07-15T11:08:03","modified_gmt":"2020-07-15T15:08:03","slug":"enfrentamiento-en-el-caucaso","status":"publish","type":"post","link":"https:\/\/debateplural.net\/site\/2020\/07\/15\/enfrentamiento-en-el-caucaso\/","title":{"rendered":"Enfrentamiento en el C\u00e1ucaso"},"content":{"rendered":"<p>Pablo Jofre leal (<a href=\"https:\/\/www.telesurtv.net\/bloggers\/Enfrentamiento-en-el-Caucaso-20200715-0001.html\" target=\"_blank\" rel=\"noopener noreferrer\">teleSur<\/a>, 15-7-20)<\/p>\n<p>&nbsp;<\/p>\n<p>En un marco de complejos problemas mundiales derivados de la pandemia de la <a href=\"http:\/\/localhost\/debateplural\/tag\/covid-19\" target=\"_blank\" rel=\"noopener noreferrer\">Covid 19<\/a>, existen pa\u00edses que aprovechan esta coyuntura para seguir agrediendo a otros pueblos.<\/p>\n<p>En este caso, Armenia bombarde\u00f3 el d\u00eda 12 de julio pasado con fuego de artiller\u00eda y uso de drones, los pueblos de Azerbaiy\u00e1n de Agdam y Dondar Kuscu, ubicados en la frontera entre ambos pa\u00edses en la provincia de Tovuz, zona noroccidental de Azerbaiy\u00e1n. El ministro de Defensa de Armenia, Davit Tonoyan, amenaz\u00f3 a Azerbaiy\u00e1n con invadirlo para obtener \u201cnuevas posiciones\u201d. Esto sigue a otra declaraci\u00f3n de Tonoyan un a\u00f1o antes, en la que anunciaba que Armenia ocupar\u00eda nuevos territorios en caso de una nueva guerra con Azerbaiy\u00e1n. Seg\u00fan consign\u00f3 el medio Los Angeles Times.<\/p>\n<p>Un ataque, que representa el incidente m\u00e1s grave desde el a\u00f1o 2016, que ha significado la afectaci\u00f3n de zonas residenciales civiles de Azerbaiy\u00e1n, denunciadas por el gobierno de Bak\u00fa, como una muestra de la conducta agresiva de armenia que ocupa, desde el a\u00f1o 1992 el 20 por ciento del territorio de Azerbaiy\u00e1n, en la regi\u00f3n de Nagorno Karabaj y siete municipios adyacentes.<\/p>\n<p><a href=\"http:\/\/localhost\/debateplural\/wp-content\/uploads\/2020\/07\/1065212567_0_0_3088_1671_1000x541_80_0_0_b711891d9988f2fb73699cec5e58f3dd.jpg\"><img loading=\"lazy\" decoding=\"async\" class=\"alignnone size-full wp-image-41553\" src=\"http:\/\/localhost\/debateplural\/wp-content\/uploads\/2020\/07\/1065212567_0_0_3088_1671_1000x541_80_0_0_b711891d9988f2fb73699cec5e58f3dd.jpg\" alt=\"\" width=\"1000\" height=\"541\" srcset=\"https:\/\/debateplural.net\/site\/wp-content\/uploads\/2020\/07\/1065212567_0_0_3088_1671_1000x541_80_0_0_b711891d9988f2fb73699cec5e58f3dd.jpg 1000w, https:\/\/debateplural.net\/site\/wp-content\/uploads\/2020\/07\/1065212567_0_0_3088_1671_1000x541_80_0_0_b711891d9988f2fb73699cec5e58f3dd-300x162.jpg 300w, https:\/\/debateplural.net\/site\/wp-content\/uploads\/2020\/07\/1065212567_0_0_3088_1671_1000x541_80_0_0_b711891d9988f2fb73699cec5e58f3dd-768x415.jpg 768w, https:\/\/debateplural.net\/site\/wp-content\/uploads\/2020\/07\/1065212567_0_0_3088_1671_1000x541_80_0_0_b711891d9988f2fb73699cec5e58f3dd-810x438.jpg 810w\" sizes=\"(max-width: 1000px) 100vw, 1000px\" \/><\/a><\/p>\n<p>El ej\u00e9rcito de Azerbaiy\u00e1n respondi\u00f3 el ataque armenio generando bajas mortales y heridos, estimadas en 10 soldados armenios entre muertos y heridos. Por el lado de Azerbaiy\u00e1n se contabilizaron, hasta el momento, 5 muertos y cuatro heridos, entre ellos el comandante general Polad Hash\u00edmov. Desde posiciones de Azerbaiy\u00e1n se procedi\u00f3 a bombardear puestos del ej\u00e9rcito armenio, una estaci\u00f3n militar de radar, almacenes, tanques y carros blindados.<\/p>\n<p>Gobiernos como el de Rusia y la secretar\u00eda general de la Organizaci\u00f3n de Naciones Unidas (ONU) han expresado su preocupaci\u00f3n ante el enfrentamiento entre ambos pa\u00edses, en una zona de por si compleja. Turqu\u00eda ha expresado su total apoyo al gobierno de Azerbaiy\u00e1n presidido por el presidente Ilham Aliyev. El ministro de Defensa turco, Hulusi Akar, se\u00f1al\u00f3 en declaraci\u00f3n oficial citada por la agencia turca Anadolu. \u201cContinuaremos brindando toda la ayuda y apoyo posibles a las Fuerzas Armadas de Azerbaiy\u00e1n contra Armenia, que ha estado siguiendo una pol\u00edtica de agresi\u00f3n durante muchos a\u00f1os, ocupando ilegalmente la tierra de Azerbaiy\u00e1n\u201d en referencia a la ocupaci\u00f3n de Nagorno Karabaj considerado por la ONU y resoluciones al respecto como un caso de territorio ocupado ilegalmente y que debe ser reintegrado a Azerbaiy\u00e1n.<\/p>\n<p>Por su parte, Antonio Guterres, secretario general de la ONU expres\u00f3, a trav\u00e9s de su portavoz, la preocupaci\u00f3n que inunda a este organismo internacional por el conflicto que se est\u00e1 dando entre Azerbaiy\u00e1n y Armenia, con uso de armas de artiller\u00eda y que han dejado aun, un n\u00famero indeterminado de v\u00edctimas. Rusia ha ofrecido mediar sin que exista todav\u00eda respuesta oficial a tal idea. Igual posici\u00f3n de mediador tomo la Cruz Roja internacional.<\/p>\n<p><a href=\"http:\/\/localhost\/debateplural\/wp-content\/uploads\/2020\/07\/nagorno_1.jpg\"><img loading=\"lazy\" decoding=\"async\" class=\"alignnone size-full wp-image-41554\" src=\"http:\/\/localhost\/debateplural\/wp-content\/uploads\/2020\/07\/nagorno_1.jpg\" alt=\"\" width=\"800\" height=\"534\" srcset=\"https:\/\/debateplural.net\/site\/wp-content\/uploads\/2020\/07\/nagorno_1.jpg 800w, https:\/\/debateplural.net\/site\/wp-content\/uploads\/2020\/07\/nagorno_1-300x200.jpg 300w, https:\/\/debateplural.net\/site\/wp-content\/uploads\/2020\/07\/nagorno_1-768x513.jpg 768w\" sizes=\"(max-width: 800px) 100vw, 800px\" \/><\/a><\/p>\n<p>\"Estamos dispuestos a actuar como intermediario neutral entre las partes y ayudar a los afectados por la reciente escalada de enfrentamientos\", ha asegurado en un comunicado el director de operaciones para la regi\u00f3n del CICR, Martin Schuepp.<\/p>\n<p>Guterres ha ofrecido apoyar una soluci\u00f3n pac\u00edfica al conflicto y trabajar, igualmente, por la soluci\u00f3n de la ocupaci\u00f3n del territorio de Nagorno Karabaj, que es un contencioso que la no solucionarse en funci\u00f3n de lograr su devoluci\u00f3n a su leg\u00edtimo due\u00f1o, seguir\u00e1 convirtiendo la zona en un polvor\u00edn. Misma postura expresada por el gobierno de Rusia y miembros del llamado Grupo de Minsk de la Organizaci\u00f3n para la Seguridad y Cooperaci\u00f3n de Europa (OSCE) que ha intentado en ocasiones anteriores mediar para la soluci\u00f3n del conflicto entre ambos pa\u00edses.<\/p>\n<p>Recordemos que entre los a\u00f1os 1990-93 Armenia comenz\u00f3 una guerra de agresi\u00f3n contra Azerbaiy\u00e1n, ocupando la regi\u00f3n conocida como Nagorno-Karabaj y 7 distritos adyacentes &#8211; Kalbajar, Lach\u00edn, Gubadl\u00ed, Zanguil\u00e1n, Jabra\u00edl, Fizul\u00ed, Agd\u00e1m \u2013 que en conjunto representan el 20 por ciento del territorio del pa\u00eds, cometiendo adem\u00e1s violaciones a los derechos humanos de la poblaci\u00f3n, en una limpieza \u00e9tnica que signific\u00f3 la expulsi\u00f3n de un mill\u00f3n de azerbaiyanos de sus tierras de origen convirti\u00e9ndose en desplazados.<\/p>\n<p>Lo descrito est\u00e1 avalado por bases legales establecidas en el derecho internacional y sobre todo con fundamentos que radican en resoluciones y decisiones adoptadas por los principales organismos internacionales para la resoluci\u00f3n del conflicto. Entre ellas cuatro resoluciones del Consejo de Seguridad de las Naciones Unidas la resoluci\u00f3n N.\u00ba 822, N\u00ba853, N\u00ba874 y la Resoluci\u00f3n N.\u00ba 884, todas ellas aprobadas el a\u00f1o 1993 y que confirman la tesis de Azerbaiy\u00e1n que: la regi\u00f3n de Nagorno-Karabaj es una parte integral de Azerbaiy\u00e1n. Se exige la retirada inmediata, completa e incondicional de las fuerzas de ocupaci\u00f3n armenias de todos territorios ocupados de Azerbaiy\u00e1n. Como tambi\u00e9n se indica la necesidad y obligaci\u00f3n del retorno de los desplazados internos a sus tierras de origen en condiciones de seguridad y dignidad.<\/p>\n<p>El gobierno de Ilham Aliyev, como muestra de buena voluntad llam\u00f3 a los organismos internacionales, representantes militares de aquellos pa\u00edses que quieran, comprobar en terreno los acontecimientos signados por Bak\u00fa como agresi\u00f3n y as\u00ed dar cuenta de lo que acusa es: una inequ\u00edvoca e inaceptable provocaci\u00f3n militar, siempre y cuando las condiciones operativas as\u00ed lo permitan Catalizado por una Armenia que desea, de este modo, desviar la atenci\u00f3n de su grave situaci\u00f3n socioecon\u00f3mica interna y los efectos de una pandemia que el gobierno del primer ministro Nikol Pashinyan no es capaz de contender y que ha significado que este pa\u00eds cuente con 35 mil casos confirmados de Covid 19 y 600 muertos que representa el mayor n\u00famero de contagios y decesos en todo el C\u00e1ucaso Meridional- Unido a esa pol\u00edtica armenia de tratar de involucrar a terceros pa\u00edses en un conflicto que bien sabe podr\u00eda terminar si devuelve los territorios ocupados de Nagorno-Karabaj.<\/p>\n","protected":false},"excerpt":{"rendered":"<p>Pablo Jofre leal (teleSur, 15-7-20) &nbsp; En un marco de complejos problemas mundiales derivados de la pandemia de la Covid 19, existen pa\u00edses que aprovechan esta coyuntura para seguir agrediendo a otros pueblos. En este caso, Armenia bombarde\u00f3 el d\u00eda 12 de julio pasado con fuego de artiller\u00eda y uso de drones, los pueblos de [&hellip;]<\/p>\n","protected":false},"author":1,"featured_media":41552,"comment_status":"open","ping_status":"open","sticky":false,"template":"","format":"standard","meta":{"footnotes":""},"categories":[14,12],"tags":[],"class_list":["post-41549","post","type-post","status-publish","format-standard","has-post-thumbnail","hentry","category-internacionales","category-politica-3"],"_links":{"self":[{"href":"https:\/\/debateplural.net\/site\/wp-json\/wp\/v2\/posts\/41549"}],"collection":[{"href":"https:\/\/debateplural.net\/site\/wp-json\/wp\/v2\/posts"}],"about":[{"href":"https:\/\/debateplural.net\/site\/wp-json\/wp\/v2\/types\/post"}],"author":[{"embeddable":true,"href":"https:\/\/debateplural.net\/site\/wp-json\/wp\/v2\/users\/1"}],"replies":[{"embeddable":true,"href":"https:\/\/debateplural.net\/site\/wp-json\/wp\/v2\/comments?post=41549"}],"version-history":[{"count":2,"href":"https:\/\/debateplural.net\/site\/wp-json\/wp\/v2\/posts\/41549\/revisions"}],"predecessor-version":[{"id":41555,"href":"https:\/\/debateplural.net\/site\/wp-json\/wp\/v2\/posts\/41549\/revisions\/41555"}],"wp:featuredmedia":[{"embeddable":true,"href":"https:\/\/debateplural.net\/site\/wp-json\/wp\/v2\/media\/41552"}],"wp:attachment":[{"href":"https:\/\/debateplural.net\/site\/wp-json\/wp\/v2\/media?parent=41549"}],"wp:term":[{"taxonomy":"category","embeddable":true,"href":"https:\/\/debateplural.net\/site\/wp-json\/wp\/v2\/categories?post=41549"},{"taxonomy":"post_tag","embeddable":true,"href":"https:\/\/debateplural.net\/site\/wp-json\/wp\/v2\/tags?post=41549"}],"curies":[{"name":"wp","href":"https:\/\/api.w.org\/{rel}","templated":true}]}}