{"id":41767,"date":"2020-07-27T11:27:01","date_gmt":"2020-07-27T15:27:01","guid":{"rendered":"http:\/\/debateplural.com\/?p=41767"},"modified":"2020-07-27T11:27:01","modified_gmt":"2020-07-27T15:27:01","slug":"los-infectados-y-la-lucha-por-la-reconquista-de-la-democracia","status":"publish","type":"post","link":"https:\/\/debateplural.net\/site\/2020\/07\/27\/los-infectados-y-la-lucha-por-la-reconquista-de-la-democracia\/","title":{"rendered":"Los infectados y la lucha por la reconquista de la democracia"},"content":{"rendered":"<p><a href=\"https:\/\/rebelion.org\/autor\/eduardo-paz-rada\/\">Eduardo Paz Rada<\/a> (Rebelion, 27-7-20)<\/p>\n<p>&nbsp;<\/p>\n<p>Mientras el gobierno de facto de Bolivia, apoyado por las corporaciones medi\u00e1ticas m\u00e1s grandes del pa\u00eds y algunos \u201canalistas imparciales\u201d, ha iniciado una campa\u00f1a para mantenerse en el control del poder buscando postergar por tercera vez la fecha de elecciones fijada ahora para el 6 de septiembre, las organizaciones populares coordinadas por la Central Obrera Boliviana (COB) y el Pacto de Unidad que re\u00fane a campesinos, ind\u00edgenas, mujeres y vecinos de los barrios marginales de las grandes ciudades se movilizan y luchan por la supervivencia cotidiana, la recuperaci\u00f3n de la <a href=\"http:\/\/localhost\/debateplural\/tag\/democracia\" target=\"_blank\" rel=\"noopener noreferrer\">democracia<\/a> y la realizaci\u00f3n inmediata de los comicios.<\/p>\n<p>Los argumentos prorroguistas no solamente se refieren a que el acto electoral podr\u00eda elevar el n\u00famero de casos de contagio sino, de manera velada, se amenaza con la ejecuci\u00f3n de un segundo golpe de estado conducido por militares cercanos a la embajada norteamericana y a los partidos neoliberales y conservadores, aunque las movilizaciones de los sectores populares en todo el pa\u00eds han conseguido que importantes grupos de jefes, oficiales y suboficiales de las Fuerzas Armadas se pronuncien p\u00fablicamente contra la mala gesti\u00f3n del gobierno, el que pr\u00e1cticamente ha dejado abandonada a la poblaci\u00f3n frente a la pandemia.<\/p>\n<p><a href=\"http:\/\/localhost\/debateplural\/wp-content\/uploads\/2019\/12\/foto-20efe-20-a-c3-91ez.jpg\"><img loading=\"lazy\" decoding=\"async\" class=\"alignnone size-full wp-image-37362\" src=\"http:\/\/localhost\/debateplural\/wp-content\/uploads\/2019\/12\/foto-20efe-20-a-c3-91ez.jpg\" alt=\"\" width=\"960\" height=\"640\" srcset=\"https:\/\/debateplural.net\/site\/wp-content\/uploads\/2019\/12\/foto-20efe-20-a-c3-91ez.jpg 960w, https:\/\/debateplural.net\/site\/wp-content\/uploads\/2019\/12\/foto-20efe-20-a-c3-91ez-300x200.jpg 300w, https:\/\/debateplural.net\/site\/wp-content\/uploads\/2019\/12\/foto-20efe-20-a-c3-91ez-768x512.jpg 768w, https:\/\/debateplural.net\/site\/wp-content\/uploads\/2019\/12\/foto-20efe-20-a-c3-91ez-810x540.jpg 810w\" sizes=\"(max-width: 960px) 100vw, 960px\" \/><\/a><\/p>\n<p>Un nuevo golpe llevar\u00eda a una situaci\u00f3n de enfrentamiento con el pueblo movilizado. Se recuerda que en el golpe de estado de noviembre de 2019 se produjeron las masacres de Senkata en El Alto y Sacaba en Cochabamba, cuando murieron m\u00e1s de treinta personas y quedaron heridas cerca a un millar. A partir de ese momento se produjo tambi\u00e9n la persecuci\u00f3n y detenci\u00f3n de centenares de dirigentes pol\u00edticos y sociales.<\/p>\n<p>Asimismo la crisis econ\u00f3mica ha dejado sin trabajo a m\u00e1s del veinte por ciento de la poblaci\u00f3n econ\u00f3micamente activa, la recesi\u00f3n alcanza niveles elevados, el gobierno ha paralizado la inversi\u00f3n p\u00fablica a pesar de los millonarios desembolsos del Banco Central y la tendencia al aumento de la pobreza y la extrema pobreza es evidente. A esto se suman los hechos de corrupci\u00f3n en la compra de insumos m\u00e9dicos y en las empresas estatales ENTEL y YPFB, entre otros.<\/p>\n<p>El discurso de varios ministros, autoridades, redes y medios de comunicaci\u00f3n en sentido de que los masivos sectores de la poblaci\u00f3n que incumpl\u00edan la cuarentena y sal\u00edan en busca de trabajo, medios de subsistencia y realizaci\u00f3n de peque\u00f1as actividades comerciales y productivas eran \u201cignorantes\u201d, \u201csalvajes\u201d, \u201cindios\u201d y \u201cmasistas\u201d y por esa raz\u00f3n se infectaban del virus, se volc\u00f3 radicalmente porque ocho ministros, m\u00e1s de una decena de viceministros y otras autoridades han sido quienes han contra\u00eddo la enfermedad. M\u00e1s a\u00fan la propia autoproclamada presidenta, Jeannine A\u00f1ez, tiene coronavirus y gobierna desde su aislamiento en la casa presidencial. La diferencia es que estas autoridades tienen pruebas, m\u00e9dicos, f\u00e1rmacos, terapia intensiva y atenci\u00f3n especializada.<\/p>\n<div id=\"attachment_36516\" style=\"width: 800px\" class=\"wp-caption alignnone\"><a href=\"http:\/\/localhost\/debateplural\/wp-content\/uploads\/2019\/10\/6220-evovictoria.jpg\"><img loading=\"lazy\" decoding=\"async\" aria-describedby=\"caption-attachment-36516\" class=\"size-full wp-image-36516\" src=\"http:\/\/localhost\/debateplural\/wp-content\/uploads\/2019\/10\/6220-evovictoria.jpg\" alt=\"\" width=\"790\" height=\"400\" srcset=\"https:\/\/debateplural.net\/site\/wp-content\/uploads\/2019\/10\/6220-evovictoria.jpg 790w, https:\/\/debateplural.net\/site\/wp-content\/uploads\/2019\/10\/6220-evovictoria-300x152.jpg 300w, https:\/\/debateplural.net\/site\/wp-content\/uploads\/2019\/10\/6220-evovictoria-768x389.jpg 768w\" sizes=\"(max-width: 790px) 100vw, 790px\" \/><\/a><p id=\"caption-attachment-36516\" class=\"wp-caption-text\">Evo Morales<\/p><\/div>\n<p>El Tribunal Supremo Electoral, luego de consultas con los partidos pol\u00edticos, el gobierno y la Asamblea Legislativa Plurinacional, determin\u00f3 el 25 de junio fijar la fecha de elecciones para el 6 de septiembre, en tanto que diversas encuestas establecen que los candidatos del Movimientos Al Socialismo (MAS), Luis Arce y David Choquehuanca, ganar\u00edan las elecciones en una primera vuelta frente a los candidatos de la derecha de Comunidad Ciudadana (CC) Carlos Mesa y Gustavo Pedraza y de JUNTOS Jeannine A\u00f1ez y Samuel Doria Medina.<\/p>\n<p>Ante esta situaci\u00f3n y argumentando ahora que en una entrevista period\u00edstica Luis Arce hizo referencias a una encuesta interna del MAS que le daba importante ventaja electoral, varios partidos y los ultraconservadores Comit\u00e9s C\u00edvicos han comenzado una acci\u00f3n con el objetivo de que el Tribunal Supremo Electoral anule la personer\u00eda jur\u00eddica del MAS y no participe de los comicios, despu\u00e9s que no pudieron sustentar y comprobar la denuncia de fraude en las elecciones de octubre de 2019, cuando gan\u00f3 las elecciones Evo Morales Ayma.<\/p>\n<p>En este panorama social, sanitario, pol\u00edtico y econ\u00f3mico de crisis la \u00fanica opci\u00f3n en Bolivia es contar con un gobierno legal y leg\u00edtimo y con la organizaci\u00f3n, movilizaci\u00f3n e impulso de las iniciativas comunitarias de los sectores populares en las ciudades y el campo para enfrentar la pandemia, derrotar a la dictadura y salir de la crisis econ\u00f3mica con los sistemas de cooperaci\u00f3n, producci\u00f3n, reciprocidad, intercambio y consumo organizados por la econom\u00eda social, mixta y estatal.<\/p>\n","protected":false},"excerpt":{"rendered":"<p>Eduardo Paz Rada (Rebelion, 27-7-20) &nbsp; Mientras el gobierno de facto de Bolivia, apoyado por las corporaciones medi\u00e1ticas m\u00e1s grandes del pa\u00eds y algunos \u201canalistas imparciales\u201d, ha iniciado una campa\u00f1a para mantenerse en el control del poder buscando postergar por tercera vez la fecha de elecciones fijada ahora para el 6 de septiembre, las organizaciones [&hellip;]<\/p>\n","protected":false},"author":1,"featured_media":36819,"comment_status":"open","ping_status":"open","sticky":false,"template":"","format":"standard","meta":{"footnotes":""},"categories":[14,44],"tags":[],"class_list":["post-41767","post","type-post","status-publish","format-standard","has-post-thumbnail","hentry","category-internacionales","category-salud"],"_links":{"self":[{"href":"https:\/\/debateplural.net\/site\/wp-json\/wp\/v2\/posts\/41767"}],"collection":[{"href":"https:\/\/debateplural.net\/site\/wp-json\/wp\/v2\/posts"}],"about":[{"href":"https:\/\/debateplural.net\/site\/wp-json\/wp\/v2\/types\/post"}],"author":[{"embeddable":true,"href":"https:\/\/debateplural.net\/site\/wp-json\/wp\/v2\/users\/1"}],"replies":[{"embeddable":true,"href":"https:\/\/debateplural.net\/site\/wp-json\/wp\/v2\/comments?post=41767"}],"version-history":[{"count":1,"href":"https:\/\/debateplural.net\/site\/wp-json\/wp\/v2\/posts\/41767\/revisions"}],"predecessor-version":[{"id":41768,"href":"https:\/\/debateplural.net\/site\/wp-json\/wp\/v2\/posts\/41767\/revisions\/41768"}],"wp:featuredmedia":[{"embeddable":true,"href":"https:\/\/debateplural.net\/site\/wp-json\/wp\/v2\/media\/36819"}],"wp:attachment":[{"href":"https:\/\/debateplural.net\/site\/wp-json\/wp\/v2\/media?parent=41767"}],"wp:term":[{"taxonomy":"category","embeddable":true,"href":"https:\/\/debateplural.net\/site\/wp-json\/wp\/v2\/categories?post=41767"},{"taxonomy":"post_tag","embeddable":true,"href":"https:\/\/debateplural.net\/site\/wp-json\/wp\/v2\/tags?post=41767"}],"curies":[{"name":"wp","href":"https:\/\/api.w.org\/{rel}","templated":true}]}}