{"id":4187,"date":"2016-03-04T16:43:24","date_gmt":"2016-03-04T16:43:24","guid":{"rendered":"http:\/\/debateplural.com\/?p=4187"},"modified":"2016-06-23T14:00:19","modified_gmt":"2016-06-23T14:00:19","slug":"yihadista-jane-la-sangrienta-verduga-de-12-anos","status":"publish","type":"post","link":"https:\/\/debateplural.net\/site\/2016\/03\/04\/yihadista-jane-la-sangrienta-verduga-de-12-anos\/","title":{"rendered":"Yihadista Jane: la sangrienta verduga de 12 a\u00f1os"},"content":{"rendered":"<div id=\"attachment_4188\" style=\"width: 715px\" class=\"wp-caption aligncenter\"><img loading=\"lazy\" decoding=\"async\" aria-describedby=\"caption-attachment-4188\" class=\"size-full wp-image-4188\" src=\"http:\/\/tripletecnologia.com\/website\/debateplural\/wp-content\/uploads\/2016\/03\/terroristas-del-estado-islamico-5.png\" alt=\"Terroristas del Estado Islamico\" width=\"705\" height=\"381\" \/><p id=\"caption-attachment-4188\" class=\"wp-caption-text\">Terroristas del Estado Isl\u00e1mico<\/p><\/div>\n<p class=\"b-article__lead\" style=\"text-align:justify;\">Los terroristas de Daesh organizaron la ejecuci\u00f3n de cinco mujeres. Entre los miembros encargados de llevar a cabo tal operaci\u00f3n resalta la participaci\u00f3n de una menor de edad.<\/p>\n<div class=\"b-article__text\" style=\"text-align:justify;\">\n<p>Entre las v\u00edctimas estaba la doctora que se neg\u00f3 a tratar a los extremistas, inform\u00f3 la revista <a href=\"http:\/\/www.dailystar.co.uk\/news\/latest-news\/498552\/isis-daesh-girl-child-executioner-12-years-old-shoot-captives-prisoners-Nineveh-iraq\" target=\"_blank\">Daily Star<\/a>.<!--more--><\/p>\n<p>Como ejecutora de la orden actu\u00f3 una chica de 12 a\u00f1os a la cual los medios brit\u00e1nicos han llamado \"la yihadista Jane\", siguiendo el ejemplo del yihadista John\u00a0\u2014otro ejecutor de Daesh a quien han logrado exterminar-.<\/p>\n<p>La matanza tuvo lugar en la ciudad iraqu\u00ed de N\u00ednive, la antigua capital de la cultura asiria. La yihadista Jane fue parte del escuadr\u00f3n de ejecuci\u00f3n del <a href=\"http:\/\/localhost\/debateplural\/tag\/estado-islamico\">Estado Isl\u00e1mico<\/a>.<\/p>\n<div class=\"b-inject m-inject-min\"><\/div>\n<p>Aunque el uso de ni\u00f1as por parte de los terrorista si es una novedad, la participaci\u00f3n de menores en actos inhumanos ya es parte de la normalidad. En 2016 en Internet apareci\u00f3 un impactante v\u00eddeo en el que un ni\u00f1o de habla inglesa mat\u00f3 a tres hombres, acusados de pertenecer a los servicios de inteligencia de<a href=\"http:\/\/localhost\/debateplural\/tag\/reino-unido\"> Reino Unido<\/a>.<\/p>\n<p>Se informa que los terroristas, bajo la presi\u00f3n de sus problemas financieros, utilizan de manera m\u00e1s frecuente a los adolescentes para sus sangrientas operaciones.<\/p>\n<\/div>\n<p>&nbsp;<\/p>\n<p>&nbsp;<\/p>\n","protected":false},"excerpt":{"rendered":"<p>Los terroristas de Daesh organizaron la ejecuci\u00f3n de cinco mujeres. Entre los miembros encargados de llevar a cabo tal operaci\u00f3n resalta la participaci\u00f3n de una menor de edad. Entre las v\u00edctimas estaba la doctora que se neg\u00f3 a tratar a los extremistas, inform\u00f3 la revista Daily Star.<\/p>\n","protected":false},"author":1,"featured_media":7398,"comment_status":"open","ping_status":"open","sticky":false,"template":"","format":"standard","meta":{"footnotes":""},"categories":[14],"tags":[54,50],"class_list":["post-4187","post","type-post","status-publish","format-standard","has-post-thumbnail","hentry","category-internacionales","tag-estado-islamico","tag-reino-unido"],"_links":{"self":[{"href":"https:\/\/debateplural.net\/site\/wp-json\/wp\/v2\/posts\/4187"}],"collection":[{"href":"https:\/\/debateplural.net\/site\/wp-json\/wp\/v2\/posts"}],"about":[{"href":"https:\/\/debateplural.net\/site\/wp-json\/wp\/v2\/types\/post"}],"author":[{"embeddable":true,"href":"https:\/\/debateplural.net\/site\/wp-json\/wp\/v2\/users\/1"}],"replies":[{"embeddable":true,"href":"https:\/\/debateplural.net\/site\/wp-json\/wp\/v2\/comments?post=4187"}],"version-history":[{"count":1,"href":"https:\/\/debateplural.net\/site\/wp-json\/wp\/v2\/posts\/4187\/revisions"}],"predecessor-version":[{"id":7399,"href":"https:\/\/debateplural.net\/site\/wp-json\/wp\/v2\/posts\/4187\/revisions\/7399"}],"wp:featuredmedia":[{"embeddable":true,"href":"https:\/\/debateplural.net\/site\/wp-json\/wp\/v2\/media\/7398"}],"wp:attachment":[{"href":"https:\/\/debateplural.net\/site\/wp-json\/wp\/v2\/media?parent=4187"}],"wp:term":[{"taxonomy":"category","embeddable":true,"href":"https:\/\/debateplural.net\/site\/wp-json\/wp\/v2\/categories?post=4187"},{"taxonomy":"post_tag","embeddable":true,"href":"https:\/\/debateplural.net\/site\/wp-json\/wp\/v2\/tags?post=4187"}],"curies":[{"name":"wp","href":"https:\/\/api.w.org\/{rel}","templated":true}]}}