{"id":41977,"date":"2020-08-05T13:49:30","date_gmt":"2020-08-05T17:49:30","guid":{"rendered":"http:\/\/debateplural.com\/?p=41977"},"modified":"2020-08-05T13:49:30","modified_gmt":"2020-08-05T17:49:30","slug":"economia-de-ee-uu-contra-anhelos-de-trump","status":"publish","type":"post","link":"https:\/\/debateplural.net\/site\/2020\/08\/05\/economia-de-ee-uu-contra-anhelos-de-trump\/","title":{"rendered":"Econom\u00eda de EE.UU. contra anhelos de Trump"},"content":{"rendered":"<div>Ivette Fern\u00e1ndez (Prensa Latina, 5-8-20)<\/div>\n<div><\/div>\n<div><\/div>\n<div><\/div>\n<div class=\"fullNewsIntrotext\">La econom\u00eda de Estados Unidos, con los problemas que hoy enfrenta, parece estar cada d\u00eda m\u00e1s lejos de ser una aliada en las aspiraciones de reelecci\u00f3n del actual mandatario del pa\u00eds, Donald <a href=\"http:\/\/localhost\/debateplural\/tag\/trump\" target=\"_blank\" rel=\"noopener noreferrer\">Trump<\/a>.<\/div>\n<div><\/div>\n<div class=\"fullNewsFulltext\">La primera potencia del mundo, que es tambi\u00e9n la que ostenta la mayor cantidad de casos de Covid-19 y el m\u00e1s elevado n\u00famero de decesos por esa causa, atraviesa por uno de sus peores momentos a escasos cuatro meses del fin por la carrera presidencial.<\/p>\n<p>Justamente hace unos d\u00edas, la Reserva Federal decidi\u00f3 mantener las tasas bancarias en sus m\u00ednimos de entre cero y 0,25 por ciento y alert\u00f3 acerca de la persistente debilidad de los indicadores econ\u00f3micos.<\/p>\n<p>De acuerdo con el comunicado de la entidad, tras las fuertes ca\u00eddas, la actividad econ\u00f3mica y el empleo se recuperaron un poco en los \u00faltimos meses, pero\u00a0 muy por debajo de sus niveles a principios de a\u00f1o.<\/p><\/div>\n<div><\/div>\n<div class=\"fullNewsFulltext\"><a href=\"http:\/\/localhost\/debateplural\/wp-content\/uploads\/2020\/07\/DONALD-TRUMP-580x326-1.jpg\"><img loading=\"lazy\" decoding=\"async\" class=\"size-full wp-image-41530 aligncenter\" src=\"http:\/\/localhost\/debateplural\/wp-content\/uploads\/2020\/07\/DONALD-TRUMP-580x326-1.jpg\" alt=\"\" width=\"580\" height=\"326\" srcset=\"https:\/\/debateplural.net\/site\/wp-content\/uploads\/2020\/07\/DONALD-TRUMP-580x326-1.jpg 580w, https:\/\/debateplural.net\/site\/wp-content\/uploads\/2020\/07\/DONALD-TRUMP-580x326-1-300x169.jpg 300w\" sizes=\"(max-width: 580px) 100vw, 580px\" \/><\/a><\/p>\n<p>'En esta etapa se est\u00e1n viendo todos los elementos equivocados para la recuperaci\u00f3n: una situaci\u00f3n de salud en deterioro, un mercado laboral debilitado y un camino m\u00e1s suave para la demanda', se\u00f1al\u00f3 en The New York Times el economista jefe de Estados Unidos en Oxford Economics, Gregory Daco.<\/p>\n<p>Por su parte, el analista cubano del Centro de Investigaciones de la Econom\u00eda Mundial Faustino Cobarrubia, consider\u00f3 que si bien no es posible predecir el ritmo de recuperaci\u00f3n hasta conocer la profundidad del agujero econ\u00f3mico, varias industrias de ese pa\u00eds quedar\u00e1n afectadas y tardar\u00e1n a\u00f1os en recuperarse.<\/p>\n<p>La recesi\u00f3n ser\u00e1 muy profunda y el desempleo escalar\u00e1 hasta niveles r\u00e9cord, dejando una estela de pobreza y desesperaci\u00f3n, dijo.<\/p>\n<p>Casi todas las predicciones, incluidas las siempre cautelosas y moderadas previsiones del Fondo Monetario Internacional (FMI), coinciden en que el brote del SARS-Cov-2 se traducir\u00e1 en la destrucci\u00f3n m\u00e1s precipitada de la actividad econ\u00f3mica en la historia de ese pa\u00eds y provocar\u00e1 la peor crisis desde la Gran Depresi\u00f3n de 1929, a\u00f1adi\u00f3.<\/p>\n<p>Para Cobarrubia, la depauperaci\u00f3n de los indicadores econ\u00f3micos estadounidenses podr\u00eda repercutir en el resultado de las elecciones del venidero noviembre.<\/p>\n<p>Si bien hasta hace dos meses atr\u00e1s hasta los m\u00e1s f\u00e9rreos detractores del mandatario dec\u00edan que sus posibilidades de ganar la reelecci\u00f3n en noviembre eran muy altas justamente porque la econom\u00eda estaba s\u00f3lida, los cambios recientemente suscitados podr\u00edan complicarle el panorama, reflexion\u00f3.<\/p>\n<p>Seg\u00fan el analista cubano del Centro de Investigaciones de Pol\u00edtica Internacional Pavel Alem\u00e1n, la campa\u00f1a de Donald Trump est\u00e1 muy comprometida en su intenci\u00f3n de reelegirse por tres cuestiones fundamentales: los indicadores macroecon\u00f3micos desfavorables, la brutal represi\u00f3n contra el movimiento Black Lives Matters, y la desastrosa gesti\u00f3n de la pandemia del coronavirus Sars-Cov2.<\/p>\n<p>En todo caso, reflexion\u00f3 el entendido, los aportes econ\u00f3micos se limitan a la salida de los mega-acuerdos transoce\u00e1nicos y la guerra comercial con la Rep\u00fablica Popular China, que a partir del conflicto por la tecnolog\u00eda 5G, supuso un grupo de aranceles que encarec\u00edan muchos productos chinos para el ciudadano estadounidense, y p\u00e9rdidas en empresas de alta tecnolog\u00eda cuyas piezas importaban las compa\u00f1\u00edas del gigante asi\u00e1tico.<\/p>\n<p>Cuando uno mira algunos de estos detalles, particularmente los actuales n\u00fameros del desempleo, que se sit\u00faa en m\u00e1s de 30 millones de personas, pareciera que se alejan las posibilidades de reelecci\u00f3n de Trump, consider\u00f3.<\/p>\n<p>Si el actual presidente repetir\u00e1 mandato en Estados Unidos todav\u00eda est\u00e1 por verse, lo que s\u00ed est\u00e1 claro es que uno de los \u00e1mbitos que \u00e9l tom\u00f3 por baza, la econom\u00eda, ahora mismo no lo hace tan popular como quisiera.<\/p>\n<p>A fuerza de defenderla a toda costa, con su mal manejo de la pandemia, Trump no consigui\u00f3 sino descarrilar una econom\u00eda que, seg\u00fan el Departamento de Comercio estadounidense, entra\u00f1\u00f3 para el pa\u00eds un retroceso del 33 por ciento en el Producto Interno Bruto durante el segundo trimestre de 2020 en t\u00e9rminos anuales.<\/p><\/div>\n","protected":false},"excerpt":{"rendered":"<p>Ivette Fern\u00e1ndez (Prensa Latina, 5-8-20) La econom\u00eda de Estados Unidos, con los problemas que hoy enfrenta, parece estar cada d\u00eda m\u00e1s lejos de ser una aliada en las aspiraciones de reelecci\u00f3n del actual mandatario del pa\u00eds, Donald Trump. La primera potencia del mundo, que es tambi\u00e9n la que ostenta la mayor cantidad de casos de [&hellip;]<\/p>\n","protected":false},"author":1,"featured_media":41978,"comment_status":"open","ping_status":"open","sticky":false,"template":"","format":"standard","meta":{"footnotes":""},"categories":[14,12],"tags":[],"class_list":["post-41977","post","type-post","status-publish","format-standard","has-post-thumbnail","hentry","category-internacionales","category-politica-3"],"_links":{"self":[{"href":"https:\/\/debateplural.net\/site\/wp-json\/wp\/v2\/posts\/41977"}],"collection":[{"href":"https:\/\/debateplural.net\/site\/wp-json\/wp\/v2\/posts"}],"about":[{"href":"https:\/\/debateplural.net\/site\/wp-json\/wp\/v2\/types\/post"}],"author":[{"embeddable":true,"href":"https:\/\/debateplural.net\/site\/wp-json\/wp\/v2\/users\/1"}],"replies":[{"embeddable":true,"href":"https:\/\/debateplural.net\/site\/wp-json\/wp\/v2\/comments?post=41977"}],"version-history":[{"count":1,"href":"https:\/\/debateplural.net\/site\/wp-json\/wp\/v2\/posts\/41977\/revisions"}],"predecessor-version":[{"id":41979,"href":"https:\/\/debateplural.net\/site\/wp-json\/wp\/v2\/posts\/41977\/revisions\/41979"}],"wp:featuredmedia":[{"embeddable":true,"href":"https:\/\/debateplural.net\/site\/wp-json\/wp\/v2\/media\/41978"}],"wp:attachment":[{"href":"https:\/\/debateplural.net\/site\/wp-json\/wp\/v2\/media?parent=41977"}],"wp:term":[{"taxonomy":"category","embeddable":true,"href":"https:\/\/debateplural.net\/site\/wp-json\/wp\/v2\/categories?post=41977"},{"taxonomy":"post_tag","embeddable":true,"href":"https:\/\/debateplural.net\/site\/wp-json\/wp\/v2\/tags?post=41977"}],"curies":[{"name":"wp","href":"https:\/\/api.w.org\/{rel}","templated":true}]}}