{"id":42062,"date":"2020-08-11T10:34:53","date_gmt":"2020-08-11T14:34:53","guid":{"rendered":"http:\/\/debateplural.com\/?p=42062"},"modified":"2020-08-11T10:34:53","modified_gmt":"2020-08-11T14:34:53","slug":"solo-lula-puede-salvar-a-brasil-de-su-peor-crisis","status":"publish","type":"post","link":"https:\/\/debateplural.net\/site\/2020\/08\/11\/solo-lula-puede-salvar-a-brasil-de-su-peor-crisis\/","title":{"rendered":"S\u00f3lo Lula puede salvar a Brasil de su peor crisis"},"content":{"rendered":"<p>Emir Sader (Pagina 12, 10-8-20)<\/p>\n<p>&nbsp;<\/p>\n<div>\n<p><a href=\"http:\/\/localhost\/debateplural\/tag\/brasil\" target=\"_blank\" rel=\"noopener noreferrer\">Brasil<\/a> entr\u00f3 en su peor crisis desde el momento en que la derecha rompi\u00f3 con la democracia y luego impidi\u00f3 que Lula fuera elegido presidente de Brasil en la primera vuelta, como indicaban las encuestas. El pa\u00eds habr\u00eda recuperado su econom\u00eda, retomado las pol\u00edticas sociales que reducen las desigualdades, estar\u00eda enfrentando la pandemia en mucho mejores condiciones, morir\u00edan mucho menos brasile\u00f1os, todos sufrir\u00edan menos.<\/p>\n<\/div>\n<div id=\"cols\">\n<p>Brasil vive el peor momento de su historia, una cruel combinaci\u00f3n de crisis econ\u00f3mica, pol\u00edtica, social y de salud p\u00fablica, en las peores condiciones. Sin un gobierno leg\u00edtimo, elegido democr\u00e1ticamente por el pueblo \u2013como sucedi\u00f3 durante los gobiernos del PT, el momento m\u00e1s virtuoso de la historia brasile\u00f1a, que el pueblo eligi\u00f3 continuar, democr\u00e1ticamente, por su voto, cuatro veces seguidas\u2013, sin tener un estado democr\u00e1tico y fuerte, sin tener un sistema de salud como primera prioridad nacional para enfrentar la pandemia.<\/p>\n<p>Es como si el equipo nacional de Brasil estuviera perdiendo el partido m\u00e1s importante de su vida, con Pel\u00e9 en el banquillo, sin contar con lo mejor que tiene el pa\u00eds. Lula dej\u00f3 la presidencia con un 87% de apoyo, el mayor que haya tenido un presidente, a pesar de que ten\u00eda m\u00e1s del 80% de referencias medi\u00e1ticas en su contra, habiendo dirigido el mejor gobierno que ha tenido Brasil.<\/p>\n<p>Porque Lula gobernaba para todos, privilegiando a los m\u00e1s necesitados. Por eso fue reconocido por todos, con este apoyo sin precedentes a un presidente. Como Lula se ocup\u00f3 de la gente, dedic\u00f3 la mayor parte de sus energ\u00edas a servir a los m\u00e1s fr\u00e1giles, a los m\u00e1s necesitados. Porque Lula empez\u00f3 a representar a Brasil de la mejor manera en el mundo, proyect\u00f3 a Brasil \u00a0con el mayor prestigio en todo el mundo. Porque Lula escuch\u00f3 a todos, organiz\u00f3 un gobierno que respondi\u00f3 a lo que necesitaba Brasil, recuper\u00f3 la imagen de Brasil, el Estado, el gobierno. Habl\u00f3 con todos, oy\u00f3 a todos.<\/p>\n<p><a href=\"http:\/\/localhost\/debateplural\/wp-content\/uploads\/2020\/06\/bolsonaro-mascarilla-580x374-1.jpg\"><img loading=\"lazy\" decoding=\"async\" class=\" wp-image-40997 aligncenter\" src=\"http:\/\/localhost\/debateplural\/wp-content\/uploads\/2020\/06\/bolsonaro-mascarilla-580x374-1.jpg\" alt=\"\" width=\"788\" height=\"508\" srcset=\"https:\/\/debateplural.net\/site\/wp-content\/uploads\/2020\/06\/bolsonaro-mascarilla-580x374-1.jpg 580w, https:\/\/debateplural.net\/site\/wp-content\/uploads\/2020\/06\/bolsonaro-mascarilla-580x374-1-300x193.jpg 300w\" sizes=\"(max-width: 788px) 100vw, 788px\" \/><\/a><\/p>\n<p>Porque Lula reuni\u00f3 al equipo que mejor atend\u00eda \u00a0las necesidades del pa\u00eds, en todos los planes, para poder hacer crecer nuevamente la econom\u00eda, con pol\u00edticas sociales para atender a los m\u00e1s necesitados. En la econom\u00eda, en la educaci\u00f3n, en la salud, en la cultura, en las relaciones exteriores, el pa\u00eds se ha recuperado de la recesi\u00f3n m\u00e1s prolongada y profunda, con inclusi\u00f3n social.<\/p>\n<p>Porque Lula hablaba y escuchaba como nadie. No s\u00f3lo hizo el mejor gobierno, sino que tambi\u00e9n trat\u00f3 de ayudar a la gente a ser consciente de sus derechos, de c\u00f3mo el abastecimiento de sus necesidades es responsabilidad del gobierno. A todos les ense\u00f1\u00f3 que gobernar es cuidar a la poblaci\u00f3n, y \u2018no dejar a nadie abandonado, es incluir a todos, es luchar contra las desigualdades, como la marra negativa que tiene Brasil\u2019.<\/p>\n<p>Lula podr\u00eda haber sido elegido democr\u00e1ticamente en 2018, ser\u00eda presidente de Brasil hoy y todos pueden imaginarse c\u00f3mo ser\u00eda el pa\u00eds con \u00e9l en la presidencia. Una colusi\u00f3n entre las grandes empresas, los medios de comunicaci\u00f3n y el poder judicial, cometi\u00f3 el brutal crimen contra la democracia y contra Brasil -por el cual se paga un precio muy alto- para evitar que el presidente de Brasil hoy sea Lula.<\/p>\n<p>Muchos sectores se est\u00e1n dando cuenta de esto. Su mejor forma de corregir el grave crimen que cometieron contra Brasil, contra la democracia y contra el pueblo brasile\u00f1o, es permitir que Lula recupere plenamente sus derechos pol\u00edticos, sea el candidato de la democracia para recuperar al pa\u00eds de su peor crisis y apoyarlo en las elecciones y en el gobierno.<\/p>\n<p>La magnitud de la crisis que vive Brasil s\u00f3lo se puede afrontar con lo mejor que tiene el pa\u00eds. Tener en la conducta de salud publica las mejores personas que se tiene, el mejor personal en salud p\u00fablica. Tener en educaci\u00f3n el mejor personal que ya ha demostrado que puede democratizar y expandir la educaci\u00f3n p\u00fablica brasile\u00f1a.<\/p>\n<p>Brasil no puede darse el lujo de tener el mejor presidente que el pa\u00eds ha tenido, para salvar al pa\u00eds de la crisis, para salvar la democracia, para salvar al pueblo de la miseria, para salvar la vida de los brasile\u00f1os. S\u00f3lo Lula puede salvar a Brasil de su peor crisis. Brasil tendr\u00eda que tenerlo nuevamente como presidente, para dirigir una inmensa movilizaci\u00f3n \u00a0que pueda salvar a Brasil.<\/p>\n<\/div>\n","protected":false},"excerpt":{"rendered":"<p>Emir Sader (Pagina 12, 10-8-20) &nbsp; Brasil entr\u00f3 en su peor crisis desde el momento en que la derecha rompi\u00f3 con la democracia y luego impidi\u00f3 que Lula fuera elegido presidente de Brasil en la primera vuelta, como indicaban las encuestas. El pa\u00eds habr\u00eda recuperado su econom\u00eda, retomado las pol\u00edticas sociales que reducen las desigualdades, [&hellip;]<\/p>\n","protected":false},"author":1,"featured_media":35999,"comment_status":"open","ping_status":"open","sticky":false,"template":"","format":"standard","meta":{"footnotes":""},"categories":[14,12],"tags":[],"class_list":["post-42062","post","type-post","status-publish","format-standard","has-post-thumbnail","hentry","category-internacionales","category-politica-3"],"_links":{"self":[{"href":"https:\/\/debateplural.net\/site\/wp-json\/wp\/v2\/posts\/42062"}],"collection":[{"href":"https:\/\/debateplural.net\/site\/wp-json\/wp\/v2\/posts"}],"about":[{"href":"https:\/\/debateplural.net\/site\/wp-json\/wp\/v2\/types\/post"}],"author":[{"embeddable":true,"href":"https:\/\/debateplural.net\/site\/wp-json\/wp\/v2\/users\/1"}],"replies":[{"embeddable":true,"href":"https:\/\/debateplural.net\/site\/wp-json\/wp\/v2\/comments?post=42062"}],"version-history":[{"count":1,"href":"https:\/\/debateplural.net\/site\/wp-json\/wp\/v2\/posts\/42062\/revisions"}],"predecessor-version":[{"id":42063,"href":"https:\/\/debateplural.net\/site\/wp-json\/wp\/v2\/posts\/42062\/revisions\/42063"}],"wp:featuredmedia":[{"embeddable":true,"href":"https:\/\/debateplural.net\/site\/wp-json\/wp\/v2\/media\/35999"}],"wp:attachment":[{"href":"https:\/\/debateplural.net\/site\/wp-json\/wp\/v2\/media?parent=42062"}],"wp:term":[{"taxonomy":"category","embeddable":true,"href":"https:\/\/debateplural.net\/site\/wp-json\/wp\/v2\/categories?post=42062"},{"taxonomy":"post_tag","embeddable":true,"href":"https:\/\/debateplural.net\/site\/wp-json\/wp\/v2\/tags?post=42062"}],"curies":[{"name":"wp","href":"https:\/\/api.w.org\/{rel}","templated":true}]}}