{"id":42126,"date":"2020-08-14T12:55:25","date_gmt":"2020-08-14T16:55:25","guid":{"rendered":"http:\/\/debateplural.com\/?p=42126"},"modified":"2020-08-14T12:55:25","modified_gmt":"2020-08-14T16:55:25","slug":"colonialismo-violencia-de-estado-y-prision-politica-mapuche","status":"publish","type":"post","link":"https:\/\/debateplural.net\/site\/2020\/08\/14\/colonialismo-violencia-de-estado-y-prision-politica-mapuche\/","title":{"rendered":"Colonialismo, violencia de Estado y prisi\u00f3n pol\u00edtica mapuche"},"content":{"rendered":"<div>\n<p><span class=\"author\"><a href=\"https:\/\/rebelion.org\/autor\/edgars-martinez-navarrete\/\">Edgars Mart\u00ednez Navarrete<\/a><\/span> (Rebelion, 14-8-20)<\/p>\n<p>&nbsp;<\/p>\n<p>No todos los presos en Chile valen lo mismo. Mientras a un tercio de la poblaci\u00f3n penal del pa\u00eds (13.321 reclusos de un total de 39.677) les fue concedida la modificaci\u00f3n de la modalidad cautelar o de cumplimiento de condena, logrando salir a la calle por decreto judicial desde el 18 de marzo del presente a\u00f1o, el Estado ha decidido mantener encarcelados a los m\u00e1s de 30 presos pol\u00edticos <a href=\"http:\/\/localhost\/debateplural\/tag\/mapuche\" target=\"_blank\" rel=\"noopener noreferrer\">mapuche<\/a> en distintos centros penitenciarios.<\/p>\n<\/div>\n<div id=\"cols\">\n<p>Algunos de estos, en medio de la crisis pand\u00e9mica, ya llevan tres meses en huelga de hambre. Como si fuera poco, unos de los beneficiados con esta medida fue Carlos Alarc\u00f3n Molina, polic\u00eda que se encontraba en prisi\u00f3n preventiva acusado del asesinato de Camilo Catrillanca en noviembre de 2018.<\/p>\n<p>El gobierno de Sebasti\u00e1n Pi\u00f1era ha sido indiferente a las demandas de los presos mapuche en huelga de hambre. Pese a que las peticiones de estos \u00faltimos son la articulaci\u00f3n de una mesa de negociaci\u00f3n con el ministro de justicia y la reglamentaci\u00f3n del Convenio 169 de la OIT con referencia a la prisi\u00f3n ind\u00edgena, es decir, cuestiones estipuladas en el marco b\u00e1sico de la ley, el gabinete ha preferido hacer o\u00eddos sordos y agravar el estado de salud de los comuneros en las c\u00e1rceles chilenas.<\/p>\n<p>Adem\u00e1s de una excesiva p\u00e9rdida de peso debido a la huelga de hambre, los presos mapuche est\u00e1n extremadamente expuestos a contagiarse de COVID-19 ante el debilitamiento que ha sufrido su sistema inmune. Alejados de sus territorios e impedidos de ser visitados por sus autoridades culturales, el estado de salud de los huelguistas corre un inminente riesgo vital. Un caso extremo de esto es del machi (autoridad espiritual mapuche) Celestino C\u00f3rdova, al cual se le ha prohibido volver a su espacio sagrado (Rewe) para renovar las fuerzas espirituales propias que necesita una autoridad como \u00e9l.<\/p>\n<p><a href=\"http:\/\/localhost\/debateplural\/wp-content\/uploads\/2020\/07\/multimedia.normal.91b863c9503a732e.62616e646572612d64652d6368696c652d666c616d65616e646f5f6e6f726d616c2e6a7067.jpg\"><img loading=\"lazy\" decoding=\"async\" class=\"alignnone size-full wp-image-41715\" src=\"http:\/\/localhost\/debateplural\/wp-content\/uploads\/2020\/07\/multimedia.normal.91b863c9503a732e.62616e646572612d64652d6368696c652d666c616d65616e646f5f6e6f726d616c2e6a7067.jpg\" alt=\"\" width=\"1200\" height=\"675\" \/><\/a><\/p>\n<p>Junto con tal indiferencia, a la vez, otra de las estrategias de fragmentaci\u00f3n que el gobierno ha ejercido para debilitar el movimiento de apoyo a los presos son los traslados arbitrarios que pretenden derivar a ciertos imputados a centros penitenciarios alejados de sus territorios de origen. La prisi\u00f3n preventiva que cumple Tom\u00e1s Antihuen Santi en Concepci\u00f3n, a m\u00e1s de 150 km de su hogar, y la amenaza de trasladar a los 11 presos mapuche de Lebu a Concepci\u00f3n (misma distancia) es una muestra concreta de esta pr\u00e1ctica divisoria ya que las familias y las comunidades son los principales soportes espirituales, morales y materiales de los huelguistas.<\/p>\n<p>No obstante, frente a tal situaci\u00f3n los presos mapuche y sus familias no est\u00e1n solos. En medio de la crisis pand\u00e9mica actual, durante las \u00faltimas semanas se han multiplicado por todo el territorio nacional distintas acciones de respaldo a sus demandas. Tomas de carretera, manifestaciones en las principales ciudades del pa\u00eds, la multiplicaci\u00f3n de acciones de sabotaje al capital forestal y la ocupaci\u00f3n de distintas instalaciones gubernamentales y regionales en el sur de Chile han sido parte del repertorio de protesta articulado por comunidades y organizaciones mapuche que insisten en que el gobierno debe abrir una v\u00eda democr\u00e1tica de comunicaci\u00f3n para resolver las demandas de los huelguistas. En estas acciones mujeres y ni\u00f1as\/os mapuche han sido fuertemente reprimidas por parte de la polic\u00eda chilena, pasando incluso d\u00edas enteros retenidas en diversos centros penitenciarios.<\/p>\n<p>Pero no tan s\u00f3lo la polic\u00eda o los militares, que siguen desplegados en el Wallmapu supuestamente por la \u201ccrisis pand\u00e9mica\u201d, se han encargado de reprimir al movimiento de apoyo a los presos. Ante la ocupaci\u00f3n que hicieron comunidades y lov mapuche a las municipalidades de Curacaut\u00edn, Victoria, Ercilla, Traigu\u00e9n y Collipulli en la IX regi\u00f3n como medida de presi\u00f3n durante la madrugada del 2 de agosto del presente a\u00f1o, decenas de personas convocadas por terratenientes y dirigentes de los sectores forestales y agroexportadores de la zona golpearon a las familias, quemaron sus veh\u00edculos y, en complicidad con la polic\u00eda, desalojaron agresivamente las instalaciones. Para coronar, destruyeron espacios sagrados que las comunidades mapuche manten\u00edan en las ciudades para reunirse y realizar diversas actividades. De manera evidente, estos niveles de violencia no fueron criminalizados por el gobierno con la misma mano dura con que se trata al mapuche o al pobre. Incluso, tales actos se justificaron medi\u00e1ticamente por la derecha nacional y los grupos c\u00f3mplices del neoliberalismo, quedando hasta el momento impunes ante la justicia.<\/p>\n<p>Los responsables pol\u00edticos de tal escenario y quienes redit\u00faan de estos actos racistas no son precisamente sus ejecutores inmediatos, quienes act\u00faan como c\u00f3mplices consientes de la violencia patronal, sino las elites econ\u00f3micas y supremacistas blancas que han mantenido la acumulaci\u00f3n de capital, la explotaci\u00f3n y el despojo con base en un sistema colonial que hist\u00f3ricamente ha socavado las condiciones de vida tanto de mapuche como de los sectores populares chilenos, acrecentando jerarqu\u00edas raciales, violencias entre oprimidos y enfrentando a sectores con base en imaginarios euroc\u00e9ntricos. Una contienda entre pobres, encubierta como \u201c\u00e9tnica\u201d, que beneficia a los poderosos.<\/p>\n<p>No es menor que tales niveles de violencia se hayan producido d\u00edas despu\u00e9s de la visita del Ministro del Interior V\u00edctor P\u00e9rez Varela a la zona, viaje en el cual, adem\u00e1s de perfilar las nuevas medidas de contrainsurgencia y represi\u00f3n contra el movimiento mapuche, se reuni\u00f3 con\u00a0 personajes como Gloria Naveillan, dirigente de la Agrupaci\u00f3n Paz y Reconciliaci\u00f3n en la Araucan\u00eda \u2013 APRA-, famosa terrateniente anti-mapuche qui\u00e9n incit\u00f3 expl\u00edcitamente, seg\u00fan audios filtrados en redes sociales, a reunirse la madrugada del 2 de agosto para linchar a las familias que manten\u00edan tomadas las municipales de la Araucan\u00eda.<\/p>\n<p>Pese a este contexto de violencia, que muestra la profundidad real del problema en el sur del continente, se ha demostrado a nivel mundial el respaldo que tienen las justas peticiones de los presos pol\u00edticos mapuche. Las distintas redes de solidaridad nacional e internacional han enviado mensajes de apoyo a estos y a sus familias, exigiendo al Estado de Chile la implementaci\u00f3n de lo estipulado en el Convenio 169 de la OIT y exponiendo el peligro que corren los comuneros al estar presos en adversas condiciones de hacinamiento. A trav\u00e9s del medio de comunicaci\u00f3n mapuche AUKIN (en Facebook), se han concentrado y reproducido decenas de comunicados y videos enviados desde diversas partes del mundo, entre los cuales figuran mensajes del Congreso Nacional Ind\u00edgena (M\u00e9xico), del municipio aut\u00f3nomo de Cher\u00e1n (M\u00e9xico), de la Ongi Etorri Errefuxiatuak Araba (Pa\u00eds Vasco), del pueblo Nasa (Colombia), de organizaciones populares en Argentina, Italia y Chile, del movimiento internacional de solidaridad con Kurdist\u00e1n y de colectivos feministas comunitarios de Bolivia, junto a muchos otros.<\/p>\n<p>Cada hora que pasa es fatal para el estado de salud de los presos pol\u00edticos mapuche. A casi tres meses del inicio de la huelga de hambre, la indolencia de Sebasti\u00e1n Pi\u00f1era demuestra el car\u00e1cter racista y represivo del Estado chileno. Tal como ha sido la t\u00f3nica frente a la resistencia de los pueblos ind\u00edgenas y a la revuelta popular de octubre, la cual tuvo a Pi\u00f1era en la mira de los \u00f3rganos internacionales como art\u00edfice de una crisis de Derechos Humanos, somos testigos de c\u00f3mo el gobierno est\u00e1 pr\u00f3ximo a mancharse las manos nuevamente con sangre mapuche.<\/p>\n<\/div>\n","protected":false},"excerpt":{"rendered":"<p>Edgars Mart\u00ednez Navarrete (Rebelion, 14-8-20) &nbsp; No todos los presos en Chile valen lo mismo. Mientras a un tercio de la poblaci\u00f3n penal del pa\u00eds (13.321 reclusos de un total de 39.677) les fue concedida la modificaci\u00f3n de la modalidad cautelar o de cumplimiento de condena, logrando salir a la calle por decreto judicial desde [&hellip;]<\/p>\n","protected":false},"author":1,"featured_media":42127,"comment_status":"open","ping_status":"open","sticky":false,"template":"","format":"standard","meta":{"footnotes":""},"categories":[14,12],"tags":[],"class_list":["post-42126","post","type-post","status-publish","format-standard","has-post-thumbnail","hentry","category-internacionales","category-politica-3"],"_links":{"self":[{"href":"https:\/\/debateplural.net\/site\/wp-json\/wp\/v2\/posts\/42126"}],"collection":[{"href":"https:\/\/debateplural.net\/site\/wp-json\/wp\/v2\/posts"}],"about":[{"href":"https:\/\/debateplural.net\/site\/wp-json\/wp\/v2\/types\/post"}],"author":[{"embeddable":true,"href":"https:\/\/debateplural.net\/site\/wp-json\/wp\/v2\/users\/1"}],"replies":[{"embeddable":true,"href":"https:\/\/debateplural.net\/site\/wp-json\/wp\/v2\/comments?post=42126"}],"version-history":[{"count":1,"href":"https:\/\/debateplural.net\/site\/wp-json\/wp\/v2\/posts\/42126\/revisions"}],"predecessor-version":[{"id":42128,"href":"https:\/\/debateplural.net\/site\/wp-json\/wp\/v2\/posts\/42126\/revisions\/42128"}],"wp:featuredmedia":[{"embeddable":true,"href":"https:\/\/debateplural.net\/site\/wp-json\/wp\/v2\/media\/42127"}],"wp:attachment":[{"href":"https:\/\/debateplural.net\/site\/wp-json\/wp\/v2\/media?parent=42126"}],"wp:term":[{"taxonomy":"category","embeddable":true,"href":"https:\/\/debateplural.net\/site\/wp-json\/wp\/v2\/categories?post=42126"},{"taxonomy":"post_tag","embeddable":true,"href":"https:\/\/debateplural.net\/site\/wp-json\/wp\/v2\/tags?post=42126"}],"curies":[{"name":"wp","href":"https:\/\/api.w.org\/{rel}","templated":true}]}}