{"id":42131,"date":"2020-08-14T14:09:32","date_gmt":"2020-08-14T18:09:32","guid":{"rendered":"http:\/\/debateplural.com\/?p=42131"},"modified":"2020-08-14T14:09:32","modified_gmt":"2020-08-14T18:09:32","slug":"la-guerra-mediatica-y-psicologica-contra-el-mas-evo-y-los-bloqueos-en-bolivia","status":"publish","type":"post","link":"https:\/\/debateplural.net\/site\/2020\/08\/14\/la-guerra-mediatica-y-psicologica-contra-el-mas-evo-y-los-bloqueos-en-bolivia\/","title":{"rendered":"La guerra medi\u00e1tica y psicol\u00f3gica contra el MAS, Evo y los bloqueos en Bolivia"},"content":{"rendered":"<p><span class=\"author\"><a href=\"https:\/\/rebelion.org\/autor\/veronica-zapata\/\">Ver\u00f3nica Zapata<\/a><\/span> (Sin Permiso,14-8-20)<\/p>\n<p>&nbsp;<\/p>\n<p>El lunes 3 de agosto se inicio el paro indefinido con bloqueos en<a href=\"http:\/\/localhost\/debateplural\/tag\/bolivia\" target=\"_blank\" rel=\"noopener noreferrer\"> Bolivia<\/a> y se desat\u00f3 una feroz guerra medi\u00e1tica, como cuando se concret\u00f3 el golpe de Estado en 2019. Televisoras, diarios, radios y redes sociales funcionales al golpismo, se dedican permanentemente a deslegitimizar y desvirtuar los bloqueos y, a la vez, a demonizar a los dirigentes, candidatos del Movimiento al Socialismo (MAS) y al expresidente Evo Morales.<\/p>\n<p>Desde el poder se manipula psicol\u00f3gicamente a un sector de la sociedad para enfrentarlos con quienes luchan por los derechos a vivir en democracia, a votar y elegir libremente a los gobernantes, a la salud, educaci\u00f3n y trabajo. Los medios funcionan como operadores pol\u00edticos, pero se presentan como \u201cindependientes\u201d y \u201cneutrales\u201d.<\/p>\n<p>Fabrican matrices de opini\u00f3n falsas, imponen imaginarios colectivos, para deslegitimizar a quienes resisten el golpe. Las siguientes son las mentiras que sostienen los medios:<\/p>\n<p>1-Los bloqueos son del M.A.S.: El paro indefinido con bloqueos es parte de la lucha del pueblo boliviano, no del MAS. Esta lucha excede y rebasa al MAS\u00a0\u00a0 Hay apoyo de todo el pueblo boliviano en su conjunto. El dirigente Felipe Quispe, El Mallku, si bien cr\u00edtic\u00f3 al partido de Evo, participa de los bloqueos.<\/p>\n<p>2- Las organizaciones sociales rechazan la fecha electoral por capricho: Se rechaza porque la decisi\u00f3n fue tomada por el Tribunal Supremo Electoral (TSE) de forma unilateral, inconstitucional e ilegal mediante una resoluci\u00f3n pasando por encima de la ley N\u00b0 1297 y N\u00b0 1304 que convoca a elecciones, avasallando la constituci\u00f3n pol\u00edtica de Estado y a la Asamblea Legislativa.<\/p>\n<p>La ley N\u00b0 1297 de Postergaci\u00f3n de las Elecciones Generales refiere que las elecciones se realizaran en un plazo m\u00e1ximo de 127 d\u00edas computables a partir del 3 de mayo, es decir hasta el 6 de septiembre, como sugiri\u00f3 en un principio el TSE. a ley N\u00b01304 (modificatoria de la anterior) solo modifica el art\u00edculo 2 de la ley 1297.<\/p>\n<figure class=\"wp-block-image size-large\"><img decoding=\"async\" src=\"https:\/\/cdn77.pressenza.com\/wp-content\/uploads\/2020\/08\/detencionesBolivia.jpg\" alt=\"\" \/><\/figure>\n<p>Una resoluci\u00f3n no puede pasar por encima de una ley, por lo que la elecci\u00f3n del 18 de octubre ser\u00eda un acto nulo, que a futuro la presidenta de facto Jeanine \u00c1\u00f1ez podr\u00eda no reconocer. Por tal motivo, los candidatos del MAS. condicionaron un acuerdo de una nueva fecha electoral a que \u00e9sta se estableciera mediante una ley y no por una resoluci\u00f3n, con el fin de ingresar al marco jur\u00eddico constitucional y tuviera validez legal.<\/p>\n<p>Salvador Romero, presidente del TSE, tiene conocimiento de esto. \u00bfA qu\u00e9 juega? Los cables revelados por WikiLeaks demuestran su v\u00ednculo con el Departamento de Estado estadounidense y con la Agencia de EEUU para el Desarrollo Internacional (USAID), a trav\u00e9s de la cual la Agencia Central de Inteligencia (CIA) canaliza fondos para operaciones pol\u00edticas contra gobiernos y lideres no alineados a Washington.<\/p>\n<p>La elecci\u00f3n deb\u00eda haberse rralizado el 22 de enero, cuando se venci\u00f3 el mandato de Evo Morales. Se posterg\u00f3 para el 3 de mayo, luego pra el 2 de Agosto, pero se acord\u00f3 para el 6 de septiembre, con la excusa de que el pico de contagio coincidir\u00eda con estas fechas. Posteriormente el TSE la cambi\u00f3 para el 18 de octubre, ahora con la excusa de que el pico de contagios ser\u00e1 en octubre y noviembre.<\/p>\n<p>3-La gente se est\u00e1 muriendo por falta de oxigeno debido a los bloqueos: Antes de los bloqueos Bolivia sufr\u00eda de desabastecimiento de oxigeno y la gente se mor\u00eda en las calles, lo que se public\u00f3 en diversos medios internacionales. No es verdad que las cisternas con oxigeno estar\u00edan varadas en los puntos de bloqueos<\/p>\n<p>Videos difundidos internacionalmente demuestran que c\u00f3mo los puntos de bloqueos permiten pasar a las ambulancias, cisternas de oxigeno y lo relacionado a insumos de salud, medida que se determin\u00f3 desde la Central Obrera Boliviana (COB).<\/p>\n<p>Se publicaron fotos de beb\u00e9s, con el falso mensaje de que estar\u00edan muriendo por falta de oxigeno. \u00a0Reci\u00e9n el 31 de julio \u00c1\u00f1ez inici\u00f3 los tr\u00e1mites para importar oxigeno medicinal desde Uruguay y EU debido a su carencia por la alta demanda.<\/p>\n<div class=\"wp-block-image\">\n<figure class=\"aligncenter size-large is-resized\"><img loading=\"lazy\" decoding=\"async\" class=\"aligncenter\" src=\"https:\/\/elblogdelapolillacubana.files.wordpress.com\/2010\/03\/15h06zp.jpg?w=640\" alt=\"\" width=\"300\" height=\"234\" \/><\/figure>\n<\/div>\n<p>4-El MAS y\/o los que bloquean quiere fomentar el contagio de Covid-19: Esta acusaci\u00f3n la realiza el mismo gobierno de facto que no abasteci\u00f3 de equipos de salud e insumos a los hospitales durante la cuarentena. Debido a ello, en Bolivia colapsaron el sistema de salud p\u00fablico y privado, crematorios, cementerios, laboratorios, se compraron respiradores con sobreprecios, impidieron la entrada de m\u00e9dicos cubanos, prohibieron la importaci\u00f3n de la medicina cubana Interfer\u00f3n alfa 2b, etc.<\/p>\n<p>Bolivia ocupa el s\u00e9ptimo lugar del mundo con m\u00e1s muertes por Covid-19 por cada 100.000 habitantes con un porcentaje de 24,73%, seg\u00fan la Universidad John Hopkins. Tiene 298 muertos por mill\u00f3n de habitantes y Argentina 100, pese a que Argentina la cuadriplica en cantidad de habitantes. Actualmente los grupos paramilitares se manejan en bandas en las ciudades, golpeando a quienes bloquean carreteras. Ya se olvidaron de la pandemia.<\/p>\n<p>5-Demonizaci\u00f3n de dirigentes ind\u00edgenas: Se los acusa de \u201cterroristas\u201d, \u201cnarcotr\u00e1ficantes\u201d, \u201csediciosos\u201d, \u201cviolentos\u201d, que \u201cquieren muertos\u201d, entre otros ep\u00edtetos. Circulan audios falsos del joven dirigente cocalero Andr\u00f3nico Rodr\u00edguez llamando a la violencia, as\u00ed como fotos manipuladas. Lo mismo sucede con Leonardo Loza, mientars que a Orlando Guti\u00e9rrez, dirigente minero, lo llaman \u201cminero disfrazado\u201d.<\/p>\n<p>6-En los bloqueos tienen p\u00f3lvora y armas: El \u201cperiodista\u201d espa\u00f1ol Estrambasaguas de la derecha fascista de Espa\u00f1a, sostuvo en redes que \u201clos que bloquean tienen p\u00f3lvora\u201d. La mentira fue retuiteada por cuentas fantasmas -como sostiene el espa\u00f1ol Juli\u00e1n Masias Tovar, especialista en redes-, en su mayor\u00eda creadas recientemente o durante el golpe de estado del 2019 con ocho n\u00fameros en el nombre, geolocalizadas en otros pa\u00edses.<\/p>\n<figure class=\"wp-block-image size-large\"><img decoding=\"async\" src=\"https:\/\/www.resumenlatinoamericano.org\/wp-content\/uploads\/2020\/08\/f608x342-941711_971434_15.jpg\" alt=\"\" \/><\/figure>\n<p>7- Los camiones son asaltados o saqueados en los bloqueos: Javier Robles, transportista de pollo viraliz\u00f3 un video donde relat\u00f3 que qued\u00f3 varado en un bloqueo y que no lo saquearon, sino que vendi\u00f3 su pollo a los comunarios para que no se descompusiera, desmintiendo la versi\u00f3n oficialista.<\/p>\n<p>8-Feroz campa\u00f1a contra la imagen de de Evo Morales: Se viralizaron fotos del exmandatario acompa\u00f1ado de una mujer y videos con audios montados para reactivar las acusaciones de \u00a0\u201ctener un har\u00e9n de mujeres\u201d, \u201csalir con jovencitas\u201d, \u201cser parte de org\u00edas\u201d \u201cser machista\u201d, \u201ccaudillo\u201d, \u201cpatriarca\u201d, etc.<\/p>\n<p>Por otro lado, tambi\u00e9n lo acusan de llevar una vida de \u201cjeque \u00e1rabe\u201d en Argentina (en \u00e9poca de aislamiento social). Publican fotos de yates, palacios, autos de lujo, mansiones, etc., adjudic\u00e1ndoselas al exmandatario. Estrambasaguas, difundi\u00f3 en sus redes sociales fotos de yates lujosos adjudic\u00e1ndoselas a Morales.<\/p>\n<p>Estas acusaciones relacionadas con la tem\u00e1tica de g\u00e9nero, se inicio con el fake news del \u201cCaso Zapata\u201d, invent\u00e1ndole un hijo a Morales, lo que desencaden\u00f3 en la derrota del refer\u00e9ndum del 2016, punta de lanza del golpe del 2019.<\/p>\n<p>Carmen E. Gonzales, senadora golpista de Pando, quien en su cuenta de \u00a0Twitter se jacta de luchar contra la \u201cdictadura\u201d de Morales, el 7 de agosto del 2020 escribi\u00f3: \u201cMe dicen que hay fotos de pedofilia del narco @evoespueblo M\u00e1ndenlas por aqu\u00ed. Que el mundo sepa de este socialista delincuente\u201d.<\/p>\n<p>Por otro lado, Gabina Condori Nina, una supuesta \u201cl\u00edder ind\u00edgena\u201d acus\u00f3 de \u201cviolaciones\u201d al ex mandatario durante el golpe del 2019. Luego asumi\u00f3 como viceministra de Educaci\u00f3n de \u00c1\u00f1ez.<\/p>\n<figure class=\"wp-block-image size-large\"><img decoding=\"async\" src=\"https:\/\/questiondigital.com\/wp-content\/uploads\/2016\/03\/bol-caso-zapata-e1482154675958.jpg\" alt=\"\" \/><\/figure>\n<p>Esta estrategia, aprovechando el auge feminista, se repite siempre con l\u00edderes, dirigentes, periodistas y presidentes populares y\/o que no se alinean con la pol\u00edtica de EU. Un caso emblem\u00e1tico fue el de Juli\u00e1n Assange acusado de \u00a0violaci\u00f3n, luego de revelar documentos de la C.I.A.<\/p>\n<p>La campa\u00f1a medi\u00e1tica contra Morales tinte racista, debido a su ascendencia ind\u00edgena y lo llaman \u201cCacique\u201d. En su gesti\u00f3n, las mujeres, especialmente ind\u00edgenas, ingresaron masivamente a la pol\u00edtica y fueron parte de la redistribuci\u00f3n de la riqueza, por primera vez en la historia de Bolivia. El 53 % del parlamento boliviano est\u00e1 compuesto por mujeres, el segundo porcentaje m\u00e1s alto del mundo.<\/p>\n<p>Esta campa\u00f1a es apoyada por un sector del feminismo financiado por ONGs. relacionadas con Europa y EU. Incluso \u201cprogresistas\u201d despistadas o del feminismo blanco se subieron a esta campa\u00f1a, e incluso algunas pusieron en duda el golpe del 2019 que llam\u00f3 a golpear mujeres ind\u00edgenas.<\/p>\n","protected":false},"excerpt":{"rendered":"<p>Ver\u00f3nica Zapata (Sin Permiso,14-8-20) &nbsp; El lunes 3 de agosto se inicio el paro indefinido con bloqueos en Bolivia y se desat\u00f3 una feroz guerra medi\u00e1tica, como cuando se concret\u00f3 el golpe de Estado en 2019. Televisoras, diarios, radios y redes sociales funcionales al golpismo, se dedican permanentemente a deslegitimizar y desvirtuar los bloqueos y, [&hellip;]<\/p>\n","protected":false},"author":1,"featured_media":41770,"comment_status":"open","ping_status":"open","sticky":false,"template":"","format":"standard","meta":{"footnotes":""},"categories":[14,12],"tags":[],"class_list":["post-42131","post","type-post","status-publish","format-standard","has-post-thumbnail","hentry","category-internacionales","category-politica-3"],"_links":{"self":[{"href":"https:\/\/debateplural.net\/site\/wp-json\/wp\/v2\/posts\/42131"}],"collection":[{"href":"https:\/\/debateplural.net\/site\/wp-json\/wp\/v2\/posts"}],"about":[{"href":"https:\/\/debateplural.net\/site\/wp-json\/wp\/v2\/types\/post"}],"author":[{"embeddable":true,"href":"https:\/\/debateplural.net\/site\/wp-json\/wp\/v2\/users\/1"}],"replies":[{"embeddable":true,"href":"https:\/\/debateplural.net\/site\/wp-json\/wp\/v2\/comments?post=42131"}],"version-history":[{"count":1,"href":"https:\/\/debateplural.net\/site\/wp-json\/wp\/v2\/posts\/42131\/revisions"}],"predecessor-version":[{"id":42132,"href":"https:\/\/debateplural.net\/site\/wp-json\/wp\/v2\/posts\/42131\/revisions\/42132"}],"wp:featuredmedia":[{"embeddable":true,"href":"https:\/\/debateplural.net\/site\/wp-json\/wp\/v2\/media\/41770"}],"wp:attachment":[{"href":"https:\/\/debateplural.net\/site\/wp-json\/wp\/v2\/media?parent=42131"}],"wp:term":[{"taxonomy":"category","embeddable":true,"href":"https:\/\/debateplural.net\/site\/wp-json\/wp\/v2\/categories?post=42131"},{"taxonomy":"post_tag","embeddable":true,"href":"https:\/\/debateplural.net\/site\/wp-json\/wp\/v2\/tags?post=42131"}],"curies":[{"name":"wp","href":"https:\/\/api.w.org\/{rel}","templated":true}]}}