{"id":4219,"date":"2016-03-05T15:30:39","date_gmt":"2016-03-05T15:30:39","guid":{"rendered":"http:\/\/debateplural.com\/?p=4219"},"modified":"2016-06-23T13:59:59","modified_gmt":"2016-06-23T13:59:59","slug":"la-crisis-de-los-refugiados-camino-del-desastre","status":"publish","type":"post","link":"https:\/\/debateplural.net\/site\/2016\/03\/05\/la-crisis-de-los-refugiados-camino-del-desastre\/","title":{"rendered":"La crisis de los refugiados, camino del desastre"},"content":{"rendered":"<div id=\"attachment_4220\" style=\"width: 715px\" class=\"wp-caption aligncenter\"><img loading=\"lazy\" decoding=\"async\" aria-describedby=\"caption-attachment-4220\" class=\"size-full wp-image-4220\" src=\"http:\/\/tripletecnologia.com\/website\/debateplural\/wp-content\/uploads\/2016\/03\/refugiados-en-el-mar-egeo-3.jpg\" alt=\"Refugiados en el mar Egeo\" width=\"705\" height=\"381\" \/><p id=\"caption-attachment-4220\" class=\"wp-caption-text\">Refugiados en el mar Egeo<\/p><\/div>\n<p style=\"text-align:justify;\"><strong>Debateplural.com, comparte con los lectores el interesante art\u00edculo de Francisco Herranz, titulado \"La crisis de los refugiados, camino del desastre\", publicado en el portal Sputniknews.com, en fecha 4 de marzo de 2016.<\/strong><\/p>\n<p class=\"b-article__lead\" style=\"text-align:justify;\">La Comisi\u00f3n Europea y la Presidencia holandesa de la Uni\u00f3n Europea ya han advertido que la situaci\u00f3n es alarmante en los Balcanes y \u201cespecialmente en Grecia\u201d, y que est\u00e1n preparando \u201cplanes de contingencia\u201d.<!--more--><\/p>\n<div class=\"b-article__text\" style=\"text-align:justify;\">La crisis migratoria en Europa no amaina. Al contrario. Est\u00e1 empeorando. La Comisi\u00f3n Europea y la Presidencia holandesa de la Uni\u00f3n Europea (UE) ya han advertido que la situaci\u00f3n es alarmante en los Balcanes y \u201cespecialmente en Grecia\u201d, y que est\u00e1n preparando \u201cplanes de contingencia\u201d. \u00bfQu\u00e9 significa eso?\u00a0 Pues que se est\u00e1 haciendo triste realidad un escenario de pesadilla, un panorama desolador que implicar\u00eda que Grecia saldr\u00eda del espacio Schengen, dejando as\u00ed atrapados a decenas de miles de refugiados sirios.Schengen permite la libre circulaci\u00f3n de personas sin control de pasaportes. Junto al euro es, sin duda, el principal logro de la UE. Como recuerda el Real Instituto Elcano, un prestigioso \u2018think tank\u2019 espa\u00f1ol, \u201csu desaparici\u00f3n o su reducci\u00f3n a un peque\u00f1o n\u00facleo en el centro de Europa pone en duda la supervivencia de la propia UE\u201d. As\u00ed est\u00e1n las cosas.<\/p>\n<p>Geogr\u00e1ficamente hablando, Grecia es una isla en el espacio Schengen, pues limita o bien con pa\u00edses no miembros de la Uni\u00f3n como son <a href=\"http:\/\/localhost\/debateplural\/tag\/turquia\">Turqu\u00eda<\/a>, Albania o Macedonia o bien con naciones comunitarias que no forman parte de esa alianza sin fronteras internas. \u00c9se es el caso de Bulgaria. Las rutas de acceso siguen siendo m\u00e1s o menos las mismas ahora que a finales del a\u00f1o pasado. Cerrada la frontera de Hungr\u00eda con Serbia con una valla de alambre, el acceso desde Grecia a Alemania exige cruzar Macedonia, Serbia, Croacia y Eslovenia. Los refugiados manejan entre s\u00ed informaci\u00f3n esencial. Por ejemplo, se aconsejan tener cuidado al pasar por Croacia pues todav\u00eda quedan minas de la \u00e9poca de la guerra civil. Tampoco es descartable la posibilidad de que el flujo cambie de ruta y entre por Bulgaria si se tapona el punto fronterizo griego-macedonio.A la corriente incesante de sirios e iraqu\u00edes se han sumado los afganos. Sin embargo, a estos \u00faltimos no se les considera migrantes pol\u00edticos sino econ\u00f3micos, por lo que se les est\u00e1 impidiendo el paso, a pesar de que la mayor parte de ellos son hazaras, es decir, una minor\u00eda \u00e9tnica perseguida por los talibanes.<\/p>\n<p>Existe incluso un escenario peor a la salida de Grecia de Schengen. Esa opci\u00f3n la verbaliz\u00f3 el ministro macedonio de Asuntos Exteriores, Nikola Popolski. \u201cLa peor opci\u00f3n es no hacer nada y entonces cada Estado miembro sellar\u00eda sus fronteras\u201d, dijo.<\/p><\/div>\n<div class=\"b-article__text\" style=\"text-align:justify;\"><\/div>\n<div class=\"b-article__text\" style=\"text-align:justify;\">Hay maneras distintas de abordar esta crisis casi ya sist\u00e9mica. Por un lado, est\u00e1 el principio de las fronteras exteriores de la Uni\u00f3n, con los puntos de acceso y los acuerdos de readmisi\u00f3n de inmigrantes irregulares por los que se les devuelve a su pa\u00eds de origen o a terceros. Por otro lado, est\u00e1 el hecho de que Grecia necesita ayuda para enfrentarse a tama\u00f1o reto, como insiste Angela Merkel. Esas divergencias y otras est\u00e1n generando una guerra de palabras entre los Estados miembros que desemboca en la falta de una posici\u00f3n com\u00fan y del consiguiente acuerdo.<\/div>\n<div class=\"b-inject__copy\"><\/div>\n<div class=\"b-inject__copy\"><\/div>\n<div class=\"b-article__text\" style=\"text-align:justify;\">Casi un mill\u00f3n de personas emplearon en 2015 la ruta balc\u00e1nica. Las cifras de enero hablan de que est\u00e1n cruzando 3.000 personas al d\u00eda. Pero pronto llegar\u00e1 la primavera, con el buen tiempo. Y eso aumentar\u00e1 el caudal. En Macedonia temen que haya de nuevo picos de 6.000 \u00f3 7.000 entradas diarias, lo que para ellos constituir\u00eda un escenario desastroso que quieren evitar a toda costa.\u00bfCu\u00e1l es el plan B de Europa? \u00bfAcaso convertir a Grecia en un gigantesco campo de refugiados? Jordania ya lo es. Alberga el segundo campo de refugiados m\u00e1s grande del mundo (el primero est\u00e1 en Kenia). Abierto desde 2012, el campamento de Zaatari es tan complejo como una ciudad, ya que alberga actualmente a unos 80.000 sirios que huyeron de la guerra civil.\u00a0 Para los griegos esa opci\u00f3n supondr\u00eda un nuevo desastre casi insuperable, dada su d\u00e9bil situaci\u00f3n socioecon\u00f3mica.<\/p>\n<p>Todo esto forma parte de la agenda de la reuni\u00f3n informal de l\u00edderes de la <a href=\"http:\/\/localhost\/debateplural\/tag\/ue\">UE<\/a>, prevista para el 7 de marzo en Bruselas. Las autoridades comunitarias deben centrarse en las f\u00f3rmulas para evitar que sigan llegando expatriados desde Turqu\u00eda. Concretamente se abordar\u00e1 la aplicaci\u00f3n del plan de acci\u00f3n acordado con Ankara en octubre, un plan que ofrece a los turcos una ayuda de 3.000 millones de euros para que atiendan a los m\u00e1s de dos millones de refugiados que albergan en su territorio, a cambio de que el n\u00famero de llegadas irregulares a la UE caiga de forma significativa. Por el momento ninguno de los dos hechos se ha materializado.<\/p>\n<p>Las actuales posiciones de los pa\u00edses del \u00e1rea \u2013desde Croacia a Austria- indican que Grecia corre el riesgo de convertirse en el destino final de muchos desplazados sirios, ya que no podr\u00e1n continuar su periplo hacia el norte. El objetivo declarado es desanimar a quienes vienen detr\u00e1s. Atenas, entretanto, acusa a algunos socios \u2013Eslovenia y Hungr\u00eda-, muy cr\u00edticos con su gesti\u00f3n del registro de inmigrantes, de no querer ayudarles. \u201c\u00bfEs Grecia el enemigo de Europa? \u00bfSon los refugiados el enemigo?\u201d, proclama el ministro griego de Inmigraci\u00f3n, Yiannis Mouzalas.<\/p>\n<p>Con la mente puesta precisamente en Grecia, la Comisi\u00f3n Europa sabe que\u00a0 la cat\u00e1strofe acecha a la vuelta de la esquina. De ah\u00ed que haya anunciado el 2 de marzo un plan sin precedentes destinado a que los Estados miembros puedan gestionar el aluvi\u00f3n de personas procedentes de terceros pa\u00edses. Se trata de 300 millones de euros para 2016 y otros 400 millones para 2017 y\u00a0 2018. No es dinero nuevo, o sea, que habr\u00e1 que sacarlo de otras partidas presupuestarias.<\/p>\n<div class=\"b-inject m-inject-min\"><\/div>\n<p>Adem\u00e1s, la crisis ha puesto muy nerviosa a la<a href=\"http:\/\/localhost\/debateplural\/tag\/otan\"> OTAN<\/a>. As\u00ed, el jefe militar de la Alianza Atl\u00e1ntica considera que los rusos est\u00e1n \u201cmilitarizando\u201d la crisis de refugiados como parte de una campa\u00f1a m\u00e1s amplia para ampliar su influencia en <a href=\"http:\/\/localhost\/debateplural\/tag\/europa\">Europa<\/a>.<\/p>\n<p>\u201cJuntos, Rusia y el r\u00e9gimen del presidente sirio <a href=\"http:\/\/localhost\/debateplural\/tag\/bashar-al-asad\">Bashar al Asad<\/a> est\u00e1n militarizando deliberadamente la migraci\u00f3n en un intento de aplastar las estructuras europeas y romper la determinaci\u00f3n europea\u201d. As\u00ed se manifest\u00f3 el 1 de marzo Philip Breedlove, el general estadounidense que dirige las fuerzas de la OTAN en Europa en una audiencia celebrada ante el Comit\u00e9 de Servicios Armados del Senado de EEUU. La raz\u00f3n que \u00e9l encuentra consiste en \u201cprovocar que los refugiados se muevan y sean as\u00ed el problema de otro\u201d. En otras palabras, la crisis migratoria se ha convertido en un nuevo argumento atl\u00e1ntico para atacar la actitud de Mosc\u00fa.<\/p>\n<div class=\"b-inject m-inject-min\"><\/div>\n<p>Seg\u00fan el general de cuatro estrellas, la situaci\u00f3n va a empeorar y el n\u00famero de refugiados va a seguir aumentando en 2016. \u201cExiste la preocupaci\u00f3n de que criminales, terroristas, combatientes extranjeros y otras organizaciones extremistas recluten a personas principalmente musulmanas que llegan a Europa, aumentando potencialmente la amenaza de ataques terroristas\u201d, dijo. \u201cEl crecimiento econ\u00f3mico d\u00e9bil continuado [en Europa]\u2026 mantiene altos los niveles de desempleo, especialmente entre los j\u00f3venes inmigrantes susceptibles de radicalizaci\u00f3n. Los nacionalistas locales contrarios a una afluencia masiva de extranjeros [tambi\u00e9n] podr\u00edan volverse cada vez m\u00e1s violentos\u201d, declar\u00f3 el militar estadounidense.<\/p>\n<\/div>\n<p style=\"text-align:justify;\">\n","protected":false},"excerpt":{"rendered":"<p>Debateplural.com, comparte con los lectores el interesante art\u00edculo de Francisco Herranz, titulado \"La crisis de los refugiados, camino del desastre\", publicado en el portal Sputniknews.com, en fecha 4 de marzo de 2016. La Comisi\u00f3n Europea y la Presidencia holandesa de la Uni\u00f3n Europea ya han advertido que la situaci\u00f3n es alarmante en los Balcanes y [&hellip;]<\/p>\n","protected":false},"author":1,"featured_media":7382,"comment_status":"open","ping_status":"open","sticky":false,"template":"","format":"standard","meta":{"footnotes":""},"categories":[14],"tags":[60,67,38,51,52],"class_list":["post-4219","post","type-post","status-publish","format-standard","has-post-thumbnail","hentry","category-internacionales","tag-bashar-al-asad","tag-europa","tag-otan","tag-turquia","tag-ue"],"_links":{"self":[{"href":"https:\/\/debateplural.net\/site\/wp-json\/wp\/v2\/posts\/4219"}],"collection":[{"href":"https:\/\/debateplural.net\/site\/wp-json\/wp\/v2\/posts"}],"about":[{"href":"https:\/\/debateplural.net\/site\/wp-json\/wp\/v2\/types\/post"}],"author":[{"embeddable":true,"href":"https:\/\/debateplural.net\/site\/wp-json\/wp\/v2\/users\/1"}],"replies":[{"embeddable":true,"href":"https:\/\/debateplural.net\/site\/wp-json\/wp\/v2\/comments?post=4219"}],"version-history":[{"count":1,"href":"https:\/\/debateplural.net\/site\/wp-json\/wp\/v2\/posts\/4219\/revisions"}],"predecessor-version":[{"id":7383,"href":"https:\/\/debateplural.net\/site\/wp-json\/wp\/v2\/posts\/4219\/revisions\/7383"}],"wp:featuredmedia":[{"embeddable":true,"href":"https:\/\/debateplural.net\/site\/wp-json\/wp\/v2\/media\/7382"}],"wp:attachment":[{"href":"https:\/\/debateplural.net\/site\/wp-json\/wp\/v2\/media?parent=4219"}],"wp:term":[{"taxonomy":"category","embeddable":true,"href":"https:\/\/debateplural.net\/site\/wp-json\/wp\/v2\/categories?post=4219"},{"taxonomy":"post_tag","embeddable":true,"href":"https:\/\/debateplural.net\/site\/wp-json\/wp\/v2\/tags?post=4219"}],"curies":[{"name":"wp","href":"https:\/\/api.w.org\/{rel}","templated":true}]}}