{"id":42192,"date":"2020-08-18T10:51:01","date_gmt":"2020-08-18T14:51:01","guid":{"rendered":"http:\/\/debateplural.com\/?p=42192"},"modified":"2020-08-18T10:51:01","modified_gmt":"2020-08-18T14:51:01","slug":"ecuador-otro-juicio-farsa-del-gobierno-de-lenin-moreno","status":"publish","type":"post","link":"https:\/\/debateplural.net\/site\/2020\/08\/18\/ecuador-otro-juicio-farsa-del-gobierno-de-lenin-moreno\/","title":{"rendered":"Ecuador. Otro juicio farsa del gobierno de Lenin Moreno"},"content":{"rendered":"<p>Carlos Aznarez (Cubadebate, 17-8-20)<\/p>\n<p>&nbsp;<\/p>\n<p>&nbsp;<\/p>\n<p>En efecto, como t\u00fa manifiestas, el 17 hemos sido convocados por el juez de la Corte Provincial de Pichincha para una audiencia evaluatoria y preparatoria de juicio, Que data desde el pasado octubre donde toda Latinoam\u00e9rica se levant\u00f3 en rechazo a la implementaci\u00f3n atroz de las pol\u00edticas neoliberales. El Ecuador no fue la excepci\u00f3n, y se inici\u00f3 una escalada de violencia y persecuci\u00f3n, que en el caso de nosotros ha sido permanente y sistem\u00e1tica en los \u00faltimos tres a\u00f1os por parte del gobierno de Lenin Moreno, por ser militantes de la Revoluci\u00f3n Ciudadana, por ser calificados como correistas, por pensar diferente y por oponernos a la pol\u00edtica neoliberal. Hemos sido sistem\u00e1ticamente perseguidos a trav\u00e9s de los \u00f3rganos de control, la Contralor\u00eda, la Fiscal\u00eda General del Estado.<\/p>\n<p>Hemos sido estigmatizados, diabolizados, a trav\u00e9s de los medios de comunicaci\u00f3n. En octubre, el Gobierno se encarg\u00f3 de pretender trasladarnos la responsabilidad de los hechos productos de la movilizaci\u00f3n popular. Tanto a Virgilio Hern\u00e1ndez, Paola Pav\u00f3n y a mi mismo, se nos endilgan hechos de violencia, acus\u00e1ndonos del delito de rebeli\u00f3n.<\/p>\n<div class=\"qnewworld\"><\/div>\n<p>&#8211; \u00bfEsta oleada represiva tambi\u00e9n se extendi\u00f3 a otros militantes?<\/p>\n<p>S\u00ed, un sinn\u00famero de compa\u00f1eros de otras organizaciones y ciudadan\u00eda en general, cerca de 1200 personas fueron apresadas, recordemos que hubo m\u00e1s de un millar de heridos, mutilados y 11 muertos. Consideramos que el Gobierno ha querido ocultar los muertos, los heridos, los sendos informes de la misma Comisi\u00f3n Interamericana de Derechos Humanos, buscando en la persecuci\u00f3n, un poco, una v\u00e1lvula de escape, unas cortinas de humo. Nuestra acusaci\u00f3n hizo que el 14 de octubre hubo un allanamiento hollywoodesco, violento, en mi caso, m\u00e1s de 70 polic\u00edas con 30 carros, Fuerzas Especiales con armamento de asalto, ingresaron a mi casa de manera violenta y me detuvieron.<\/p>\n<p><a href=\"http:\/\/localhost\/debateplural\/wp-content\/uploads\/2019\/05\/dxkly8duyaerwmn.jpg\"><img loading=\"lazy\" decoding=\"async\" class=\"alignnone size-full wp-image-33337\" src=\"http:\/\/localhost\/debateplural\/wp-content\/uploads\/2019\/05\/dxkly8duyaerwmn.jpg\" alt=\"\" width=\"1024\" height=\"831\" srcset=\"https:\/\/debateplural.net\/site\/wp-content\/uploads\/2019\/05\/dxkly8duyaerwmn.jpg 1024w, https:\/\/debateplural.net\/site\/wp-content\/uploads\/2019\/05\/dxkly8duyaerwmn-300x243.jpg 300w, https:\/\/debateplural.net\/site\/wp-content\/uploads\/2019\/05\/dxkly8duyaerwmn-768x623.jpg 768w, https:\/\/debateplural.net\/site\/wp-content\/uploads\/2019\/05\/dxkly8duyaerwmn-810x657.jpg 810w\" sizes=\"(max-width: 1024px) 100vw, 1024px\" \/><\/a><\/p>\n<p>Fuimos encarcelados 72 d\u00edas, y gracias a la emisi\u00f3n de las medidas cautelares de la CIDH pudimos tener una sustituci\u00f3n y acceder a medidas alternativas como el grillete electr\u00f3nico o presentaci\u00f3n peri\u00f3dica, prohibici\u00f3n de salida de pa\u00eds, enajenaci\u00f3n de bienes, bloqueo de cuentas, etc. Todo este tiempo que ha pasado desde que salimos el 25 de diciembre del 2019 no hemos dejado de ser v\u00edctimas de la persecuci\u00f3n. Periodistas, portales digitales, medios de comunicaci\u00f3n obsecuentes al Gobierno nos han seguido diabolizando, estigmatiz\u00e1ndonos, nos han sacado reportajes de que somos dirigentes pol\u00edticos, de que estar\u00edamos relacionados o vinculados con sectores populares, creo que con la finalidad de decir que nosotros tenemos algo que ver con los hechos de violencia.<\/p>\n<p>El d\u00eda de hoy, despu\u00e9s de ver cu\u00e1l ha sido el manejo de la pandemia, cu\u00e1l ha sido la triste realidad y las alternativas que s\u00f3lo favorecen a los miembros del bloque en el poder, vemos que la persecuci\u00f3n es un relato que se repite. Al igual que a nuestros hermanos de Bolivia, tratan de seguir proscribi\u00e9ndonos, seguir eliminando la posibilidad que el 2021 la Revoluci\u00f3n Ciudadana, la alternativa neoliberal en contra de este Gobierno, se presente.<\/p>\n<p>Ya lo han hecho con nuestros compa\u00f1eros dirigentes, como nuestro compa\u00f1ero vicepresidente Jorge Glas que est\u00e1 encarcelado, nuestro compa\u00f1ero expresidente Rafael Correa, una serie de compa\u00f1eros legisladores, compa\u00f1eros que est\u00e1n en el exilio en M\u00e9xico, y ahora nosotros. Vemos claramente que esto es un plan que incluye una operaci\u00f3n de Estado y nos vemos y nos reconocemos mucho con lo que est\u00e1 pasando a nuestros hermanos del Estado Plurinacional de Bolivia. Creemos que es fundamental llamar a la unidad de los pueblos, generar acciones de solidaridad efectiva para poder garantizar la posibilidad de participaci\u00f3n, la posibilidad del derecho a la resistencia, para poder solicitar la discriminalizaci\u00f3n de todos los sectores pol\u00edticos y sociales de Latinoam\u00e9rica para que se deje de perseguir, para que en las c\u00e1rceles no haya ni un s\u00f3lo perseguido pol\u00edtico.<\/p>\n<p>&#8211; \u00bfQuedan presos de la revuelta de octubre? \u00bfCu\u00e1l es la situaci\u00f3n social que vive el pa\u00eds?<\/p>\n<p>siguen presos compa\u00f1eros de octubre, siguen injustamente presos compa\u00f1eros de la provincia Sucumb\u00edos. Entonces, estamos de cara a esta audiencia que es otro punto de llegada para una lucha que vamos a continuar y que nos compromete. Nosotros seguimos alzando la voz, rechazando las medidas neoliberales y las mentiras del Gobierno, no nos hemos callado, con mucha valent\u00eda seguimos dando la cara y colocando nuestra voz de protesta, seguimos solidariz\u00e1ndonos con todos los afectados de la pol\u00edtica de exterminio del gobierno de Moreno.<\/p>\n<p>Por otro lado, el desempleo llega ahora al 13,3%, un mill\u00f3n de personas botadas a la calle, servidores p\u00fablicos sin atenci\u00f3n, sin acceso a salud. El d\u00eda de hoy tenemos m\u00e1s de 95 mil casos de Covid y una serie de dificultades para el manejo de la pandemia. Nosotros conjuntamente con todos los sectores populares, democr\u00e1ticos, revolucionarios, del Ecuador estamos exigiendo, primero, justicia, para actos de corrupci\u00f3n porque en la mitad de la pandemia, frente a la crisis sanitaria, frente a hechos como el manejo de los cad\u00e1veres de nuestros hermanos, tuvimos que presenciar una serie de actos de corrupci\u00f3n, saqueaban los hospitales mientras dejaban sin insumos a nuestros m\u00e9dicos y nos dejaban sin medicinas.<\/p>\n<p>Creo que esa es una de las cosas que nos hace ratificar el compromiso de seguir peleando, de no bajar los brazos y de seguir denunciando porque lo que nos est\u00e1 pasando a nosotros le puede pasar a cualquiera de nuestros compa\u00f1eros y compa\u00f1eras. S\u00f3lo por el hecho de pensar diferente, por ser correista como ellos nos dicen, por representar o estar en un sector de la izquierda. Ahora, todos los sectores de izquierda y de representaci\u00f3n popular est\u00e1n siendo perseguidos, con vigilancia extrajudicial, con seguimientos no autorizados, pinchados los tel\u00e9fonos de los abogados, y una cantidad de cosas que se vienen denunciando de manera p\u00fablica.<\/p>\n<p>&#8211; Esto empez\u00f3 cuando en octubre el pueblo se levant\u00f3, tanto las organizaciones ind\u00edgenas, campesinas y tambi\u00e9n los sectores de las ciudades, contra el paquetazo del FMI. \u00bfQu\u00e9 ha pasado con ese paquetazo? porque en ese momento se lo logr\u00f3 frenar, pero despu\u00e9s se implementaron las mismas medidas de ese momento.<\/p>\n<p>&#8211; En efecto, la derogatoria del decreto 883, que lo que hac\u00eda es la eliminaci\u00f3n de los subsidios al combustible, de alguna otra manera se convirti\u00f3 en uno de los triunfos de la movilizaci\u00f3n de la convergencia de actores de diversos sectores, que creo que sobrepas\u00f3 cualquier agenda pol\u00edtica de cualquier organizaci\u00f3n y fue una expresi\u00f3n popular leg\u00edtima. Pero, lo que ha pasado es que la pandemia ha sido el pretexto ideal, la cortina y el paraguas, para poder llevar adelante el paquetazo so\u00f1ado por el Fondo Monetario Internacional. La ley no fue aprobada en ese octubre de ordenamiento de las finanzas p\u00fablico privadas, y s\u00ed fue autorizada ahora, en donde b\u00e1sicamente se les quita capacidad y autonom\u00eda a algunas entidades del Estado y algunos gobiernos aut\u00f3nomos descentralizados. Esta pandemia ha servido para hiperflexibilizar, para precarizar m\u00e1s las condiciones laborales, ha sido b\u00e1sicamente para atender a los actores del bloque en el poder, al sector econ\u00f3mico financiero, a reducir la econom\u00eda, el tama\u00f1o del Estado, que significa despidos, a liberalizar los precios de la gasolina.<\/p>\n<p>El d\u00eda de hoy amanecemos con un incremento del diesel y la super y estabilizado el precio de la extra. Pero, el paquetazo ha sido peor porque lo han utilizado en el marco de la pandemia. La ley humanitaria que sali\u00f3 de la Asamblea Nacional, de humanitaria no tiene absolutamente nada, es b\u00e1sicamente una apolog\u00eda a la posibilidad de que los sectores econ\u00f3micos financieros se beneficien, puedan a nombre de decir que hay que salvar el empleo, reducir incluso hasta en un 45% el salario. Significa que, por ejemplo, el salario b\u00e1sico en el pa\u00eds puede reducirse hasta casi 230 d\u00f3lares, una cosa que no se compara, s\u00ed que hacemos el parang\u00f3n, con el precio de la canasta b\u00e1sica que est\u00e1 por encima de 765 d\u00f3lares. Ha aparecido gran inflaci\u00f3n, las medidas econ\u00f3micas no son las m\u00e1s favorables para los sectores populares. Entonces, el paquetazo se ha profundizado, ha dado cuenta de una pol\u00edtica de exterminio de Moreno.<\/p>\n<p>&#8211; Nos queda solamente decirte mucha suerte, mucho \u00e1nimo, en este nuevo montaje en el que te est\u00e1n convocando y que la lucha del pueblo ecuatoriano redima toda esta pol\u00edtica de demonizaci\u00f3n de los sectores populares.<\/p>\n<p>&#8211; Much\u00edsimas gracias a nuestros compa\u00f1eros de Argentina y de toda Latinoam\u00e9rica, un fuerte abrazo revolucionario y a seguir, muy convencidos de que vamos a recuperar todos los espacios progresistas democr\u00e1ticos y populares.<\/p>\n","protected":false},"excerpt":{"rendered":"<p>Carlos Aznarez (Cubadebate, 17-8-20) &nbsp; &nbsp; En efecto, como t\u00fa manifiestas, el 17 hemos sido convocados por el juez de la Corte Provincial de Pichincha para una audiencia evaluatoria y preparatoria de juicio, Que data desde el pasado octubre donde toda Latinoam\u00e9rica se levant\u00f3 en rechazo a la implementaci\u00f3n atroz de las pol\u00edticas neoliberales. El [&hellip;]<\/p>\n","protected":false},"author":1,"featured_media":22135,"comment_status":"open","ping_status":"open","sticky":false,"template":"","format":"standard","meta":{"footnotes":""},"categories":[14,12],"tags":[],"class_list":["post-42192","post","type-post","status-publish","format-standard","has-post-thumbnail","hentry","category-internacionales","category-politica-3"],"_links":{"self":[{"href":"https:\/\/debateplural.net\/site\/wp-json\/wp\/v2\/posts\/42192"}],"collection":[{"href":"https:\/\/debateplural.net\/site\/wp-json\/wp\/v2\/posts"}],"about":[{"href":"https:\/\/debateplural.net\/site\/wp-json\/wp\/v2\/types\/post"}],"author":[{"embeddable":true,"href":"https:\/\/debateplural.net\/site\/wp-json\/wp\/v2\/users\/1"}],"replies":[{"embeddable":true,"href":"https:\/\/debateplural.net\/site\/wp-json\/wp\/v2\/comments?post=42192"}],"version-history":[{"count":1,"href":"https:\/\/debateplural.net\/site\/wp-json\/wp\/v2\/posts\/42192\/revisions"}],"predecessor-version":[{"id":42193,"href":"https:\/\/debateplural.net\/site\/wp-json\/wp\/v2\/posts\/42192\/revisions\/42193"}],"wp:featuredmedia":[{"embeddable":true,"href":"https:\/\/debateplural.net\/site\/wp-json\/wp\/v2\/media\/22135"}],"wp:attachment":[{"href":"https:\/\/debateplural.net\/site\/wp-json\/wp\/v2\/media?parent=42192"}],"wp:term":[{"taxonomy":"category","embeddable":true,"href":"https:\/\/debateplural.net\/site\/wp-json\/wp\/v2\/categories?post=42192"},{"taxonomy":"post_tag","embeddable":true,"href":"https:\/\/debateplural.net\/site\/wp-json\/wp\/v2\/tags?post=42192"}],"curies":[{"name":"wp","href":"https:\/\/api.w.org\/{rel}","templated":true}]}}