{"id":42212,"date":"2020-08-19T13:07:42","date_gmt":"2020-08-19T17:07:42","guid":{"rendered":"http:\/\/debateplural.com\/?p=42212"},"modified":"2020-08-19T13:07:42","modified_gmt":"2020-08-19T17:07:42","slug":"la-crisis-que-turquia-ha-desatado-en-el-mediterraneo-oriental-y-como-pone-a-prueba-a-la-ue-y-la-otan","status":"publish","type":"post","link":"https:\/\/debateplural.net\/site\/2020\/08\/19\/la-crisis-que-turquia-ha-desatado-en-el-mediterraneo-oriental-y-como-pone-a-prueba-a-la-ue-y-la-otan\/","title":{"rendered":"La crisis que Turqu\u00eda ha desatado en el Mediterr\u00e1neo Oriental y c\u00f3mo pone a prueba a la UE y la OTAN"},"content":{"rendered":"<p>Alberto Rodr\u00edguez Garc\u00eda (Russia Today, 18-8-20)<\/p>\n<p>&nbsp;<\/p>\n<p>Por si\u00a0el caso de\u00a0Libia, L\u00edbano y Siria no fuese suficiente, este mes de agosto Turqu\u00eda ha decidido\u00a0<a href=\"https:\/\/actualidad.rt.com\/actualidad\/363332-erdogan-turquia-nunca-ceder-bandolerismo-mediterraneo\" target=\"_blank\" rel=\"noopener noreferrer\">terminar de incendiar<\/a>\u00a0el Mediterr\u00e1neo Oriental provocando una grave escalada de tensi\u00f3n con Grecia el enviar un barco de exploraci\u00f3n s\u00edsmica para encontrar yacimientos de gas,\u00a0acompa\u00f1ado de buques de guerra, entre Creta y Chipre, al sur de las costas de Kastel\u00f3rizo; un territorio disputado por Atenas y Ankara ya que si bien est\u00e1 poblado por griegos, se encuentra a 500 kil\u00f3metros de la Grecia continental frente a los escasos 2 kil\u00f3metros de territorio turco.<\/p>\n<p>Y atendiendo a las distancias, los turcos llevan a\u00f1os intentando extender su Zona Econ\u00f3mica Exclusiva por las aguas griegas de Kastel\u00f3rizo, escud\u00e1ndose en que solo la plataforma continental del pa\u00eds deber\u00eda tenerse en cuenta a la hora de delimitar su ZEE; una reivindicaci\u00f3n sin legitimidad legal.<\/p>\n<p>En un alarde de soberbia, con la Comunidad Internacional mirando al Egeo, con Grecia pidiendo a sus aliados una cooperaci\u00f3n que no llega (desde una UE\u00a0<em>deeply concerned\u00a0<\/em>pero poco m\u00e1s y una OTAN a la que no le conviene pronunciarse), Erdogan lejos de recular sigui\u00f3 caldeando el ambiente y el 16 de agosto anunci\u00f3 que realizar\u00eda un ejercicio conjunto en el Mediterr\u00e1neo junto a la Rep\u00fablica Turca del Norte de Chipre; un ente sin raz\u00f3n de existir m\u00e1s all\u00e1 de mantener a ocupantes turcos en Chipre.<\/p>\n<p>Y lejos de detenerse ah\u00ed, el presidente turco tambi\u00e9n anunci\u00f3 que desplegar\u00eda otro 'barco de investigaci\u00f3n', el Yavuz, acompa\u00f1ado de buques de guerra. Esta vez navegando con la amenaza de \"recomendar no entrar en su \u00e1rea de estudio\". Y el plan del turco es alargar la situaci\u00f3n hasta \u2013por lo menos\u2013 mediados de septiembre.<\/p>\n<p><a href=\"http:\/\/localhost\/debateplural\/wp-content\/uploads\/2018\/08\/descarga-2.jpg\"><img loading=\"lazy\" decoding=\"async\" class=\" wp-image-26878 aligncenter\" src=\"http:\/\/localhost\/debateplural\/wp-content\/uploads\/2018\/08\/descarga-2.jpg\" alt=\"\" width=\"780\" height=\"391\" srcset=\"https:\/\/debateplural.net\/site\/wp-content\/uploads\/2018\/08\/descarga-2.jpg 317w, https:\/\/debateplural.net\/site\/wp-content\/uploads\/2018\/08\/descarga-2-300x150.jpg 300w\" sizes=\"(max-width: 780px) 100vw, 780px\" \/><\/a><\/p>\n<p>Y es que Erdogan no solo busca gas natural, sino que pretende avivar la tensi\u00f3n con Grecia, poner sobre la mesa de nuevo la disputa por a qui\u00e9n le pertenece la Zona Econ\u00f3mica Exclusiva alrededor de Kastel\u00f3rizo, entre Creta y Chipre, y entretener a su electorado, que anhela un Imperio neo-Otomano, mientras barre bajo un nacionalismo alimentado por el fanatismo religioso la crisis econ\u00f3mica que atraviesa el pa\u00eds.<\/p>\n<p><strong>Y Turqu\u00eda act\u00faa as\u00ed porque se siente fuerte, porque sabe que enfrente solo tiene una OTAN de capa ca\u00edda y una Uni\u00f3n Europea con una pol\u00edtica exterior que solo queda para imponer sanciones a pa\u00edses hiper-sancionados<\/strong>. Libia fue el campo de pruebas en el que Erdogan hizo y deshizo, hace y deshace, como le viene en gana ignorando sanciones, resoluciones de la ONU y declaraciones de Bruselas sobre lo\u00a0<em>profundamente preocupados que est\u00e1<\/em>n. Recientemente Ankara firm\u00f3 con Tr\u00edpoli un acuerdo para delimitar sus l\u00edmites marinos creando un corredor entre ambos pa\u00edses que atraviesa el corredor de Grecia y Egipto.<\/p>\n<p>Tras Libia y con total impunidad, Ankara decidi\u00f3 utilizar a migrantes irregulares como peones envi\u00e1ndolos en masa hacia la frontera griega. Ahora han ido un paso m\u00e1s all\u00e1 con el despliegue militar, mientras que la UE de la que Grecia es parte no reacciona, y de la que\u00a0<strong>solo Francia\u00a0<a href=\"https:\/\/actualidad.rt.com\/actualidad\/363191-turquia-insta-francia-evitar-pasos-agudicen-tension-\" target=\"_blank\" rel=\"noopener noreferrer\">se digna<\/a>\u00a0a tener mayor presencia militar en la zona para ayudar a sus aliados comunitarios, optando por adoptar una pol\u00edtica exterior propia frente a una uni\u00f3n apocada<\/strong>, m\u00e1s preocupada por sus formas que por el hecho de que los turcos sean cada vez m\u00e1s agresivos contra cualquiera que se interponga en su sue\u00f1o por restablecer un neo-Imperio Otomano. Y es que Merkel sabe mucho de subyugar al sur de Europa, pero tiene aut\u00e9ntico pavor a siquiera plantearse desafiar al intento de sult\u00e1n.<\/p>\n<p>Ya por puro pragmatismo, sin la necesidad de apelar a la \u00e9pica de\u00a0<em>defender a nuestros camaradas helenos<\/em>,\u00a0<strong>dejar a Turqu\u00eda apropiarse del gas al sur de Kastel\u00f3rizo<\/strong>, al este de Creta y al oeste de Chipre,\u00a0<strong>es renegar de unos recursos que dar\u00edan m\u00e1s soberan\u00eda energ\u00e9tica a Europa y reforzar\u00eda la posici\u00f3n del bloque en el mundo<\/strong>. Pero con diplom\u00e1ticos cobardes que solo piensan en la uni\u00f3n para cobrar, es dif\u00edcil tener una pol\u00edtica exterior destinada a defender los intereses de la comunidad. Porque a estas alturas ni la UE ni la OTAN parecen una uni\u00f3n; siendo m\u00e1s un tablero con sus reyes y peones.<\/p>\n<p>La crisis del Mediterr\u00e1neo Oriental es una crisis de la Uni\u00f3n Europea, donde Espa\u00f1a e Italia no se involucran en los asuntos del Egeo a fin de evitar potenciales problemas con Turqu\u00eda, los Hermanos Musulmanes libios, T\u00fanez o Marruecos y as\u00ed mantener activos los gaseoductos Transahariano, Pere Duran Farell (antes Magreb-Europa), Transmediterr\u00e1neo, Galsi y el Greenstream. Adem\u00e1s de que Italia tiene importantes negocios petroleros con 'eni' en el territorio libio controlado por los aliados de Turqu\u00eda, el Gobierno del Acuerdo Nacional.\u00a0<strong>La crisis del Mediterr\u00e1neo Oriental es una crisis de la Uni\u00f3n Europea<\/strong>, donde Alemania quiere impedir a toda costa la creaci\u00f3n de un gaseoducto EastMed que haga sombra al poder\u00edo germano que le proporcionar\u00e1 el Nord Stream II, directo desde Rusia por el B\u00e1ltico. Donde Hungr\u00eda quiere mantener aunque sea sobre el cad\u00e1ver de socios comunitarios, su puesto observador en el Consejo T\u00farquico. Donde todos se despellejan mutuamente.<\/p>\n<p>Hasta ahora, por los objetivos escogidos, los turcos han actuado con relativa tranquilidad. Han blindado al islamista Gobierno del Acuerdo Nacional en Libia frente a Haftar. Han invadido el norte de Siria creando un espacio seguro para la inseguridad de grupos yihadistas militantes y mercenarios. Han retomado los bombardeos en el norte de Irak contra el PKK. Pero ahora ha decidido enfrentarse a los grandes, y est\u00e1 desafiando a la UE y la OTAN en un mar Egeo que conoce m\u00e1s de 40 a\u00f1os de tensi\u00f3n entre turcos y griegos. La respuesta que se d\u00e9 a Turqu\u00eda determinar\u00e1 la credibilidad que le quede a la UE y la OTAN. Si fallan, su futuro en el medio-largo plazo ser\u00e1 incierto \u2013siendo generosos\u2013.<\/p>\n","protected":false},"excerpt":{"rendered":"<p>Alberto Rodr\u00edguez Garc\u00eda (Russia Today, 18-8-20) &nbsp; Por si\u00a0el caso de\u00a0Libia, L\u00edbano y Siria no fuese suficiente, este mes de agosto Turqu\u00eda ha decidido\u00a0terminar de incendiar\u00a0el Mediterr\u00e1neo Oriental provocando una grave escalada de tensi\u00f3n con Grecia el enviar un barco de exploraci\u00f3n s\u00edsmica para encontrar yacimientos de gas,\u00a0acompa\u00f1ado de buques de guerra, entre Creta y [&hellip;]<\/p>\n","protected":false},"author":1,"featured_media":38925,"comment_status":"open","ping_status":"open","sticky":false,"template":"","format":"standard","meta":{"footnotes":""},"categories":[14,12],"tags":[],"class_list":["post-42212","post","type-post","status-publish","format-standard","has-post-thumbnail","hentry","category-internacionales","category-politica-3"],"_links":{"self":[{"href":"https:\/\/debateplural.net\/site\/wp-json\/wp\/v2\/posts\/42212"}],"collection":[{"href":"https:\/\/debateplural.net\/site\/wp-json\/wp\/v2\/posts"}],"about":[{"href":"https:\/\/debateplural.net\/site\/wp-json\/wp\/v2\/types\/post"}],"author":[{"embeddable":true,"href":"https:\/\/debateplural.net\/site\/wp-json\/wp\/v2\/users\/1"}],"replies":[{"embeddable":true,"href":"https:\/\/debateplural.net\/site\/wp-json\/wp\/v2\/comments?post=42212"}],"version-history":[{"count":1,"href":"https:\/\/debateplural.net\/site\/wp-json\/wp\/v2\/posts\/42212\/revisions"}],"predecessor-version":[{"id":42213,"href":"https:\/\/debateplural.net\/site\/wp-json\/wp\/v2\/posts\/42212\/revisions\/42213"}],"wp:featuredmedia":[{"embeddable":true,"href":"https:\/\/debateplural.net\/site\/wp-json\/wp\/v2\/media\/38925"}],"wp:attachment":[{"href":"https:\/\/debateplural.net\/site\/wp-json\/wp\/v2\/media?parent=42212"}],"wp:term":[{"taxonomy":"category","embeddable":true,"href":"https:\/\/debateplural.net\/site\/wp-json\/wp\/v2\/categories?post=42212"},{"taxonomy":"post_tag","embeddable":true,"href":"https:\/\/debateplural.net\/site\/wp-json\/wp\/v2\/tags?post=42212"}],"curies":[{"name":"wp","href":"https:\/\/api.w.org\/{rel}","templated":true}]}}