{"id":42387,"date":"2020-08-31T06:04:10","date_gmt":"2020-08-31T10:04:10","guid":{"rendered":"http:\/\/debateplural.com\/?p=42387"},"modified":"2020-08-30T09:42:29","modified_gmt":"2020-08-30T13:42:29","slug":"covid-19-bateria-de-vacunas","status":"publish","type":"post","link":"https:\/\/debateplural.net\/site\/2020\/08\/31\/covid-19-bateria-de-vacunas\/","title":{"rendered":"Covid-19: bater\u00eda de vacunas"},"content":{"rendered":"<p>Miguel Angel Ferrer (La Jornada, 28-8-20)<\/p>\n<p>&nbsp;<\/p>\n<p>Quiz\u00e1 \u00e9sta sea la mejor noticia del a\u00f1o: La Organizaci\u00f3n Mundial de la Salud (OMS) declar\u00f3 el\u00a025 de agosto\u00a0reci\u00e9n pasado al continente africano libre de la temible poliomielitis. O, dicho en otras palabras, la polio en \u00c1frica est\u00e1 erradicada. Para esa misma fecha, ya s\u00f3lo son dos pa\u00edses en todo el planeta en los que la polio no ha sido erradicada: Afganist\u00e1n, con 29 casos y Paquist\u00e1n con 58.<\/p>\n<div class=\"qnewworld\"><\/div>\n<p>El protocolo sanitario universal establece que luego de cuatro a\u00f1os sin un nuevo caso de poliomielitis el flagelo se considera erradicado. En M\u00e9xico el \u00faltimo caso se dio en 1990, por lo que la naci\u00f3n azteca est\u00e1 libre de esa patolog\u00eda desde hace 30 a\u00f1os. Ese \u00faltimo caso se present\u00f3 en la localidad de Tomatl\u00e1n, en el estado de Jalisco en el occidente del pa\u00eds.<\/p>\n<p>En el continente americano la polio est\u00e1 erradicada desde 1994. Hasta ahora y desde 1979, hace ya 41 a\u00f1os, la \u00fanica patolog\u00eda absolutamente erradicada del orbe es la viruela. La clave de estas enormes conquistas de la humanidad ha sido, por supuesto, la vacunaci\u00f3n masiva y universal.<\/p>\n<p><a href=\"http:\/\/localhost\/debateplural\/wp-content\/uploads\/2020\/05\/5ec80a53ec642.jpeg\"><img loading=\"lazy\" decoding=\"async\" class=\" wp-image-40570 aligncenter\" src=\"http:\/\/localhost\/debateplural\/wp-content\/uploads\/2020\/05\/5ec80a53ec642.jpeg\" alt=\"\" width=\"873\" height=\"485\" srcset=\"https:\/\/debateplural.net\/site\/wp-content\/uploads\/2020\/05\/5ec80a53ec642.jpeg 612w, https:\/\/debateplural.net\/site\/wp-content\/uploads\/2020\/05\/5ec80a53ec642-300x167.jpeg 300w\" sizes=\"(max-width: 873px) 100vw, 873px\" \/><\/a><\/p>\n<p>La desaparici\u00f3n del Covid-19 es ahora el gran desaf\u00edo de la sociedad humana. Y la clave, por supuesto, ser\u00e1 la vacuna. Es cosa de meses para que esta se encuentre disponible y comience a ser aplicada masiva y universalmente. Y si bien son varios los prospectos de vacuna, hasta ahora el m\u00e1s avanzado es el inmunizador ruso.<\/p>\n<p>La vacunaci\u00f3n pronta, eficaz y universal contra el covid-19 adquiere mayor relevancia cuando se sabe que, contrariamente a otras infecciones virales, haberla padecido no inmuniza contra una nueva infecci\u00f3n por coronavirus. De modo que la inmunizaci\u00f3n s\u00f3lo podr\u00e1 provenir de la vacunaci\u00f3n.<\/p>\n<p>Y no importar\u00e1, desde luego, cu\u00e1l sea la primera vacuna en ser aplicada: la rusa, la brit\u00e1nica, la estadounidense, la china, la cubana o cualquiera otra. El punto es que todas ellas sean eficaces. Puede ocurrir que, como en el caso de la poliomielitis, se utilicen en forma sucesiva o simult\u00e1nea dos vacunas, en este caso la salk y la sabin.<\/p>\n<p>El coronavirus es un enemigo muy temible y todav\u00eda desconocido en muchos aspectos, por lo que ser\u00e1 muy valioso contar con una bater\u00eda de vacunas en proceso constante de mejor\u00eda en eficacia y facilidades de aplicaci\u00f3n.<\/p>\n<p>Hasta el momento es muy extensa la lista de las patolog\u00edas prevenibles por vacunaci\u00f3n. Se puede aventurar que muy pronto el covid-19 se sumar\u00e1 a esa gratificante relaci\u00f3n.<\/p>\n","protected":false},"excerpt":{"rendered":"<p>Miguel Angel Ferrer (La Jornada, 28-8-20) &nbsp; Quiz\u00e1 \u00e9sta sea la mejor noticia del a\u00f1o: La Organizaci\u00f3n Mundial de la Salud (OMS) declar\u00f3 el\u00a025 de agosto\u00a0reci\u00e9n pasado al continente africano libre de la temible poliomielitis. O, dicho en otras palabras, la polio en \u00c1frica est\u00e1 erradicada. Para esa misma fecha, ya s\u00f3lo son dos pa\u00edses [&hellip;]<\/p>\n","protected":false},"author":1,"featured_media":41914,"comment_status":"open","ping_status":"open","sticky":false,"template":"","format":"standard","meta":{"footnotes":""},"categories":[14,44],"tags":[],"class_list":["post-42387","post","type-post","status-publish","format-standard","has-post-thumbnail","hentry","category-internacionales","category-salud"],"_links":{"self":[{"href":"https:\/\/debateplural.net\/site\/wp-json\/wp\/v2\/posts\/42387"}],"collection":[{"href":"https:\/\/debateplural.net\/site\/wp-json\/wp\/v2\/posts"}],"about":[{"href":"https:\/\/debateplural.net\/site\/wp-json\/wp\/v2\/types\/post"}],"author":[{"embeddable":true,"href":"https:\/\/debateplural.net\/site\/wp-json\/wp\/v2\/users\/1"}],"replies":[{"embeddable":true,"href":"https:\/\/debateplural.net\/site\/wp-json\/wp\/v2\/comments?post=42387"}],"version-history":[{"count":1,"href":"https:\/\/debateplural.net\/site\/wp-json\/wp\/v2\/posts\/42387\/revisions"}],"predecessor-version":[{"id":42388,"href":"https:\/\/debateplural.net\/site\/wp-json\/wp\/v2\/posts\/42387\/revisions\/42388"}],"wp:featuredmedia":[{"embeddable":true,"href":"https:\/\/debateplural.net\/site\/wp-json\/wp\/v2\/media\/41914"}],"wp:attachment":[{"href":"https:\/\/debateplural.net\/site\/wp-json\/wp\/v2\/media?parent=42387"}],"wp:term":[{"taxonomy":"category","embeddable":true,"href":"https:\/\/debateplural.net\/site\/wp-json\/wp\/v2\/categories?post=42387"},{"taxonomy":"post_tag","embeddable":true,"href":"https:\/\/debateplural.net\/site\/wp-json\/wp\/v2\/tags?post=42387"}],"curies":[{"name":"wp","href":"https:\/\/api.w.org\/{rel}","templated":true}]}}