{"id":42391,"date":"2020-08-31T11:52:44","date_gmt":"2020-08-31T15:52:44","guid":{"rendered":"http:\/\/debateplural.com\/?p=42391"},"modified":"2020-08-31T11:52:44","modified_gmt":"2020-08-31T15:52:44","slug":"tension-politica-y-pandemia","status":"publish","type":"post","link":"https:\/\/debateplural.net\/site\/2020\/08\/31\/tension-politica-y-pandemia\/","title":{"rendered":"Tensi\u00f3n pol\u00edtica y pandemia"},"content":{"rendered":"<p><span class=\"author\"><a href=\"https:\/\/rebelion.org\/autor\/karen-gil\/\">Karen Gil<\/a><\/span> (Brecha, 31-8-20)<\/p>\n<p>&nbsp;<\/p>\n<p><strong>Tras una nueva postergaci\u00f3n de las elecciones, el gobierno de Jeanine \u00c1\u00f1ez debi\u00f3 enfrentar en las \u00faltimas semanas masivas movilizaciones obreras y campesinas, que bloquearon rutas y caminos y generaron graves disturbios en las principales ciudades del pa\u00eds. La medida, no obstante, hizo peligrar las chances del MAS de cara a las elecciones, cuando deber\u00e1 enfrentarse a un oficialismo impopular y cercado por una grave crisis sanitaria y econ\u00f3mica.<\/strong><\/p>\n<p>Una de las im\u00e1genes que m\u00e1s impactaron a la ciudadan\u00eda boliviana a inicios de agosto fue la de 28 beb\u00e9s reci\u00e9n nacidos que necesitaban ox\u00edgeno medicinal. Este tard\u00f3 en llegar debido al bloqueo de caminos y puso en riesgo la vida de los neonatos. La escena fue el resultado de una crisis pol\u00edtica que, si bien se ha superado, dej\u00f3 un conflicto latente. Durante 12 d\u00edas, el bloqueo de caminos, protagonizado por las organizaciones sociales afines al Movimiento al Socialismo (MAS) que cuestionaban el cambio de fecha de las elecciones nacionales, impidi\u00f3 el transporte de ox\u00edgeno de Santa Cruz al resto de las ciudades. Ahora, una vez levantada la medida, los dirigentes sociales denuncian ser objeto de una persecuci\u00f3n que podr\u00eda tensar la espera de los comicios, que ya fueron suspendidos tres veces.<\/p>\n<p><strong>Trancazos y protestas<\/strong><\/p>\n<p>La nueva postergaci\u00f3n, hasta el 18 de octubre, de las elecciones nacionales por el Tribunal Supremo Electoral (TSE) molest\u00f3 a los sectores sociales afines al MAS, partido del expresidente Evo Morales. La medida unilateral del TSE, anunciada el 23 de julio, es considerada por ese sector de la oposici\u00f3n una forma de prorrogar el lapso del gobierno transitorio, que, tras los conflictos del a\u00f1o pasado, ten\u00eda la misi\u00f3n de pacificar el pa\u00eds y convocar a nuevos comicios, pero hasta el momento lleva en el poder m\u00e1s de nueve meses. Al igual que el primer aplazamiento de la fecha de elecciones (fijadas para el 3 de mayo y postergadas al comienzo de la epidemia para el 17 de ese mes) y el segundo (que las agend\u00f3 para el 6 de setiembre), esta \u00faltima postergaci\u00f3n se debi\u00f3, de acuerdo con el gobierno, al ascenso de los contagios de coronavirus. Durante la tercera semana de este mes, llegaron, seg\u00fan el recuento oficial, a los 2.031 casos diarios, el tercer pico m\u00e1s alto desde marzo.<\/p>\n<p><a href=\"http:\/\/localhost\/debateplural\/wp-content\/uploads\/2019\/11\/bandera-boliviana_LRZIMA20190805_0031_11.jpg\"><img loading=\"lazy\" decoding=\"async\" class=\" wp-image-36819 aligncenter\" src=\"http:\/\/localhost\/debateplural\/wp-content\/uploads\/2019\/11\/bandera-boliviana_LRZIMA20190805_0031_11.jpg\" alt=\"\" width=\"602\" height=\"448\" srcset=\"https:\/\/debateplural.net\/site\/wp-content\/uploads\/2019\/11\/bandera-boliviana_LRZIMA20190805_0031_11.jpg 474w, https:\/\/debateplural.net\/site\/wp-content\/uploads\/2019\/11\/bandera-boliviana_LRZIMA20190805_0031_11-300x223.jpg 300w\" sizes=\"(max-width: 602px) 100vw, 602px\" \/><\/a><\/p>\n<p>Al conocer la noticia de esta tercera postergaci\u00f3n, la oposici\u00f3n cuestion\u00f3 que la autoridad electoral cambiara la fecha de votaci\u00f3n en contradicci\u00f3n con lo que hab\u00eda aprobado la Asamblea Legislativa Plurinacional \u2013en la que el MAS tiene mayor\u00eda\u2013 en un acuerdo con el oficialismo arduamente negociado. El 2 de agosto, desde su exilio en Argentina y mediante su cuenta de Twitter, Morales afirm\u00f3 que el TSE \u00abno puede apoyar intentos de un gobierno de facto de prorrogarse\u00bb. Sus bases sociales recurrieron, entonces, a una estrategia de protesta que popularizaron los movimientos campesinos \u2013entre ellos, el liderado por Morales\u2013 en los noventa y los dos mil y que en la actualidad usan varios gremios como forma habitual de plantear sus demandas. Del 3 al 15 de este mes, los sectores aglutinados en el llamado Pacto de Unidad \u2013alianza de movimientos sociales que respaldan al MAS\u2013 bloquearon las v\u00edas principales de seis departamentos del pa\u00eds.<\/p>\n<p><strong>Marcha atr\u00e1s<\/strong><\/p>\n<p>Finalmente, el tenso escenario se solucion\u00f3 sin la intervenci\u00f3n de las fuerzas del orden, a pesar de que el jueves 6 el ministro de Gobierno (Interior), Arturo Murillo, dijo en una conferencia de prensa que, si bien el Ejecutivo pensaba agotar todas las instancias de negociaci\u00f3n, no descartaba una intervenci\u00f3n militar \u00aben cualquier momento\u00bb. Con el correr de los d\u00edas, y la mediaci\u00f3n de la iglesia cat\u00f3lica y representantes de la Uni\u00f3n Europea y Naciones Unidas, los movimientos sociales fueron aceptando el 18 de octubre como nueva fecha de los comicios y el gobierno se ofreci\u00f3 a dar garant\u00edas de que as\u00ed sea cumplido.<\/p>\n<p>Morales, quien al inicio de la medida expres\u00f3 su apoyo a la protesta, ya ven\u00eda retrocediendo en sus pasos y el 9 de agosto afirm\u00f3 que las bases movilizadas deb\u00edan reflexionar sobre las propuestas del TSE. En un mensaje para los movilizados emitido a trav\u00e9s de Radio Kausachun, afirm\u00f3 que, si se contaba con una ley del Parlamento que refrendara la nueva fecha y con el aval de la comunidad internacional, era posible aceptar la nueva postergaci\u00f3n de los comicios. Y dijo m\u00e1s: a poco de comenzados los bloqueos, \u00abs\u00f3lo el 28 por ciento repudiaba la movilizaci\u00f3n de lucha por la democracia; el viernes ya subieron al 49 por ciento y el s\u00e1bado, a 58 por ciento\u00bb, en referencia a encuestas que dijo haber visto por esas horas. \u00abSi hacemos una evaluaci\u00f3n, el gobierno usa muy bien nuestra movilizaci\u00f3n para desgastarnos\u00bb, agreg\u00f3.<\/p>\n<p>El viernes 14, la Central Obrera Boliviana (COB), principal animadora de los piquetes, llam\u00f3 a levantar la medida y a \u00abun cuarto intermedio de las movilizaciones\u00bb hasta el 18 de octubre. En una conferencia de prensa, su secretario ejecutivo, Juan Carlo Huarachi, dijo que la decisi\u00f3n buscaba \u00abevitar m\u00e1s enfrentamientos y muertes\u00bb y que la COB y el Pacto de Unidad eran los verdaderos \u00abpacificadores del pa\u00eds\u00bb. El dirigente tambi\u00e9n asegur\u00f3 que la aprobaci\u00f3n de las disposiciones legales y administrativas necesarias para celebrar las elecciones en la nueva fecha \u2013que fueron aprobadas por el Parlamento el d\u00eda anterior\u2013 eran \u00abuna conquista de la clase obrera\u00bb. Si fuera por el gobierno, asegur\u00f3, no habr\u00eda elecciones el 18 de octubre. \u00abNos estaban mintiendo, le estaban mintiendo al pueblo boliviano\u00bb, as\u00ed sali\u00f3 al cruce de lo dicho el d\u00eda anterior, en el Palacio de Gobierno, por la presidenta Jeanine \u00c1\u00f1ez.<\/p>\n<p>Al promulgar la ley con la nueva fecha de elecciones, la mandataria interina afirm\u00f3 que estaba poniendo su firma a \u00abuna segunda pacificaci\u00f3n\u00bb del pa\u00eds. Consider\u00f3, adem\u00e1s, que una vez promulgada la ley, acordada con la bancada masista, ya no hab\u00eda raz\u00f3n para los bloqueos: \u00abLos bolivianos, m\u00e1s all\u00e1 de nuestras diferencias, preferimos la democracia a la dictadura, el di\u00e1logo al bloqueo [\u2026]. Queremos la vida antes que la guerra. Por eso queremos que pase el ox\u00edgeno\u00bb. En tono conciliador, asegur\u00f3 que los bolivianos tienen \u00abmetas comunes, que ahora son la salud y la econom\u00eda\u00bb.<\/p>\n<p><strong>Balance y p\u00e9rdidas<\/strong><\/p>\n<p>Los cortes de rutas provocaron una p\u00e9rdida econ\u00f3mica de al menos 700 millones de bolivianos (algo m\u00e1s de 101 millones de d\u00f3lares), seg\u00fan el Ministerio de Econom\u00eda. El desabastecimiento de alimentos y combustible caus\u00f3 carest\u00eda y el incremento de los productos de la canasta familiar. Adem\u00e1s, el gobierno afirma que, por falta de ox\u00edgeno, en los hospitales murieron 27 pacientes con covid-19. El secretario ejecutivo del Sindicato de Ramas M\u00e9dicas Afines de La Paz, Fernando Romero, dijo a Brecha que se registr\u00f3, adem\u00e1s, un n\u00famero similar de muertes de pacientes del \u00e1rea rural que no pudieron ser trasladados a los centros especializados en las ciudades. El sindicato m\u00e9dico present\u00f3 una denuncia en la Fiscal\u00eda por homicidio culposo en contra de seis de los dirigentes que encabezan el Pacto de Unidad; entre ellos, Huarachi.<\/p>\n<p>Aunque los dirigentes sociales afirman que en los bloqueos la COB dio la orden de dejar pasar los camiones que transportaban ox\u00edgeno y que as\u00ed se hizo, el gobierno decidi\u00f3 demandar penalmente a las organizaciones sociales; en este caso, al vicepresidente de las Seis Federaciones Cocaleras del Tr\u00f3pico de Cochabamba y candidato a senador por el MAS, Andr\u00f3nico Rodr\u00edguez, y al ejecutivo de la Federaci\u00f3n Chimor\u00e9, que re\u00fane a m\u00e1s de 100 sindicatos cocaleros, Leonardo Loza. Adem\u00e1s, las autoridades presentaron una denuncia contra Morales por \u00abatentar contra la salud p\u00fablica\u00bb. La causa se suma a cuatro demandas penales que pesan contra el m\u00e1ximo dirigente del MAS; entre ellas, una por estupro, abuso sexual y trata de personas (v\u00e9ase la nota \u00abEl abuso\u00bb, en este n\u00famero).<\/p>\n<p>Para la soci\u00f3loga y cientista pol\u00edtica de la Universidad Mayor de San Sim\u00f3n, Mar\u00eda Teresa Zegada, los conflictos se apaciguaron debido a que el MAS percibi\u00f3 que los bloqueos da\u00f1aban su imagen electoral. La acad\u00e9mica tambi\u00e9n atribuye el cese de la protesta a que muchos de los manifestantes se habr\u00edan contagiado de covid-19, tal como se\u00f1ala un informe del Servicio Departamental de Salud de Santa Cruz, que el 10 de agosto afirm\u00f3 que, de 49 personas arrestadas por los bloqueos en la localidad de Samaipata, 19 dieron positivo en las pruebas r\u00e1pidas.<\/p>\n<p><strong>Campa\u00f1a en crisis<\/strong><\/p>\n<p>El gobierno transitorio dice esperar que entre setiembre y octubre baje el pico de contagios. Por ello, asegura, las elecciones nacionales se realizar\u00e1n s\u00ed o s\u00ed el 18 de octubre. \u00abLa presidenta \u00c1\u00f1ez no es que se quiera prorrogar [\u2026]. El \u00d3rgano Ejecutivo ha entendido que el 18 de octubre se debe colocar como una fecha impostergable, y as\u00ed lo ha entendido la Asamblea\u00bb, dijo a Brecha el viceministro de Coordinaci\u00f3n y Gesti\u00f3n Gubernamental, Israel Alanoca. De acuerdo con la \u00faltima encuesta de voto urbano de Ipsos, publicada el viernes 21 de julio, los candidatos de Comunidad Ciudadana \u2013el expresidente Carlos Mesa\u2013 y el MAS \u2013el exministro de Econom\u00eda Luis Arce\u2013 empatan con el 26 por ciento de apoyo. \u00c1\u00f1ez aparece tercera, con el 14 por ciento. El sondeo no incluye las \u00e1reas rurales, donde el MAS espera obtener una importante ventaja.<\/p>\n<p>De todos modos, el episodio de los bloqueos fue apenas la manifestaci\u00f3n de un conflicto latente mayor sin resolver. \u00abNos ha mostrado la fragilidad enorme que hay en el sistema pol\u00edtico y en las instituciones\u00bb, dijo Zegada. Tal situaci\u00f3n es evidente en el enfrentamiento constante entre los poderes Ejecutivo y Legislativo, ambos con mandatos que conclu\u00edan en enero y fueron ampliados de urgencia hasta la celebraci\u00f3n de unas elecciones que no han dejado de postergarse. As\u00ed, varias normas sancionadas en los \u00faltimos meses por el Legislativo no han sido promulgadas por el Ejecutivo y hay cr\u00e9ditos econ\u00f3micos y proyectos de ley presentados por el equipo de la presidenta que el Parlamento se niega a aprobar. \u00abEstamos en medio de un escenario de apronte de las fuerzas sociales y pol\u00edticas\u00bb, declar\u00f3. As\u00ed lo perciben los movimientos sociales. No s\u00f3lo temen que el gobierno transitorio ampl\u00ede a\u00fan m\u00e1s su mandato, sino que se sienten amenazados.<\/p>\n<p>Leonardo Loza, uno de los principales dirigentes cocaleros del pa\u00eds, dijo a Brecha que el conflicto social de las \u00faltimas semanas ha dado paso a la persecuci\u00f3n pol\u00edtica de los representantes de los movimientos sociales. \u00abPosiblemente estemos saliendo de un conflicto social \u2013depender\u00e1 mucho del comportamiento del prorroguismo electoral que tenemos\u2013, pero hay que dar cuenta al pueblo de que hemos entrado a un conflicto jur\u00eddico-legal, a una persecuci\u00f3n pol\u00edtica\u00bb, a\u00f1adi\u00f3.<\/p>\n<p>Por su parte, el jefe de la bancada del MAS en el Senado, Efra\u00edn Chambi, dijo a este semanario que el pa\u00eds a\u00fan vive una situaci\u00f3n delicada, con una constante vulneraci\u00f3n de derechos por parte del Ejecutivo. Se\u00f1al\u00f3, por ejemplo, las demandas iniciadas por el gobierno contra varios l\u00edderes del MAS \u2013entre ellos, la alcaldesa de Vinto, Patricia Arce, y su familia\u2013 por un presunto incumplimiento de la cuarentena. Chambi considera que, a pesar del levantamiento de los bloqueos, a\u00fan hay malestar en la ciudadan\u00eda. Afirm\u00f3 que, si bien en el conflicto de agosto los sectores urbanos no salieron a la calle, lo har\u00e1n en los pr\u00f3ximos d\u00edas. Porque, si bien la protesta comenz\u00f3 por la modificaci\u00f3n de la fecha de las elecciones, muchos sectores pasaron luego a sumar demandas vinculadas a la gesti\u00f3n gubernamental de la pandemia. Incluso el movimiento ind\u00edgena del Altiplano, liderado por el veterano militante Felipe Quispe \u2013muy cr\u00edtico de Morales\u2013, se sum\u00f3 a los bloqueos para pedir la renuncia de \u00c1\u00f1ez.<\/p>\n<p>\u00c1\u00f1ez es cuestionada, adem\u00e1s, por la oposici\u00f3n de derecha debido a su doble rol: candidata y presidenta. Sus rivales afirman que su gesti\u00f3n tiene como objetivo sumar votos para su candidatura, y son varias las voces que la instan a renunciar a su candidatura y a concentrarse en combatir la crisis sanitaria y econ\u00f3mica. Precisamente despu\u00e9s de los conflictos del a\u00f1o pasado, la crisis sanitaria y los conflictos sociales de agosto, la econom\u00eda se ha visto duramente golpeada y se teme que el escenario empeore en lo que queda del a\u00f1o. Datos del Centro de Desarrollo Laboral y Agrario muestran que la tasa de desempleo urbano subi\u00f3 de 4,2 por ciento a 7,34 por ciento y la informalidad se increment\u00f3 a 80 por ciento. La crisis sanitaria hizo que varias empresas echen a sus trabajadores y otras, principalmente las peque\u00f1as, cierren. Pese a la cuarentena, las calles est\u00e1n llenas de personas que intentan vender alg\u00fan producto para sobrevivir, si es que no enferman antes.<\/p>\n<p><strong>***<\/strong><\/p>\n<p><strong>Las masacres y las denuncias<\/strong><\/p>\n<p>La conflictividad boliviana se arrastra desde la convulsi\u00f3n social del a\u00f1o pasado, provocada por las sospechas de fraude en las elecciones nacionales del 20 de octubre a manos del gobierno de Evo Morales. Las protestas de la entonces oposici\u00f3n derivaron en la renuncia del mandatario, quien hab\u00eda insistido en postularse por cuarta vez a la presidencia, en contra de la Constituci\u00f3n y los resultados del refer\u00e9ndum de 2016.<\/p>\n<p>Cuando la pandemia del covid-19 lleg\u00f3, a inicios de marzo, encontr\u00f3 un pa\u00eds que intentaba salir de una crisis pol\u00edtica y social con un gobierno transitorio abiertamente de derecha y de cuestionada legitimidad.<\/p>\n<p>Uno de los aspectos m\u00e1s criticados del gobierno de Jeanine \u00c1\u00f1ez es la vulneraci\u00f3n de derechos humanos en las intervenciones policiales y militares en los bloqueos de Sacaba (Cochabamba) y Senkata (El Alto) el 15 y el 19 de noviembre, respectivamente. Estas intervenciones dejaron a 23 civiles ind\u00edgenas muertos por bala y 230 heridos.<\/p>\n<p>Recientemente, y a trav\u00e9s de informes especiales sobre estos hechos, varias instancias internacionales condenaron el uso excesivo de violencia por el gobierno y resaltaron la falta de investigaci\u00f3n penal correspondiente. El lunes 24, la Oficina del Alto Comisionado de las Naciones Unidas para los Derechos Humanos urgi\u00f3 al gobierno de Bolivia a encarar cambios estructurales que atiendan las causas de la presente crisis pol\u00edtica y social y a que se rindan cuentas por las diversas violaciones a los derechos humanos que han sucedido a las elecciones del 20 de octubre.<\/p>\n<p>\u00abMe preocupa profundamente que, en nueve meses, ni una sola persona haya sido encontrada responsable por las muertes en Sacaba y Senkata ni por la mayor\u00eda de los asesinatos que han ocurrido en este per\u00edodo\u00bb, expres\u00f3 la titular del organismo, Michelle Bachelet.<\/p>\n<p>Previamente, el informe \u00ab\u201cNos dispararon como animales\u201d, noviembre negro y el gobierno interino de Bolivia\u00bb, presentado a fines de julio, hab\u00eda destacado la presencia de \u00abpatrones desconcertantes de violaci\u00f3n de derechos humanos\u00bb cometidos por el gobierno de \u00c1\u00f1ez. El documento fue elaborado por la Cl\u00ednica Internacional de Derechos Humanos de la Facultad de Derecho de la Universidad de Harvard y la University Network for Human Rights.<\/p>\n<p>A esta denuncia se hab\u00eda sumado, adem\u00e1s, a principios de mes, la de Amnist\u00eda Internacional, que conden\u00f3 la impunidad en materia de violaciones de derechos humanos durante la crisis poselectoral e inst\u00f3 al gobierno y a los candidatos de los distintos partidos a comprometerse en la promoci\u00f3n de las investigaciones penales de esos hechos.<\/p>\n<p><strong>***<\/strong><\/p>\n<p><strong>Con Jhonny Pardo, l\u00edder sindical de los campesinos de Cochabamba<\/strong><\/p>\n<p><strong>\u201c\u00c1\u00f1ez deber\u00e1 irse tras el 18 de octubre s\u00ed o s\u00ed\u201d<\/strong><\/p>\n<p><strong>El movimiento campesino de Bolivia fue un actor fundamental en los bloqueos de carreteras que en las \u00faltimas semanas marcaron un nuevo cap\u00edtulo de la aguda crisis pol\u00edtica que vive ese pa\u00eds. Brecha habl\u00f3 con uno de sus referentes para conocer la visi\u00f3n de este sector sobre la situaci\u00f3n pol\u00edtica actual.<\/strong><\/p>\n<p><strong>Fabi\u00e1n Kovacic<\/strong><\/p>\n<p><strong>Brecha, 28-8-2020\u00a0\u00a0<\/strong><\/p>\n<p>Tras el cese de los bloqueos que cercaron varias ciudades bolivianas durante la primera mitad de agosto en protesta por la postergaci\u00f3n de las elecciones, la Federaci\u00f3n Sindical \u00danica de Trabajadores Campesinos de Cochabamba se mantiene en alerta. Sus integrantes, que forman parte de un entramado de federaciones campesinas que afirma tener unos 4 millones de afiliados, y que apoyan la f\u00f3rmula del MAS, permanecen movilizados y en asamblea. En medio de ese traj\u00edn, su secretario ejecutivo, Jhonny Pardo, dialog\u00f3 telef\u00f3nicamente con Brecha.<\/p>\n<p><strong>\u2014\u00bfHabr\u00e1 elecciones presidenciales en Bolivia en octubre?<\/strong><\/p>\n<p>No confiamos en el gobierno y sus intenciones de ir a las elecciones del 18 de octubre, porque ellos s\u00f3lo quieren dilatar las cosas. Cuando apareci\u00f3 el coronavirus, creyeron que eso los favorecer\u00eda, pero mientras pasan los d\u00edas hay m\u00e1s muerte y miseria en el pa\u00eds. El coronavirus vino a agravar las cosas para [la presidenta Jeanine] \u00c1\u00f1ez. Su \u00fanico apoyo ahora son los Comit\u00e9s C\u00edvicos, que adem\u00e1s est\u00e1n pidiendo la renuncia de los vocales del Tribunal Electoral. Por eso le hemos pedido a la Asamblea Nacional que frente a cualquier renuncia que se produzca en el Tribunal inmediatamente designe a los reemplazos, porque el gobierno va a usar esto para buscar nuevamente la suspensi\u00f3n de las elecciones.<\/p>\n<p><strong>\u2014\u00bfQu\u00e9 puede pasar si se suspenden las elecciones de octubre?<\/strong><\/p>\n<p>La pol\u00edtica del MAS no es el golpe de Estado. Este gobierno tiene que irse expulsado por los votos. Pese a que nuestros candidatos Luis Arce y David Choquehuanca lideran las encuestas, nosotros no confiamos en ellas. Porque algunas son pagadas por ellos mismos para mostrar empates o incluso triunfos ajustados de sus aliados.<\/p>\n<p><strong>\u2014\u00bfA qui\u00e9n se refiere cuando dice \u00abellos\u00bb?<\/strong><\/p>\n<p>Al imperio estadounidense, que quiere sostener a este gobierno en el poder. Ya lo ha hecho infiltrando recursos y personajes a trav\u00e9s de organizaciones como la USAID. La parte de la oposici\u00f3n representada por Carlos Mesa y Fernando Camacho cumple las \u00f3rdenes de Estados Unidos, son como agentes de la CIA en territorio boliviano.<\/p>\n<p><strong>\u2014\u00bfY si hay elecciones en octubre y la presidenta \u00c1\u00f1ez no quiere dejar el poder?<\/strong><\/p>\n<p>\u00c1\u00f1ez y el imperio estadounidense no van a querer entregar el poder el 18 de octubre. Van a hacer lo imposible por conservarlo. Pero nosotros consideramos que ese d\u00eda \u00c1\u00f1ez debe dejar el gobierno s\u00ed o s\u00ed. A como d\u00e9 lugar. A partir de ese d\u00eda las cosas no ser\u00e1n f\u00e1ciles para el gobierno del MAS, lo sabemos, pero estamos preparados para sostener a nuestros gobernantes con el pueblo movilizado.<\/p>\n<p><strong>\u2014\u00bfC\u00f3mo toman ustedes las recientes acusaciones contra Evo Morales por presuntas relaciones con mujeres menores de edad?<\/strong><\/p>\n<p>Eso lo tiene que determinar la Justicia. Pero para nosotros, el gobierno y sus partidos cercanos est\u00e1n haciendo un uso pol\u00edtico de acusaciones que para nosotros resultan falsas. Usan esas acusaciones para desacreditar al MAS, al movimiento social campesino, a los compa\u00f1eros Lucho Arce y David Choquehuanca y en especial a nuestro compa\u00f1ero presidente Evo. Es pol\u00edtica sucia.<\/p>\n<p><strong>\u2014\u00bfEst\u00e1n de acuerdo con las denuncias de Evo Morales acerca de que el golpe de Estado fue por el litio?<\/strong><\/p>\n<p>\u2014No se olvide de que cuando se produjo el golpe, nuestro pa\u00eds hab\u00eda firmado acuerdos ventajosos con Alemania para explotar el litio. Pero no es s\u00f3lo por el litio, sino por todas las riquezas que este gobierno junto al imperio estadounidense est\u00e1n saque\u00e1ndole a Bolivia y al pueblo boliviano. Fue un golpe econ\u00f3mico con la intenci\u00f3n de despojar tambi\u00e9n al pueblo de los derechos conquistados en los \u00faltimos a\u00f1os junto con el gobierno de Evo Morales.<\/p>\n<p><strong>\u2014\u00bfC\u00f3mo ve usted la unidad del movimiento social, teniendo en cuenta que en los \u00faltimos tiempos ha habido diferencias de estrategia?<\/strong><\/p>\n<p>Las bases se unieron durante los recientes bloqueos y le demostramos al gobierno de la se\u00f1ora \u00c1\u00f1ez que el pueblo boliviano est\u00e1 unido. Es cierto que hubo desinteligencias y malentendidos hace algunos meses, pero frente a las pol\u00edticas saqueadoras de este gobierno nos hemos unido m\u00e1s. Hoy estamos s\u00f3lidamente unidos detr\u00e1s de los compa\u00f1eros que integran la f\u00f3rmula del MAS.<\/p>\n<p><strong>\u2014\u00bfQu\u00e9 puede decir de la situaci\u00f3n social en este momento?<\/strong><\/p>\n<p>Es grave. No s\u00f3lo el pueblo movilizado denuncia al gobierno. Los cr\u00edmenes de Sakaba y Senkata tambi\u00e9n fueron denunciados por la se\u00f1ora [Michelle] Bachelet, del organismo de Derechos Humanos de la ONU. Y el gobierno de \u00c1\u00f1ez, a trav\u00e9s del ministro Arturo Murillo, ahora acusa a la ONU de no ser imparcial.<\/p>\n<p><strong>\u2014El informe de Bachelet tambi\u00e9n recuerda la responsabilidad de Evo Morales en la crisis, por haberse presentado a las elecciones presidenciales a pesar del refer\u00e9ndum en su contra.<\/strong><\/p>\n<p>Pero es que esa decisi\u00f3n del hermano Evo fue legal y constitucional. No quiera ahora el gobierno de \u00c1\u00f1ez esquivar la responsabilidad de la masacre por las balas policiales.<\/p>\n<p><strong>\u2014\u00bfC\u00f3mo planean seguir hasta el 18 de octubre?<\/strong><\/p>\n<p>Mire, ahora mismo le estoy hablando a usted desde un ampliado [asamblea popular] donde estamos participando entre 500 y 800 hermanos del movimiento campesino de la Subcentral Sivingani, en el municipio de Vila Vila, Cochabamba. Nos mantenemos en estado de emergencia y movilizaci\u00f3n ante cualquier intento de frustrar las elecciones. Y vamos a acudir nuevamente a reclamar el respeto a la ley y al pueblo.<\/p>\n","protected":false},"excerpt":{"rendered":"<p>Karen Gil (Brecha, 31-8-20) &nbsp; Tras una nueva postergaci\u00f3n de las elecciones, el gobierno de Jeanine \u00c1\u00f1ez debi\u00f3 enfrentar en las \u00faltimas semanas masivas movilizaciones obreras y campesinas, que bloquearon rutas y caminos y generaron graves disturbios en las principales ciudades del pa\u00eds. La medida, no obstante, hizo peligrar las chances del MAS de cara [&hellip;]<\/p>\n","protected":false},"author":1,"featured_media":39354,"comment_status":"open","ping_status":"open","sticky":false,"template":"","format":"standard","meta":{"footnotes":""},"categories":[14,44],"tags":[],"class_list":["post-42391","post","type-post","status-publish","format-standard","has-post-thumbnail","hentry","category-internacionales","category-salud"],"_links":{"self":[{"href":"https:\/\/debateplural.net\/site\/wp-json\/wp\/v2\/posts\/42391"}],"collection":[{"href":"https:\/\/debateplural.net\/site\/wp-json\/wp\/v2\/posts"}],"about":[{"href":"https:\/\/debateplural.net\/site\/wp-json\/wp\/v2\/types\/post"}],"author":[{"embeddable":true,"href":"https:\/\/debateplural.net\/site\/wp-json\/wp\/v2\/users\/1"}],"replies":[{"embeddable":true,"href":"https:\/\/debateplural.net\/site\/wp-json\/wp\/v2\/comments?post=42391"}],"version-history":[{"count":2,"href":"https:\/\/debateplural.net\/site\/wp-json\/wp\/v2\/posts\/42391\/revisions"}],"predecessor-version":[{"id":42393,"href":"https:\/\/debateplural.net\/site\/wp-json\/wp\/v2\/posts\/42391\/revisions\/42393"}],"wp:featuredmedia":[{"embeddable":true,"href":"https:\/\/debateplural.net\/site\/wp-json\/wp\/v2\/media\/39354"}],"wp:attachment":[{"href":"https:\/\/debateplural.net\/site\/wp-json\/wp\/v2\/media?parent=42391"}],"wp:term":[{"taxonomy":"category","embeddable":true,"href":"https:\/\/debateplural.net\/site\/wp-json\/wp\/v2\/categories?post=42391"},{"taxonomy":"post_tag","embeddable":true,"href":"https:\/\/debateplural.net\/site\/wp-json\/wp\/v2\/tags?post=42391"}],"curies":[{"name":"wp","href":"https:\/\/api.w.org\/{rel}","templated":true}]}}