{"id":42730,"date":"2020-09-17T10:50:56","date_gmt":"2020-09-17T14:50:56","guid":{"rendered":"http:\/\/debateplural.com\/?p=42730"},"modified":"2020-09-17T10:50:56","modified_gmt":"2020-09-17T14:50:56","slug":"aislamiento-internacional-del-gobierno-de-facto","status":"publish","type":"post","link":"https:\/\/debateplural.net\/site\/2020\/09\/17\/aislamiento-internacional-del-gobierno-de-facto\/","title":{"rendered":"Aislamiento internacional del gobierno de facto"},"content":{"rendered":"<div>\n<p><a href=\"https:\/\/rebelion.org\/autor\/eduardo-paz-rada\/\">Eduardo Paz Rada<\/a> (Rebelion, 17-9-20)<\/p>\n<p>&nbsp;<\/p>\n<p>El gobierno\u00a0<i>de facto<\/i>\u00a0de Bolivia que comenz\u00f3, en noviembre de 2019, con el respaldo abierto de Estados Unidos y Brasil, que impulsaron y avalaron el Golpe de Estado, y el apoyo menos decidido de los pa\u00edses miembros del Pacto de Lima, se encuentra, a diez meses de mediocre administraci\u00f3n, aislado y sin ning\u00fan apoyo de la comunidad internacional al incumplir los acuerdos de ser \u201cgobierno de transici\u00f3n\u201d y \u201cconvocar a elecciones en mayo de 2020\u201d.<\/p>\n<\/div>\n<div id=\"cols\">\n<p>Su incapacidad para gestionar las crisis de la pandemia, de la econom\u00eda y de la pol\u00edtica se ha visto m\u00e1s ensombrecida por las denuncias de corrupci\u00f3n en la compra de respiradores e insumos m\u00e9dicos de China y Espa\u00f1a y en las empresas estatales YPFB, ENTEL y BOA as\u00ed como los Ministerios de Obras P\u00fablicas y Comunicaciones, Salud P\u00fablica, Gobierno y Defensa.<\/p>\n<p>Recientemente la Ministra de Relaciones Exteriores, Karen Longaric, tuvo que retirar su nombre como postulante a la Presidencia de la Asociaci\u00f3n Latinoamericana de Integraci\u00f3n (ALADI) ante la falta de respaldo de los pa\u00edses miembros de la entidad y ante su inminente salida despu\u00e9s de las elecciones del 18 de octubre, habiendo pretendido ser funcionaria de ALADI por al menos tres a\u00f1os. Longaric se caracteriza en su gesti\u00f3n por un discurso conservador proestadounidense, impugnador de los procesos de integraci\u00f3n como ALBA, UNASUR y CELAC y de repudio a los gobiernos de Cuba, Ir\u00e1n, con los que rompi\u00f3 relaciones, y de Venezuela, apoyando al autoproclamado y fracasado Juan Guaid\u00f3.<\/p>\n<p>Asimismo, funcionarios de la Canciller\u00eda han sido sindicados de ser participes de los hechos de corrupci\u00f3n de compras de insumos m\u00e9dicos en el exterior y est\u00e1 siendo procesados en la justicia.<\/p>\n<p>El aislamiento internacional se produce paralelamente al rechazo que recibe internamente el gobierno de parte de los mayoritarios sectores sociales populares y medios de todas las regiones del pa\u00eds por su ineficiencia, los intentos de prorrogarse en el poder y las acciones de persecuci\u00f3n, detenci\u00f3n, amenaza y violencia contra dirigentes sociales y pol\u00edticos opositores.<\/p>\n<div id=\"attachment_36981\" style=\"width: 810px\" class=\"wp-caption alignnone\"><a href=\"http:\/\/localhost\/debateplural\/wp-content\/uploads\/2019\/11\/Presidenta-de-Bolivia.jpeg\"><img loading=\"lazy\" decoding=\"async\" aria-describedby=\"caption-attachment-36981\" class=\"size-full wp-image-36981\" src=\"http:\/\/localhost\/debateplural\/wp-content\/uploads\/2019\/11\/Presidenta-de-Bolivia.jpeg\" alt=\"\" width=\"800\" height=\"530\" srcset=\"https:\/\/debateplural.net\/site\/wp-content\/uploads\/2019\/11\/Presidenta-de-Bolivia.jpeg 800w, https:\/\/debateplural.net\/site\/wp-content\/uploads\/2019\/11\/Presidenta-de-Bolivia-300x199.jpeg 300w, https:\/\/debateplural.net\/site\/wp-content\/uploads\/2019\/11\/Presidenta-de-Bolivia-768x509.jpeg 768w\" sizes=\"(max-width: 800px) 100vw, 800px\" \/><\/a><p id=\"caption-attachment-36981\" class=\"wp-caption-text\">Jeanine A\u00f1ez Presidenta de Bolivia<\/p><\/div>\n<p>Desde el Golpe de Estado las tensiones diplom\u00e1ticas con otros pa\u00edses fueron permanentes. Primero con M\u00e9xico porque el presidente Andr\u00e9s Lopez Obrador dio asilo y seguridad a Evo Morales ante los riesgos y peligros para su vida por el asedio militar y policial; despu\u00e9s con el presidente de Argentina, Alberto Fernandez, que recibi\u00f3 al exgobernante boliviano como refugiado pol\u00edtico y enfri\u00f3 totalmente las relaciones con el r\u00e9gimen boliviano.<\/p>\n<p>Posteriormente se present\u00f3 un altercado con la representaci\u00f3n de Espa\u00f1a cuando funcionarios de seguridad diplom\u00e1tica de la embajada de ese pa\u00eds fueron interceptados por polic\u00edas y civiles cuando aquellos pretend\u00edan recoger a su embajadora de la sede diplom\u00e1tica mexicana, donde se encontraba de visita. Esta situaci\u00f3n est\u00e1 vinculada a la negativa del gobierno boliviano de otorgar visas de salida a exministros de Evo Morales que se encuentran asilados en la Embajada de M\u00e9xico desde noviembre de 2019.<\/p>\n<p>Por otra parte, el r\u00e9gimen de la autoproclamada presidenta Jaenine A\u00f1ez no tiene embajadores en ning\u00fan pa\u00eds del mundo debido a que los nombramientos de estos cargos diplom\u00e1ticos deben ser aprobados por la Asamblea Legislativa Plurinacional, la misma que tiene representaci\u00f3n mayoritaria del opositor Movimiento Al Socialismo (MAS). La Asamblea Parlamentaria fue amenazada hace algunos meses por los Comandantes de las Fuerzas Armadas cuando se neg\u00f3 a aprobar ascensos a generales, que est\u00e1 tambi\u00e9n bajo su jurisdicci\u00f3n.<\/p>\n<p>Los soportes internacionales \u00faltimos del gobierno son el Secretario General de la OEA, Luis Almagro, quien fue protagonista central del Golpe de Estado al anunciar, sin respaldo serio y documentado, que se hab\u00eda producido fraude electoral en los comicios del 20 de octubre de 2020, y la administraci\u00f3n de Donald Trump y el Departamento de Estado que, ante el posible triunfo electoral en primera vuelta, el 18 de octubre, de los candidatos del MAS, Luis Arce y David Choquehuanca, intentar\u00e1 impulsar una nueva ruptura institucional.<\/p>\n<p>Por su parte, las misiones de la Uni\u00f3n Europea (UE) y de la Organizaci\u00f3n de las Naciones Unidas (ONU) que est\u00e1n apoyando al Tribunal Supremo Electoral, se han comprometido a enviar observadores de las elecciones y del proceso de recuperaci\u00f3n de la democracia en Bolivia.<\/p>\n<\/div>\n","protected":false},"excerpt":{"rendered":"<p>Eduardo Paz Rada (Rebelion, 17-9-20) &nbsp; El gobierno\u00a0de facto\u00a0de Bolivia que comenz\u00f3, en noviembre de 2019, con el respaldo abierto de Estados Unidos y Brasil, que impulsaron y avalaron el Golpe de Estado, y el apoyo menos decidido de los pa\u00edses miembros del Pacto de Lima, se encuentra, a diez meses de mediocre administraci\u00f3n, aislado [&hellip;]<\/p>\n","protected":false},"author":1,"featured_media":37140,"comment_status":"open","ping_status":"open","sticky":false,"template":"","format":"standard","meta":{"footnotes":""},"categories":[14,12],"tags":[],"class_list":["post-42730","post","type-post","status-publish","format-standard","has-post-thumbnail","hentry","category-internacionales","category-politica-3"],"_links":{"self":[{"href":"https:\/\/debateplural.net\/site\/wp-json\/wp\/v2\/posts\/42730"}],"collection":[{"href":"https:\/\/debateplural.net\/site\/wp-json\/wp\/v2\/posts"}],"about":[{"href":"https:\/\/debateplural.net\/site\/wp-json\/wp\/v2\/types\/post"}],"author":[{"embeddable":true,"href":"https:\/\/debateplural.net\/site\/wp-json\/wp\/v2\/users\/1"}],"replies":[{"embeddable":true,"href":"https:\/\/debateplural.net\/site\/wp-json\/wp\/v2\/comments?post=42730"}],"version-history":[{"count":1,"href":"https:\/\/debateplural.net\/site\/wp-json\/wp\/v2\/posts\/42730\/revisions"}],"predecessor-version":[{"id":42731,"href":"https:\/\/debateplural.net\/site\/wp-json\/wp\/v2\/posts\/42730\/revisions\/42731"}],"wp:featuredmedia":[{"embeddable":true,"href":"https:\/\/debateplural.net\/site\/wp-json\/wp\/v2\/media\/37140"}],"wp:attachment":[{"href":"https:\/\/debateplural.net\/site\/wp-json\/wp\/v2\/media?parent=42730"}],"wp:term":[{"taxonomy":"category","embeddable":true,"href":"https:\/\/debateplural.net\/site\/wp-json\/wp\/v2\/categories?post=42730"},{"taxonomy":"post_tag","embeddable":true,"href":"https:\/\/debateplural.net\/site\/wp-json\/wp\/v2\/tags?post=42730"}],"curies":[{"name":"wp","href":"https:\/\/api.w.org\/{rel}","templated":true}]}}