{"id":4278,"date":"2016-03-09T13:53:29","date_gmt":"2016-03-09T13:53:29","guid":{"rendered":"http:\/\/debateplural.com\/?p=4278"},"modified":"2016-06-23T13:59:03","modified_gmt":"2016-06-23T13:59:03","slug":"ejercito-sirio-lanza-ofensiva-contra-bastion-de-daesh-en-la-provincia-de-homs","status":"publish","type":"post","link":"https:\/\/debateplural.net\/site\/2016\/03\/09\/ejercito-sirio-lanza-ofensiva-contra-bastion-de-daesh-en-la-provincia-de-homs\/","title":{"rendered":"Ej\u00e9rcito sirio lanza ofensiva contra basti\u00f3n de Daesh en la provincia de Homs"},"content":{"rendered":"<div id=\"attachment_4279\" style=\"width: 715px\" class=\"wp-caption aligncenter\"><img loading=\"lazy\" decoding=\"async\" aria-describedby=\"caption-attachment-4279\" class=\"size-full wp-image-4279\" src=\"http:\/\/tripletecnologia.com\/website\/debateplural\/wp-content\/uploads\/2016\/03\/homs-siria-1.jpg\" alt=\"Homs (Siria)\" width=\"705\" height=\"381\" \/><p id=\"caption-attachment-4279\" class=\"wp-caption-text\">Homs (Siria)<\/p><\/div>\n<p class=\"b-article__lead\" style=\"text-align:justify;\">Las FFAA de Siria iniciaron una ofensiva contra la localidad de Al Qaryatayn, que alberga el principal baluarte del grupo yihadista <a href=\"http:\/\/localhost\/debateplural\/tag\/estado-islamico\">Estado Isl\u00e1mico <\/a>(Daesh en \u00e1rabe) en el sureste de la provincia de Homs, dijo a RIA Novosti una fuente militar.<!--more--><\/p>\n<div class=\"b-article__text\" style=\"text-align:justify;\">\n<p>\"El Ej\u00e9rcito y las unidades de milicias avanzaron unos cuatro kil\u00f3metros hacia Al Qaryatayn\", indic\u00f3.La fuente indic\u00f3 que el Ej\u00e9rcito logr\u00f3 destruir las posiciones de Daesh al oeste de la ciudad de <a href=\"http:\/\/mundo.sputniknews.com\/foto\/20151105\/1053301443.html\">Palmira<\/a> (a 20 kil\u00f3metros de Al Qaryatayn).<\/p>\n<p>Daesh, organizaci\u00f3n terrorista proscrita en <a href=\"http:\/\/localhost\/debateplural\/tag\/rusia\">Rusia<\/a> y otros pa\u00edses, controla amplios territorios en<a href=\"http:\/\/localhost\/debateplural\/tag\/siria\"> Siria <\/a>e<a href=\"http:\/\/localhost\/debateplural\/tag\/irak\"> Irak<\/a>.<\/p>\n<p>En mayo de 2015 los yihadistas tomaron bajo su control Palmira, que se encuentra en la lista del Patrimonio de la Humanidad de la Unesco.<\/p>\n<p class=\"b-article__lead\">El grupo Daesh (autodenominado Estado Isl\u00e1mico, proscrito en muchos pa\u00edses, incluida Rusia) sufre derrota en Irak y Siria, donde la situaci\u00f3n se estabiliza, declar\u00f3 en rueda de prensa en Bagdad el enviado especial del presidente de EEUU para asuntos de la coalici\u00f3n antiterrorista, Brett McGurk.<\/p>\n<div class=\"b-article__text\">\n<p>MOSC\u00da (Sputnik)\u00a0\u2014 Anteriormente, el funcionario anunci\u00f3 el comienzo de una operaci\u00f3n de liberaci\u00f3n de la ciudad iraqu\u00ed de Mosul, donde est\u00e1n concentradas las principales fuerzas de Daesh en el pa\u00eds.<\/p>\n<\/div>\n<\/div>\n<p style=\"text-align:justify;\">El ministro de Defensa iraqu\u00ed, Jaled al Obaidi, prometi\u00f3 en enero pasado que la batalla por recuperar Mosul se librar\u00e1 en 2016 y jugar\u00e1 un papel decisivo en la lucha contra los terroristas.<\/p>\n<p style=\"text-align:justify;\">McGurk tambi\u00e9n dijo, seg\u00fan Reuters, que Daesh siente \"la creciente presi\u00f3n\" de todas partes, y mientras sus bajas aumentan, \"la coalici\u00f3n se concentra m\u00e1s y m\u00e1s en garantizar la estabilizaci\u00f3n de la situaci\u00f3n\".<\/p>\n<p style=\"text-align:justify;\">Pero no concret\u00f3 cu\u00e1ndo, a su juicio, este grupo radical quedar\u00e1 vencido.<\/p>\n<p style=\"text-align:justify;\">Daesh es actualmente una de las principales amenazas a la seguridad mundial, los terroristas lograron apoderarse en tres a\u00f1os de vastos territorios en Irak y Siria y pretenden extender su influencia a los pa\u00edses de \u00c1frica del Norte, en particular a Libia.<\/p>\n<p style=\"text-align:justify;\">Seg\u00fan diversas estimaciones, el grupo controla actualmente un \u00e1rea de hasta 90.000 kil\u00f3metros cuadrados y tiene en sus filas de 50.000 a 200.000 miembros.<\/p>\n<p>&nbsp;<\/p>\n","protected":false},"excerpt":{"rendered":"<p>Las FFAA de Siria iniciaron una ofensiva contra la localidad de Al Qaryatayn, que alberga el principal baluarte del grupo yihadista Estado Isl\u00e1mico (Daesh en \u00e1rabe) en el sureste de la provincia de Homs, dijo a RIA Novosti una fuente militar.<\/p>\n","protected":false},"author":1,"featured_media":7346,"comment_status":"open","ping_status":"open","sticky":false,"template":"","format":"standard","meta":{"footnotes":""},"categories":[14],"tags":[54,45,40,41],"class_list":["post-4278","post","type-post","status-publish","format-standard","has-post-thumbnail","hentry","category-internacionales","tag-estado-islamico","tag-irak","tag-rusia","tag-siria"],"_links":{"self":[{"href":"https:\/\/debateplural.net\/site\/wp-json\/wp\/v2\/posts\/4278"}],"collection":[{"href":"https:\/\/debateplural.net\/site\/wp-json\/wp\/v2\/posts"}],"about":[{"href":"https:\/\/debateplural.net\/site\/wp-json\/wp\/v2\/types\/post"}],"author":[{"embeddable":true,"href":"https:\/\/debateplural.net\/site\/wp-json\/wp\/v2\/users\/1"}],"replies":[{"embeddable":true,"href":"https:\/\/debateplural.net\/site\/wp-json\/wp\/v2\/comments?post=4278"}],"version-history":[{"count":1,"href":"https:\/\/debateplural.net\/site\/wp-json\/wp\/v2\/posts\/4278\/revisions"}],"predecessor-version":[{"id":7347,"href":"https:\/\/debateplural.net\/site\/wp-json\/wp\/v2\/posts\/4278\/revisions\/7347"}],"wp:featuredmedia":[{"embeddable":true,"href":"https:\/\/debateplural.net\/site\/wp-json\/wp\/v2\/media\/7346"}],"wp:attachment":[{"href":"https:\/\/debateplural.net\/site\/wp-json\/wp\/v2\/media?parent=4278"}],"wp:term":[{"taxonomy":"category","embeddable":true,"href":"https:\/\/debateplural.net\/site\/wp-json\/wp\/v2\/categories?post=4278"},{"taxonomy":"post_tag","embeddable":true,"href":"https:\/\/debateplural.net\/site\/wp-json\/wp\/v2\/tags?post=4278"}],"curies":[{"name":"wp","href":"https:\/\/api.w.org\/{rel}","templated":true}]}}