{"id":42816,"date":"2020-09-21T12:18:16","date_gmt":"2020-09-21T16:18:16","guid":{"rendered":"http:\/\/debateplural.com\/?p=42816"},"modified":"2020-09-21T12:18:16","modified_gmt":"2020-09-21T16:18:16","slug":"la-incomprensible-negativa-de-la-ue-y-el-grupo-de-contacto-para-observar-las-elecciones-en-venezuela-otra-apuesta-a-la-deriva","status":"publish","type":"post","link":"https:\/\/debateplural.net\/site\/2020\/09\/21\/la-incomprensible-negativa-de-la-ue-y-el-grupo-de-contacto-para-observar-las-elecciones-en-venezuela-otra-apuesta-a-la-deriva\/","title":{"rendered":"La incomprensible negativa de la UE y el Grupo de Contacto para observar las elecciones en Venezuela: \u00bfotra apuesta a la deriva?"},"content":{"rendered":"<p>Ociel Al\u00ed L\u00f3pez (Russia Today, 18-9-20)<\/p>\n<p>&nbsp;<\/p>\n<p>Finalmente, el Grupo de Contacto Internacional sobre Venezuela se reuni\u00f3 de manera telem\u00e1tica el jueves pasado y continu\u00f3 la l\u00ednea establecida por la Uni\u00f3n Europea hace algunos d\u00edas, seg\u00fan la cual rechazan participar como observadores en los comicios parlamentarios del 6 de diciembre pr\u00f3ximo.<\/p>\n<p>En la declaraci\u00f3n ministerial concluyen que \"por el momento, no se cumplen las condiciones para un proceso electoral transparente, inclusivo, libre y justo\".<\/p>\n<p>Si bien saludan la invitaci\u00f3n a participar como observadores, listan una serie de demandas para poder cumplir con esa misi\u00f3n.<\/p>\n<p>La canciller\u00eda venezolana consider\u00f3 que el comunicado del Grupo de Contacto ten\u00eda una \"conducta injerencista\" y que era una \"compilaci\u00f3n de ins\u00f3litas intromisiones\", y afirm\u00f3\u00a0que su utilidad como grupo ha tenido \"poca o nula utilidad\".<\/p>\n<p>El 6 de diciembre se realizar\u00e1n los comicios legislativos en Venezuela. Seg\u00fan disposici\u00f3n constitucional, el 5 de enero, cada cinco a\u00f1os, debe instalarse la nueva Asamblea Nacional con su respectiva junta directiva. Por ello,\u00a0<strong>la demanda de algunas canciller\u00edas de aplazar las elecciones puede resultar inconstitucional<\/strong>.<\/p>\n<p><a href=\"http:\/\/localhost\/debateplural\/wp-content\/uploads\/2019\/12\/1089540331.jpg\"><img loading=\"lazy\" decoding=\"async\" class=\"alignnone size-full wp-image-37449\" src=\"http:\/\/localhost\/debateplural\/wp-content\/uploads\/2019\/12\/1089540331.jpg\" alt=\"\" width=\"1000\" height=\"541\" srcset=\"https:\/\/debateplural.net\/site\/wp-content\/uploads\/2019\/12\/1089540331.jpg 1000w, https:\/\/debateplural.net\/site\/wp-content\/uploads\/2019\/12\/1089540331-300x162.jpg 300w, https:\/\/debateplural.net\/site\/wp-content\/uploads\/2019\/12\/1089540331-768x415.jpg 768w, https:\/\/debateplural.net\/site\/wp-content\/uploads\/2019\/12\/1089540331-810x438.jpg 810w\" sizes=\"(max-width: 1000px) 100vw, 1000px\" \/><\/a><\/p>\n<p>Adem\u00e1s, hay una situaci\u00f3n pol\u00edtica seg\u00fan la cual el aplazamiento de\u00a0las elecciones permitir\u00eda oxigenar al opositor Guaid\u00f3, a quien se le acaba su per\u00edodo legislativo como diputado o presidente de la Asamblea Nacional (seg\u00fan la perspectiva legal desde donde se mire).<\/p>\n<p>El Grupo de Contacto Internacional sobre Venezuela se form\u00f3 el 7 de febrero de 2019, a instancias especialmente de M\u00e9xico y Uruguay, y se sumaron alrededor de una docena de distintos pa\u00edses europeos (como Espa\u00f1a, Francia y Reino Unido) y latinoamericanos (como Bolivia, Ecuador y Costa Rica entre otros) con el fin de buscar una salida negociada a la situaci\u00f3n venezolana y como modo tambi\u00e9n de crear una instancia de pa\u00edses con gobiernos progresistas, menos agresiva que el grupo de Lima. Argentina se sum\u00f3 el 12 de agosto de 2020.<\/p>\n<p>Con la designaci\u00f3n de Josep Borrell como jefe de la diplomacia europea en octubre de 2019, y con la afiliaci\u00f3n de Argentina, ambos gobiernos progresistas, se supon\u00eda que el evento electoral de diciembre podr\u00eda tener apoyo internacional, especialmente una vez que sectores importantes de oposici\u00f3n plantearan su intenci\u00f3n de participar.<\/p>\n<p>De hecho, la ministra de asuntos exteriores de Espa\u00f1a, Arancha Gonz\u00e1lez Laya, ha declarado que hay posibilidades que Espa\u00f1a apoye el proceso electoral.<\/p>\n<p>Sin embargo, no ha sido as\u00ed hasta ahora, lo que complica el panorama para una salida democr\u00e1tica en Venezuela.<\/p>\n<p>Maduro\u00a0<a href=\"https:\/\/actualidad.rt.com\/actualidad\/366935-maduro-responde-\">respondi\u00f3<\/a>\u00a0a la Uni\u00f3n Europea: \"En Venezuela va a haber elecciones, va a haber una nueva Asamblea Nacional (AN) y ustedes, como Uni\u00f3n Europea, no se pueden quedar pegados en el gui\u00f3n de Donald Trump de intentar sustituir los Poderes P\u00fablicos\". Por eso, les pidi\u00f3 \"un poco de realismo pol\u00edtico\".<\/p>\n<p>Justo el d\u00eda antes de la reuni\u00f3n del Grupo de Contacto, se public\u00f3 el informe 'Conclusiones detalladas de la Misi\u00f3n internacional independiente de determinaci\u00f3n de los hechos sobre la Rep\u00fablica Bolivariana de Venezuela', elaborado por\u00a0un equipo de tres investigadores de la ONU, que apunta a responsabilizar al gobierno de Maduro de violaciones sistem\u00e1ticas de los derechos humanos.<\/p>\n<p>El canciller venezolano Jorge Arreaza declar\u00f3 que el informe est\u00e1 \"plagado de falsedades\".<\/p>\n<p>En todo caso, la l\u00f3gica pareciera indicar que si hay un informe que acusa hechos supuestamente tan graves, deber\u00eda alentarse a la realizaci\u00f3n de unas elecciones. Y que, por el contrario, la postergaci\u00f3n del evento podr\u00eda indicar la continuidad\u00a0de esas\u00a0presuntas violaciones.<\/p>\n<p>Ahora, a quien perjudica la actitud de los grupos de pa\u00edses mencionados no es precisamente al gobierno venezolano. La oposici\u00f3n ahora tiene mucho m\u00e1s que perder ante estas posiciones.<\/p>\n<h3><strong>La diplomacia antimadurista contra la oposici\u00f3n<\/strong><\/h3>\n<p>La decisi\u00f3n del excandidato opositor Henrique Capriles de participar en el evento electoral de diciembre abri\u00f3 un escenario pol\u00edtico, ya no solo para quienes nunca estuvieron de acuerdo con una salida violenta, sino tambi\u00e9n para \u00e9stos.\u00a0<strong>Es una oportunidad para toda la oposici\u00f3n de salir de la v\u00eda insurreccional<\/strong>\u00a0y prointervencionista a la que ha estado sometida por parte de cierto liderazgo opositor, y probar nuevamente la v\u00eda electoral que ya le ha dado victorias aplastantes y que tiene un cronograma fijado: Legislativas 2020, Gobernaciones 2021 y, si se dieran las condiciones, referendo revocatorio en 2022, como lo establece la Constituci\u00f3n y Maduro record\u00f3 hace semanas.<\/p>\n<p>La v\u00eda Guaid\u00f3, por la que apostaron de manera autom\u00e1tica muchos gobiernos de Europa y Am\u00e9rica latina, no da se\u00f1ales de vida. Viene de fracasar la operaci\u00f3n Gede\u00f3n, que intent\u00f3 en mayo pasado ingresar comandos militares al pa\u00eds y que fue reprochado por la prensa internacional.<\/p>\n<p>El 30 de abril de 2019, un movimiento militar trat\u00f3 de romper la cadena de mando militar y tampoco funcion\u00f3. El grupo de Lima, desde donde se discut\u00edan las posibilidades de intervenir militarmente o apoyar una invasi\u00f3n de EE.UU., hoy est\u00e1 desactivado. El funcionariado estadounidense no est\u00e1 preocupado por Venezuela, salvo para infligir sanciones.<\/p>\n<p>Entonces, \u00bfquieren el Grupo de Contacto y la Uni\u00f3n Europea nuevos fracasos de esta \u00edndole, una vez rechazan la v\u00eda electoral dise\u00f1ada por la institucionalidad venezolana? \u00bfQu\u00e9 opci\u00f3n presentar\u00e1n, no solo al pueblo venezolano, sino espec\u00edficamente a los sectores opositores que han salido de la l\u00ednea Washington que a\u00fapa la abstenci\u00f3n y han decido lanzarse electoralmente porque a la salida militar se le han agotado las posibilidades, seg\u00fan el propio Elliott Abrams?<\/p>\n<p>Las implicaciones de este rechazo a la invitaci\u00f3n de participar como observadores de los comicios se har\u00e1n sentir en el ambiente diplom\u00e1tico, y\u00a0<strong>posiblemente tambi\u00e9n tengan consecuencias en el \u00e1nimo opositor para asistir a las urnas<\/strong>. Con una alta abstenci\u00f3n opositora, el desconocimiento electoral termina cediendo espacios al gobierno de Maduro, quien podr\u00eda quedarse con el \u00fanico poder p\u00fablico que le hab\u00eda sido esquivo: el poder legislativo.<\/p>\n<p>Pero las peores consecuencias ser\u00e1n evidentemente sociales y humanitarias.<\/p>\n<p>Cerradas las opciones internacionales de acordar un proceso de di\u00e1logo interno y avivada la salida de Guaid\u00f3 de rebelarse contra el evento electoral, las sanciones del gobierno de EE.UU. estar\u00e1n mucho m\u00e1s lejos de ser eliminadas o relentizadas.<\/p>\n","protected":false},"excerpt":{"rendered":"<p>Ociel Al\u00ed L\u00f3pez (Russia Today, 18-9-20) &nbsp; Finalmente, el Grupo de Contacto Internacional sobre Venezuela se reuni\u00f3 de manera telem\u00e1tica el jueves pasado y continu\u00f3 la l\u00ednea establecida por la Uni\u00f3n Europea hace algunos d\u00edas, seg\u00fan la cual rechazan participar como observadores en los comicios parlamentarios del 6 de diciembre pr\u00f3ximo. En la declaraci\u00f3n ministerial [&hellip;]<\/p>\n","protected":false},"author":1,"featured_media":26485,"comment_status":"open","ping_status":"open","sticky":false,"template":"","format":"standard","meta":{"footnotes":""},"categories":[14,12],"tags":[],"class_list":["post-42816","post","type-post","status-publish","format-standard","has-post-thumbnail","hentry","category-internacionales","category-politica-3"],"_links":{"self":[{"href":"https:\/\/debateplural.net\/site\/wp-json\/wp\/v2\/posts\/42816"}],"collection":[{"href":"https:\/\/debateplural.net\/site\/wp-json\/wp\/v2\/posts"}],"about":[{"href":"https:\/\/debateplural.net\/site\/wp-json\/wp\/v2\/types\/post"}],"author":[{"embeddable":true,"href":"https:\/\/debateplural.net\/site\/wp-json\/wp\/v2\/users\/1"}],"replies":[{"embeddable":true,"href":"https:\/\/debateplural.net\/site\/wp-json\/wp\/v2\/comments?post=42816"}],"version-history":[{"count":1,"href":"https:\/\/debateplural.net\/site\/wp-json\/wp\/v2\/posts\/42816\/revisions"}],"predecessor-version":[{"id":42817,"href":"https:\/\/debateplural.net\/site\/wp-json\/wp\/v2\/posts\/42816\/revisions\/42817"}],"wp:featuredmedia":[{"embeddable":true,"href":"https:\/\/debateplural.net\/site\/wp-json\/wp\/v2\/media\/26485"}],"wp:attachment":[{"href":"https:\/\/debateplural.net\/site\/wp-json\/wp\/v2\/media?parent=42816"}],"wp:term":[{"taxonomy":"category","embeddable":true,"href":"https:\/\/debateplural.net\/site\/wp-json\/wp\/v2\/categories?post=42816"},{"taxonomy":"post_tag","embeddable":true,"href":"https:\/\/debateplural.net\/site\/wp-json\/wp\/v2\/tags?post=42816"}],"curies":[{"name":"wp","href":"https:\/\/api.w.org\/{rel}","templated":true}]}}