{"id":42964,"date":"2020-09-29T12:23:29","date_gmt":"2020-09-29T16:23:29","guid":{"rendered":"http:\/\/debateplural.com\/?p=42964"},"modified":"2020-09-29T12:23:29","modified_gmt":"2020-09-29T16:23:29","slug":"brasil-en-llamas","status":"publish","type":"post","link":"https:\/\/debateplural.net\/site\/2020\/09\/29\/brasil-en-llamas\/","title":{"rendered":"Brasil en llamas"},"content":{"rendered":"<p>Frei Betto (Brasil 24\/7, 29-9-20)<\/p>\n<p>&nbsp;<\/p>\n<div>\n<p>Mucho antes de que la revista The Economist calificara al presidente de Brasil de BolsoNer\u00f3n ya yo hab\u00eda acu\u00f1ado ese denominador. Lo que no esperaba es que los hechos demostraran la semejanza entre las actitudes del emperador romano, famoso por tocar la lira mientras Roma ard\u00eda, y el ocupante principal del Palacio de Planalto.<\/p>\n<\/div>\n<div id=\"cols\">\n<p>Brasil arde por la negligencia del gobierno, mientras el presidente no hace el menor caso al desastre ambiental y econ\u00f3mico, igual que al genocidio sanitario que ya termin\u00f3 con la vida de casi 140 mil v\u00edctimas de la covid-19.<\/p>\n<p>En la primera quincena de septiembre hubo m\u00e1s incendios en la Amazonia que en todo el mes de septiembre de 2019. Hasta el d\u00eda 15, el programa Queimadas del Instituto Nacional de Investigaciones Espaciales (INPE) hab\u00eda detectado 20 485 focos de calor en el bioma amaz\u00f3nico. En el mismo per\u00edodo del a\u00f1o pasado hab\u00edan sido 19 925.<\/p>\n<p>El promedio es de 1 400 nuevos incendios diarios. En esta \u00e9poca del a\u00f1o, en que predomina la sequ\u00eda en la Amazonia, los responsables de la deforestaci\u00f3n (latifundistas, empresas mineras y del agronegocio, buscadores de oro y usurpadores de tierra) aprovechan para quemar los recursos biol\u00f3gicos abatidos para abrirle espacio al ganado, la soja, la explotaci\u00f3n de minerales preciosos.<\/p>\n<p>Seg\u00fan Global Forest Watch, que tiene una plataforma online de monitoreo de los bosques, Brasil fue responsable de la destrucci\u00f3n de un tercio de los bosques tropicales v\u00edrgenes deforestados en el planeta en 2019: se perdieron 1,3 millones de hect\u00e1reas.<\/p>\n<p><a href=\"http:\/\/localhost\/debateplural\/wp-content\/uploads\/2018\/07\/S_722037-MLM25740016978_072017-O.jpg\"><img loading=\"lazy\" decoding=\"async\" class=\" wp-image-26209 aligncenter\" src=\"http:\/\/localhost\/debateplural\/wp-content\/uploads\/2018\/07\/S_722037-MLM25740016978_072017-O.jpg\" alt=\"\" width=\"819\" height=\"545\" \/><\/a><\/p>\n<p>El gobierno brasile\u00f1o desconoce sus propias leyes. El 16 de julio de este a\u00f1o prohibi\u00f3 el uso del fuego en la Amazonia y el Pantanal durante 120 d\u00edas. Pero los incendiarios act\u00faan con total impunidad mientras se priva de recursos a los organismos de fiscalizaci\u00f3n. El general Mour\u00e3o, vicepresidente de la Rep\u00fablica, declara que alg\u00fan funcionario ap\u00e1trida del INPE debe estar filtrando informaciones\u2026 \u201cHay alguien all\u00ed adentro (del INPE) que le hace la oposici\u00f3n al gobierno\u201d, manifest\u00f3. Solo falta mandar a apresar el sat\u00e9lite del organismo que detecta los incendios.<\/p>\n<p>Este a\u00f1o la deforestaci\u00f3n de la Amazonia brasile\u00f1a experiment\u00f3 un aumento del 34%. Y el presidente insiste: \u201cEsa historia de que la Amazonia est\u00e1 ardiendo es una mentira\u201d, declar\u00f3 en la reuni\u00f3n virtual de los jefes de Estado de la Am\u00e9rica del Sur (<em>Folha de S<\/em>\u00e3o<em>\u00a0Paulo<\/em>, 16 de septiembre, p. B7).<\/p>\n<p>El fuego se expande tambi\u00e9n, sin control, por el Pantanal, una de las regiones de mayor biodiversidad del planeta. Ya se ha destruido el 16% de la mayor planicie anegada del mundo. All\u00ed, los incendios han reducido a ceniza 23 km<sup>2<\/sup>\u00a0de riqueza vegetal y animal (un \u00e1rea un poco mayor que la de El Salvador o el triple del \u00e1rea de la reg i\u00f3n metropolitana de Sao Paulo, donde viven casi 22 millones de personas en 39 ciudades). Tambi\u00e9n qued\u00f3 devastado el mayor refugio de guacamayos del mundo, y est\u00e1n amenazados proyectos de preservaci\u00f3n de onzas. Son conmovedoras las im\u00e1genes que muestran la cantidad de animales muertos por las llamas o la asfixia, o en busca de agua en caminos y ciudades.<\/p>\n<p>Seg\u00fan las estimaciones de Ibama\/Prevfogo, en tres biomas que atraviesan el territorio de Mato Grosso del Sur \u2013Pantanal, Cerrado y Bosque Atl\u00e1ntico\u2014 el \u00e1rea alcanzada por el fuego ya supera 1 450 000 hect\u00e1reas.<\/p>\n<p>El gobierno act\u00faa a contrapelo de la preservaci\u00f3n ambiental. Redujo el presupuesto para el a\u00f1o 2021 de los dos principales organismos federales de defensa de la naturaleza y fiscalizaci\u00f3n de delitos ambientales: Ibama (- 4%) y ICMBio (- 12,8%).<\/p>\n<p>La destrucci\u00f3n del Pantanal, de la Amazonia y de lo que resta del Cerrado forma parte del programa de la coalici\u00f3n gobiernista, que re\u00fane a usurpadores de tierra, compa\u00f1\u00edas mineras, empresas madereras ilegales y v\u00e1ndalos del agronegocio.<\/p>\n<p>El secretario de la Orden de los Abogados de Brasil (OAB) en Mato Grosso, Fl\u00e1vio Jos\u00e9 Ferreira, afirm\u00f3 en una entrevista a\u00a0<em>F\u00f3rum Caf\u00e9<\/em>\u00a0el 15 de septiembre que el Ministerio de Defensa le ha prohibido al Ej\u00e9rcito participar en el combate a los incendios en el Pantanal. Bomberos y voluntarios son los principales responsables de contener las llamas en el bioma. Ferreira tambi\u00e9n critic\u00f3 el avance del agronegocio en el Pantanal y dijo que desde hac\u00eda a\u00f1os el medio ambiente en la regi\u00f3n hab\u00eda sido \u201cirrespetado\u201d.<\/p>\n<p>BolsoNer\u00f3n es un maestro en eximirse de culpas. Hace como si no tuviera nada que ver con el genocidio de la pandemia en Brasil, la invasi\u00f3n de las tierras ind\u00edgenas, la injerencia en la Polic\u00eda Federal de R\u00edo para defender a sus hijos, los paramilitares condecorados por sus familiares, los cheques de Queiroz, la subida del precio del arroz, el aumento del desempleo (13 millones de trabajadores) y otras tantas medidas de su gobierno que est\u00e1n arruinando a nuestro pa\u00eds.<\/p>\n<p>Al cantar el himno nacional, en vez de proclamar \u201cSi en tu hermoso cielo risue\u00f1o y l\u00edmpido, resplandece la imagen de la Cruz del Sur\u201d, resultar\u00eda m\u00e1s cercano a la realidad entonar: \u201cBajo tu cielo ceniciento, triste y humeante, resplandecen las llamas de los incendios\u201d<\/p>\n<\/div>\n","protected":false},"excerpt":{"rendered":"<p>Frei Betto (Brasil 24\/7, 29-9-20) &nbsp; Mucho antes de que la revista The Economist calificara al presidente de Brasil de BolsoNer\u00f3n ya yo hab\u00eda acu\u00f1ado ese denominador. Lo que no esperaba es que los hechos demostraran la semejanza entre las actitudes del emperador romano, famoso por tocar la lira mientras Roma ard\u00eda, y el ocupante [&hellip;]<\/p>\n","protected":false},"author":1,"featured_media":42593,"comment_status":"open","ping_status":"open","sticky":false,"template":"","format":"standard","meta":{"footnotes":""},"categories":[14,13],"tags":[],"class_list":["post-42964","post","type-post","status-publish","format-standard","has-post-thumbnail","hentry","category-internacionales","category-medio-ambiente"],"_links":{"self":[{"href":"https:\/\/debateplural.net\/site\/wp-json\/wp\/v2\/posts\/42964"}],"collection":[{"href":"https:\/\/debateplural.net\/site\/wp-json\/wp\/v2\/posts"}],"about":[{"href":"https:\/\/debateplural.net\/site\/wp-json\/wp\/v2\/types\/post"}],"author":[{"embeddable":true,"href":"https:\/\/debateplural.net\/site\/wp-json\/wp\/v2\/users\/1"}],"replies":[{"embeddable":true,"href":"https:\/\/debateplural.net\/site\/wp-json\/wp\/v2\/comments?post=42964"}],"version-history":[{"count":1,"href":"https:\/\/debateplural.net\/site\/wp-json\/wp\/v2\/posts\/42964\/revisions"}],"predecessor-version":[{"id":42965,"href":"https:\/\/debateplural.net\/site\/wp-json\/wp\/v2\/posts\/42964\/revisions\/42965"}],"wp:featuredmedia":[{"embeddable":true,"href":"https:\/\/debateplural.net\/site\/wp-json\/wp\/v2\/media\/42593"}],"wp:attachment":[{"href":"https:\/\/debateplural.net\/site\/wp-json\/wp\/v2\/media?parent=42964"}],"wp:term":[{"taxonomy":"category","embeddable":true,"href":"https:\/\/debateplural.net\/site\/wp-json\/wp\/v2\/categories?post=42964"},{"taxonomy":"post_tag","embeddable":true,"href":"https:\/\/debateplural.net\/site\/wp-json\/wp\/v2\/tags?post=42964"}],"curies":[{"name":"wp","href":"https:\/\/api.w.org\/{rel}","templated":true}]}}