{"id":43005,"date":"2020-10-02T11:43:22","date_gmt":"2020-10-02T15:43:22","guid":{"rendered":"http:\/\/debateplural.com\/?p=43005"},"modified":"2020-10-02T11:43:22","modified_gmt":"2020-10-02T15:43:22","slug":"por-un-frente-de-izquierdas","status":"publish","type":"post","link":"https:\/\/debateplural.net\/site\/2020\/10\/02\/por-un-frente-de-izquierdas\/","title":{"rendered":"\u00a1Por un frente de izquierdas!"},"content":{"rendered":"<p>Forum 21 \/2-10-20)<\/p>\n<p>&nbsp;<\/p>\n<div>\n<p>Acad\u00e9micos, legisladores, exministros y exgobernadores y periodistas, lanzaron un manifiesto, insistiendo en la necesidad de lograr la unidad de los sectores progresistas brasile\u00f1os para desalojar a la ultraderecha autocr\u00e1tica y neofascista del gobierrno.<\/p>\n<\/div>\n<div id=\"cols\">\n<p>El panorama pol\u00edtico para las elecciones municipales sigue siendo sombr\u00edo y amenazante para las fuerzas de izquierda. Una nueva derrota, aunque sea menor que la de 2016, podr\u00eda ser devastadora.<\/p>\n<p>La pregunta central es: \u00bfhay todav\u00eda tiempo de hacer algo para prevenir otro desastre? Y si hay, \u00bfqu\u00e9 es lo que haremos?<\/p>\n<p>La sociedad brasile\u00f1a est\u00e1 siendo empujada a un ciclo de violencia pol\u00edtica anunciado y alentado por la truculencia que est\u00e1 en el poder. El compromiso liberal dela centroderecha de ver la moderaci\u00f3n en el caos y la represi\u00f3n solo refuerza este riesgo con la t\u00f3nica de la complicidad.<\/p>\n<p>Un golpe de Estado seguido de una elecci\u00f3n en la que se margin\u00f3 a Lula, el l\u00edder de las urnas, sell\u00f3 la endogamia de intereses entre el absolutismo de mercado, el oscurantismo religioso, el paramilitarismo de las llamadas \u201cmilicias\u201d, los oligopolios medi\u00e1ticos y la conveniencia liberal, que ahora condiciona la vida y la muerte de la poblaci\u00f3n y la empuja a un laberinto de virulencia imponderable.<\/p>\n<p><a href=\"http:\/\/localhost\/debateplural\/wp-content\/uploads\/2019\/02\/descarga.png\"><img loading=\"lazy\" decoding=\"async\" class=\" wp-image-31027 aligncenter\" src=\"http:\/\/localhost\/debateplural\/wp-content\/uploads\/2019\/02\/descarga.png\" alt=\"\" width=\"809\" height=\"805\" srcset=\"https:\/\/debateplural.net\/site\/wp-content\/uploads\/2019\/02\/descarga.png 225w, https:\/\/debateplural.net\/site\/wp-content\/uploads\/2019\/02\/descarga-150x150.png 150w\" sizes=\"(max-width: 809px) 100vw, 809px\" \/><\/a><\/p>\n<p>Los casi 150 mil muertos de la pandemia acaban con el testimonio del desprecio que este caldo de cultivo pol\u00edtico da al destino de la sociedad y a la suerte colectiva de sus integrantes.<\/p>\n<p>El Techo de Gastos P\u00fablicos determinado por el gobierno es el sello perimetral que consagra la renegociaci\u00f3n blanca, adinerada, conservadora, racista, mis\u00f3gina y fan\u00e1tica en el pleno dominio de la sociedad y sus recursos.<\/p>\n<p>Las fuerzas progresistas que gobernaron el pa\u00eds durante 14 a\u00f1os consecutivos, desde la hist\u00f3rica victoria de Lula en 2002, subestimaron este resultado al atribuir al aumento gradual del nivel de vida, la capacidad de cambiar la correlaci\u00f3n de fuerzas y la conciencia pol\u00edtica de la poblaci\u00f3n.<\/p>\n<p>La organizaci\u00f3n popular, consciente, aut\u00f3noma y movilizada fue menospreciada, como si el capitalismo no significara conflicto. Superar esta omisi\u00f3n y error hist\u00f3rico al no promover la conciencia popular y ciudadana, la organizaci\u00f3n y movilizaci\u00f3n permanente es imperativo para contradecir la espiral regresiva en curso, abriendo espacios para la construcci\u00f3n de una nueva hegemon\u00eda proposicional.<\/p>\n<p>Por supuesto, no se trata de elegir entre entablar disputas parlamentarias y electorales o no. Son importantes. Pero tener prioridades es obligatorio.<\/p>\n<p>El desorden neoliberal advierte, desde 2008, que la zona de confort de la lucha de clases ha expirado, en un escenario en el que el crecimiento del super\u00e1vit, el boom de las materias primas, en nuestro caso, ya no frena el conflicto redistributivo.<\/p>\n<p>Hoy, con el pa\u00eds ahogado en una emergencia sanitaria, con 12,3 millones de desempleados, 29 millones dependientes de trabajos informales, bajo un gobierno que desmonta el Estado y bloquea su papel en la reconstrucci\u00f3n nacional, la ecuaci\u00f3n pol\u00edtica no admite m\u00e1s ingenuidad.<\/p>\n<p>Es en este contexto que las fuerzas de izquierda, pero tambi\u00e9n los dem\u00f3cratas antifascistas, se enfrentan al desaf\u00edo de dar una respuesta pol\u00edtica audaz que sea capaz de reordenar la lucha por el poder, convergiendo energ\u00edas para la construcci\u00f3n valiente de un nuevo protagonista colectivo.<\/p>\n<p>Las elecciones municipales de 2020 se ofrecen como la posibilidad de una aglutinaci\u00f3n y un posible punto de inflexi\u00f3n en este camino. Hacemos un llamado a la iniciativa, a nivel nacional, de un frente de izquierdas org\u00e1nicamente constituido, que empiece a actuar en las elecciones de este a\u00f1o, con propuestas innovadoras y atrevidas de disputa en la sociedad en su conjunto y, sobre todo, en los amplios sectores populares.<\/p>\n<p>Esto ya est\u00e1 sucediendo de manera pedag\u00f3gica y prometedora en algunos municipios brasile\u00f1os, como, por ejemplo, la ciudad de Bel\u00e9m, en el Estado de Par\u00e1, donde la candidatura de EdmilsonRodriguesha sido conformada por un frente con PSOL, PT, PDT, Rede, PCB, UP y PCdoB. Tambi\u00e9n se lleva a cabo en Florian\u00f3polis, Macap\u00e1, Recife, Manaus, Rio Branco y Campinas, involucrando una diversidad de partidos, movilizados para devolver las ciudades a un gobierno volcado a la ciudadan\u00eda.<\/p>\n<p>Pero es necesario que estos ejemplos se generalicen, incluso en ciudades m\u00e1s peque\u00f1as, como punto focal de encuentros de reflexi\u00f3n y movilizaci\u00f3n antes, durante y despu\u00e9s de la votaci\u00f3n, extrayendo lecciones y medidas para los pr\u00f3ximos pasos de nuestra historia.<\/p>\n<p>Se trata de construir una fuerza de estatura y capilaridad superior a la suma de las partes ahora desconectadas, capaz de hacer lo que nadie podr\u00eda lograr unilateralmente: establecer una nueva voz pol\u00edtica en la sociedad, y una nueva agenda, que conducir\u00e1 a superar en la pr\u00e1ctica la ilusi\u00f3n de que es posible radicalizar los derechos, sin radicalizar la democracia y la participaci\u00f3n popular. Adem\u00e1s, y no menos importante, llevar a cabo una profunda reforma tributaria, que establezca una tributaci\u00f3n progresiva para las grandes fortunas y regule los fines del fondo p\u00fablico a favor de crear bases para el bienestar de todas las personas.<\/p>\n<p>Los t\u00e9rminos de la Ley Electoral han expirado y ya no existe la posibilidad de crear alianzas pol\u00edticas oficiales. Sin embargo, nada impide que los candidatos registrados renuncien a sus candidaturas a favor de un frente de izquierda. Incluso existe la novedad de las aplicaciones colectivas, formalmente centradas alrededor de un nombre.<\/p>\n<p>Es necesario presentar programas y propuestas. Para municipios, renta b\u00e1sica ciudadana, fortalecimiento del SUS, recuperar programas como \u201cM\u00e1s M\u00e9dicos\u201d, consorcios intermunicipales, universalizaci\u00f3n real de la educaci\u00f3n b\u00e1sica, infraestructura para el retorno seguro a las clases presenciales, concursos para reducir el n\u00famero de alumnos por aula, carreras que aseguren la dignidad a servidores, acciones de apoyo a minor\u00edas, garant\u00eda de transporte p\u00fablico, vivienda, pol\u00edticas urbanas y de saneamiento, saneamiento de aire y agua, manejo de residuos s\u00f3lidos, presupuesto participativo ampliado, consejos de ciudadan\u00eda en los barrios y regiones de las ciudades\u2026 es decir, la radicalizaci\u00f3n de la democracia participativa.<\/p>\n<p>El mundo post pandemia no ser\u00e1 f\u00e1cil. La covid-19 expuso y realz\u00f3 el curso de colisi\u00f3n entre la sobreproducci\u00f3n de riqueza y la precariedad estructural de la condici\u00f3n humana en el capitalismo financiero del Siglo XXI. En el horizonte hay hambre, miseria y otras enfermedades. Revertir el gui\u00f3n neoliberal y neofascista de esta caldera y politizar la agenda de desarrollo econ\u00f3mico y social, capturada integralmente por la \u201craz\u00f3n de mercado\u201d, requiere que las ideas progresistas demuestren que pertenecen al mundo real a trav\u00e9s de la acci\u00f3n.<\/p>\n<p>La fragmentaci\u00f3n de la izquierda exacerbada por las milicias digitales refuerza el proyecto autocr\u00e1tico y neofascista que se ha implantado en Brasil. El frente que ahora proponemos es el primer paso en el camino capaz de oponer la civilizaci\u00f3n a la barbarie.<\/p>\n<p>Juntos y juntas, podemos y debemos dar ahora ese primer paso.<\/p>\n<p>\u00a1Manos a la obra!<\/p>\n<\/div>\n","protected":false},"excerpt":{"rendered":"<p>Forum 21 \/2-10-20) &nbsp; Acad\u00e9micos, legisladores, exministros y exgobernadores y periodistas, lanzaron un manifiesto, insistiendo en la necesidad de lograr la unidad de los sectores progresistas brasile\u00f1os para desalojar a la ultraderecha autocr\u00e1tica y neofascista del gobierrno. El panorama pol\u00edtico para las elecciones municipales sigue siendo sombr\u00edo y amenazante para las fuerzas de izquierda. Una [&hellip;]<\/p>\n","protected":false},"author":1,"featured_media":26209,"comment_status":"open","ping_status":"open","sticky":false,"template":"","format":"standard","meta":{"footnotes":""},"categories":[14,12],"tags":[],"class_list":["post-43005","post","type-post","status-publish","format-standard","has-post-thumbnail","hentry","category-internacionales","category-politica-3"],"_links":{"self":[{"href":"https:\/\/debateplural.net\/site\/wp-json\/wp\/v2\/posts\/43005"}],"collection":[{"href":"https:\/\/debateplural.net\/site\/wp-json\/wp\/v2\/posts"}],"about":[{"href":"https:\/\/debateplural.net\/site\/wp-json\/wp\/v2\/types\/post"}],"author":[{"embeddable":true,"href":"https:\/\/debateplural.net\/site\/wp-json\/wp\/v2\/users\/1"}],"replies":[{"embeddable":true,"href":"https:\/\/debateplural.net\/site\/wp-json\/wp\/v2\/comments?post=43005"}],"version-history":[{"count":1,"href":"https:\/\/debateplural.net\/site\/wp-json\/wp\/v2\/posts\/43005\/revisions"}],"predecessor-version":[{"id":43006,"href":"https:\/\/debateplural.net\/site\/wp-json\/wp\/v2\/posts\/43005\/revisions\/43006"}],"wp:featuredmedia":[{"embeddable":true,"href":"https:\/\/debateplural.net\/site\/wp-json\/wp\/v2\/media\/26209"}],"wp:attachment":[{"href":"https:\/\/debateplural.net\/site\/wp-json\/wp\/v2\/media?parent=43005"}],"wp:term":[{"taxonomy":"category","embeddable":true,"href":"https:\/\/debateplural.net\/site\/wp-json\/wp\/v2\/categories?post=43005"},{"taxonomy":"post_tag","embeddable":true,"href":"https:\/\/debateplural.net\/site\/wp-json\/wp\/v2\/tags?post=43005"}],"curies":[{"name":"wp","href":"https:\/\/api.w.org\/{rel}","templated":true}]}}