{"id":43042,"date":"2020-10-05T11:12:15","date_gmt":"2020-10-05T15:12:15","guid":{"rendered":"http:\/\/debateplural.com\/?p=43042"},"modified":"2020-10-05T11:12:15","modified_gmt":"2020-10-05T15:12:15","slug":"juan-bosch-ideologo-fundador-y-constructor-del-pld-como-fuerza-politica","status":"publish","type":"post","link":"https:\/\/debateplural.net\/site\/2020\/10\/05\/juan-bosch-ideologo-fundador-y-constructor-del-pld-como-fuerza-politica\/","title":{"rendered":"Juan Bosch: Ide\u00f3logo, fundador y constructor del PLD como fuerza pol\u00edtica"},"content":{"rendered":"<p>El 18 de Noviembre de 1973 el Prof. Juan Bosch sali\u00f3 del PRD y anunci\u00f3 la formaci\u00f3n de un nuevo partido que tendr\u00e1 la misi\u00f3n de concluir la obra redentora iniciada por Juan Pablo Duarte con la fundaci\u00f3n de la Rep\u00fablica en 1844.<\/p>\n<p>De manera categ\u00f3rica dijo que no pod\u00eda seguir militando en el PRD porque este partido hab\u00eda cumplido su misi\u00f3n hist\u00f3rica y porque gran parte de la dirigencia de ese partido, encabezada por Pe\u00f1a G\u00f3mez, cre\u00eda ciegamente en los liberales de Washington.<\/p>\n<p>La salida del Prof. Juan Bosch del PRD implic\u00f3 una ruptura total y definitiva con el doctor Pe\u00f1a G\u00f3mez.<\/p>\n<p>El nuevo partido anunciado por Juan Bosch tendr\u00eda el nombre de Partido de la Liberaci\u00f3n Dominicana.<\/p>\n<p>Cuando Juan Bosch decidi\u00f3 fundar el PLD ten\u00eda 64 a\u00f1os de edad.<\/p>\n<p>La decisi\u00f3n de Juan Bosch de crear el PLD fue una verdadera osad\u00eda, y una haza\u00f1a al mismo tiempo, por las muy delicadas y complejas consecuencias que implicaba la decisi\u00f3n en s\u00ed a esa edad de su vida.<\/p>\n<div id=\"attachment_22795\" style=\"width: 783px\" class=\"wp-caption aligncenter\"><a href=\"http:\/\/localhost\/debateplural\/wp-content\/uploads\/2018\/02\/Juan-Bosch.jpg\"><img loading=\"lazy\" decoding=\"async\" aria-describedby=\"caption-attachment-22795\" class=\" wp-image-22795\" src=\"http:\/\/localhost\/debateplural\/wp-content\/uploads\/2018\/02\/Juan-Bosch.jpg\" alt=\"\" width=\"773\" height=\"514\" srcset=\"https:\/\/debateplural.net\/site\/wp-content\/uploads\/2018\/02\/Juan-Bosch.jpg 314w, https:\/\/debateplural.net\/site\/wp-content\/uploads\/2018\/02\/Juan-Bosch-300x200.jpg 300w\" sizes=\"(max-width: 773px) 100vw, 773px\" \/><\/a><p id=\"caption-attachment-22795\" class=\"wp-caption-text\">Juan Bosch<\/p><\/div>\n<p>El l\u00edder estuvo siempre muy consciente de ello y nada ni nadie pod\u00eda incidir para variar la decisi\u00f3n tomada.<\/p>\n<p>Juan Bosch sab\u00eda muy bien que con la fundaci\u00f3n del PLD estaba haciendo un tremendo aporte al desarrollo democr\u00e1tico y pol\u00edtico de la Rep\u00fablica Dominicana<\/p>\n<p>Con el Congreso constitutivo Juan Pablo Duarte, celebrado el 15 de Diciembre de 1973, quedaba formalmente constituido el PLD.<\/p>\n<p>\u00bfPor qu\u00e9 Juan Bosch asumi\u00f3 en ese momento la estrategia de liberaci\u00f3n nacional?<\/p>\n<p>En el decenio del 70, y tambi\u00e9n en los 60, ten\u00edan mucha vigencia los movimientos de liberaci\u00f3n nacional en el Tercer Mundo que buscaban crear sociedades independientes y libres para romper as\u00ed con siglos de dependencia, de colonialismo y hasta de neocolonialismo.<\/p>\n<p>Por eso el Prof. Juan Bosch que hab\u00eda dicho y planteado p\u00fablicamente que la misi\u00f3n fundamental del PLD era concluir la obra de liberaci\u00f3n iniciada por Juan Pablo Duarte en 1844 abraz\u00f3, apoy\u00f3 y defendi\u00f3 los movimientos de liberaci\u00f3n nacional que se desarrollaban en el mundo comenzado por Vietnam y su l\u00edder hist\u00f3rico Ho Chi Minh.<\/p>\n<p>Pero tambi\u00e9n en la conciencia hist\u00f3rica y pol\u00edtica del Prof. Juan Bosch estuvo siempre muy presente la tragedia del golpe de Estado a su gobierno el 25 de Septiembre de 1963: Ese golpe de Estado no hubiese sido posible si Estados Unidos no lo hubiera encabezado<\/p>\n<p>Y ese golpe fue una expresi\u00f3n y una consecuencia de las cadenas de la dependencia y del coloniaje que yugulan la vida y bloquean el desarrollo de las naciones pobres del Tercer Mundo.<\/p>\n<p>En determinados momentos Juan Bosch dijo que era partidario del marxismo como m\u00e9todo de an\u00e1lisis de la historia y de los procesos sociales. Y as\u00ed se identific\u00f3 con el m\u00e9todo del materialismo hist\u00f3rico, asumiendo el concepto de lucha de clases como factor clave de la din\u00e1mica social e hist\u00f3rica.<\/p>\n<p>Composici\u00f3n Social Dominicana, De Crist\u00f3bal Col\u00f3n a Fidel Castro -el Caribe frontera imperial-, y el Pentagonismo sustituto del imperialismo son libros de Juan Bosch en los que queda evidenciado no solo el estilo del Profesor sino tambi\u00e9n su visi\u00f3n cr\u00edtica de la historia.<\/p>\n<p>Fidel Castro Ruz representaba para Juan Bosch el inicio del fin de la dominaci\u00f3n imperialista en el Caribe y en Am\u00e9rica.<\/p>\n<p>Juan Bosch nunca estuvo de acuerdo con que los imperios dirigieran la vida de las naciones pobres y subdesarrolladas.<\/p>\n<p>Pero el inicio de la globalizaci\u00f3n a principios de los 80 modific\u00f3 el contexto y los par\u00e1metros de la estrategia de liberaci\u00f3n nacional en el mundo.<\/p>\n<p>En esto incidi\u00f3 poderosamente tambi\u00e9n el fin de la Guerra Fr\u00eda y el derrumbe de la Uni\u00f3n Sovi\u00e9tica en el lapso 1990-91.<\/p>\n<p>Bien, Juan Bosch agot\u00f3 como ide\u00f3logo, l\u00edder y gu\u00eda las etapas de fundaci\u00f3n, crecimiento y desarrollo del PLD de 1973 a 1990.<\/p>\n<p>Las estructuras org\u00e1nicas \u2013 c\u00edrculos de estudio, comit\u00e9s de base,\u00a0 n\u00facleos de trabajo, direcciones medias,\u00a0 Comit\u00e9 Central y Comit\u00e9 Pol\u00edtico- y de funcionamiento del PLD estaban establecidas en todo el pa\u00eds.<\/p>\n<p>El PLD creci\u00f3 y se desarroll\u00f3 en base al voto org\u00e1nico, no individual, y el m\u00e9todo filos\u00f3fico de lo particular a lo general y viceversa.<\/p>\n<p>Aunque siempre tuvo el concepto de que las elecciones eran verdaderos mataderos electorales, el PLD particip\u00f3 en las elecciones de 1978, en las de 1982 y en las de 1986.<\/p>\n<p>Ya en 1990 el PLD era una fuerza pol\u00edtica establecida en el pa\u00eds que rompi\u00f3 con el bipartidismo en las elecciones celebradas en ese a\u00f1o.<\/p>\n<p>Es indudable que en 1990 Juan Bosch, candidato presidencial del PLD, gan\u00f3 las elecciones, pero quien cobr\u00f3 fue Balaguer, producto del fraude electoral colosal que \u00e9ste patrocin\u00f3 en la madrugada del 16 al 17 con el consabido apoyo del gobierno de Estados Unidos presidido por George H. W. Bush padre.<\/p>\n<p>Hay que reconocer que hubo una franja del PRD que vot\u00f3 por Juan Bosch para evitar que Balaguer siguiera en el poder.\u00a0 Tambi\u00e9n hay que reconocer que Juan Bosch no gan\u00f3 m\u00e1s ampliamente esas elecciones porque siempre se neg\u00f3 a pactar con Jacobo Majluta.<\/p>\n<p>\u00bfQu\u00e9 le impidi\u00f3 a Juan Bosch pactar con Jacobo Majluta? La condici\u00f3n permanente e indisoluble de hombre moral que siempre tuvo el Prof. Juan Bosch.<\/p>\n<p>En medio de la crisis pol\u00edtica generada por el fraude electoral perpetrado por Balaguer, el PLD adopt\u00f3 la consigna de \u201cque se vaya ya\u201d.<\/p>\n<p>En medio de la crisis pos-electoral hubo una parte del liderazgo nacional del pa\u00eds que se trans\u00f3 con Balaguer, entre ellos Pe\u00f1a G\u00f3mez.<\/p>\n<p>Pe\u00f1a G\u00f3mez lleg\u00f3 a decir en medio de la crisis pol\u00edtica que Balaguer hab\u00eda ganado las elecciones porque \u201chab\u00eda trabajado m\u00e1s y mejor\u201d.<\/p>\n<p>\u00bfQu\u00e9 quer\u00eda lograr Pe\u00f1a G\u00f3mez con esa posici\u00f3n pol\u00edtica? Que Balaguer presionara a la Junta Central Electoral para que \u00e9sta le diera o le devolviera a Pe\u00f1a G\u00f3mez el control del PRD.<\/p>\n<p>Hay que recordar que Pe\u00f1a G\u00f3mez y Jacobo Majluta hab\u00edan acordado, tras el desastre de su convenci\u00f3n celebrada en el Hotel Concorde \u2013 hoy Hotel Dominican Fiesta- inhabilitar o cerrar el PRD para las elecciones de 1990, y que Majluta ir\u00eda a esas elecciones como candidato presidencial por el PRI y Pe\u00f1a G\u00f3mez har\u00eda lo propio pero por el lado del Bloque Institucional Social Dem\u00f3crata.<\/p>\n<p>Pasadas las elecciones, Pe\u00f1a G\u00f3mez logr\u00f3 su objetivo y volvi\u00f3 a ser el l\u00edder m\u00e1ximo del PRD: la misma \u201cmedicina\u201d que Balaguer le aplic\u00f3 a Juan Bosch en el 90, se le aplic\u00f3 a Pe\u00f1a G\u00f3mez en las muy controvertidas elecciones presidenciales de 1994!<\/p>\n<p>En 1995 Juan Bosch cede la presidencia ejecutiva por los evidentes problemas de salud que ya ten\u00eda, y pasa a ser Presidente Ad Vitam. Hasta el 2001 el PLD tuvo una direcci\u00f3n pol\u00edtica colegiada.<\/p>\n<p>A partir de 2001 Leonel Fern\u00e1ndez fue escogido en el Congreso de ese a\u00f1o para ejercer la presidencia ejecutiva del PLD.<\/p>\n<p>Por su brillante y trascendente papel en la vida de la Rep\u00fablica Dominicana, Juan Bosch, inmenso e inagotable, figurar\u00e1 siempre como un pr\u00f3cer en los anales de la historia nacional.<\/p>\n<p>Cuando sea declarado y proclamado pr\u00f3cer de la Rep\u00fablica por el Congreso Nacional, estoy seguro que sus restos ser\u00e1n trasladados y depositados en el Pante\u00f3n Nacional.<\/p>\n<p>Loor a Juan Bosch siempre!<\/p>\n","protected":false},"excerpt":{"rendered":"<p>El 18 de Noviembre de 1973 el Prof. Juan Bosch sali\u00f3 del PRD y anunci\u00f3 la formaci\u00f3n de un nuevo partido que tendr\u00e1 la misi\u00f3n de concluir la obra redentora iniciada por Juan Pablo Duarte con la fundaci\u00f3n de la Rep\u00fablica en 1844. De manera categ\u00f3rica dijo que no pod\u00eda seguir militando en el PRD [&hellip;]<\/p>\n","protected":false},"author":10,"featured_media":22907,"comment_status":"open","ping_status":"open","sticky":false,"template":"","format":"standard","meta":{"footnotes":""},"categories":[5,12],"tags":[],"class_list":["post-43042","post","type-post","status-publish","format-standard","has-post-thumbnail","hentry","category-nacionales","category-politica-3"],"_links":{"self":[{"href":"https:\/\/debateplural.net\/site\/wp-json\/wp\/v2\/posts\/43042"}],"collection":[{"href":"https:\/\/debateplural.net\/site\/wp-json\/wp\/v2\/posts"}],"about":[{"href":"https:\/\/debateplural.net\/site\/wp-json\/wp\/v2\/types\/post"}],"author":[{"embeddable":true,"href":"https:\/\/debateplural.net\/site\/wp-json\/wp\/v2\/users\/10"}],"replies":[{"embeddable":true,"href":"https:\/\/debateplural.net\/site\/wp-json\/wp\/v2\/comments?post=43042"}],"version-history":[{"count":1,"href":"https:\/\/debateplural.net\/site\/wp-json\/wp\/v2\/posts\/43042\/revisions"}],"predecessor-version":[{"id":43043,"href":"https:\/\/debateplural.net\/site\/wp-json\/wp\/v2\/posts\/43042\/revisions\/43043"}],"wp:featuredmedia":[{"embeddable":true,"href":"https:\/\/debateplural.net\/site\/wp-json\/wp\/v2\/media\/22907"}],"wp:attachment":[{"href":"https:\/\/debateplural.net\/site\/wp-json\/wp\/v2\/media?parent=43042"}],"wp:term":[{"taxonomy":"category","embeddable":true,"href":"https:\/\/debateplural.net\/site\/wp-json\/wp\/v2\/categories?post=43042"},{"taxonomy":"post_tag","embeddable":true,"href":"https:\/\/debateplural.net\/site\/wp-json\/wp\/v2\/tags?post=43042"}],"curies":[{"name":"wp","href":"https:\/\/api.w.org\/{rel}","templated":true}]}}