{"id":4312,"date":"2016-03-11T14:10:40","date_gmt":"2016-03-11T14:10:40","guid":{"rendered":"http:\/\/debateplural.com\/?p=4312"},"modified":"2016-06-23T13:58:27","modified_gmt":"2016-06-23T13:58:27","slug":"condenan-a-19-anos-de-carcel-a-marcelo-odebrecht-expresidente-de-la-mayor-constructora-de-america-latina","status":"publish","type":"post","link":"https:\/\/debateplural.net\/site\/2016\/03\/11\/condenan-a-19-anos-de-carcel-a-marcelo-odebrecht-expresidente-de-la-mayor-constructora-de-america-latina\/","title":{"rendered":"Condenan a 19 a\u00f1os de c\u00e1rcel a Marcelo Odebrecht, expresidente de la mayor constructora de Am\u00e9rica Latina"},"content":{"rendered":"<div id=\"attachment_370\" style=\"width: 653px\" class=\"wp-caption aligncenter\"><img loading=\"lazy\" decoding=\"async\" aria-describedby=\"caption-attachment-370\" class=\"size-full wp-image-370\" src=\"http:\/\/tripletecnologia.com\/website\/debateplural\/wp-content\/uploads\/2016\/03\/odebrecht-detenido-1.jpg\" alt=\"Marcelo Odebrecht detenido\" width=\"643\" height=\"362\" \/><p id=\"caption-attachment-370\" class=\"wp-caption-text\">Marcelo Odebrecht detenido<\/p><\/div>\n<p class=\"story-body__introduction\" style=\"text-align:justify;\">Marcelo Odebrecht era considerado uno de los hombres de negocio m\u00e1s poderosos de<a href=\"http:\/\/localhost\/debateplural\/tag\/brasil\"> Brasil<\/a>, pero ahora un tribunal ha determinado que parte de su influencia proced\u00eda de fuentes il\u00edcitas.<!--more--><\/p>\n<p style=\"text-align:justify;\">El millonario y expresidente de la constructora <a href=\"http:\/\/localhost\/debateplural\/tag\/odebrecht\">Odebrecht<\/a>, la empresa de ingenier\u00eda y construcci\u00f3n m\u00e1s grande de Am\u00e9rica Latina, fue condenado a 19 a\u00f1os y 4 meses prisi\u00f3n por un esc\u00e1ndalo de corrupci\u00f3n que involucra a la petrolera estatal brasile\u00f1a <a href=\"http:\/\/localhost\/debateplural\/tag\/petrobras\">Petrobras<\/a>.<\/p>\n<p style=\"text-align:justify;\">El juez federal Sergio Moro <strong>lo declar\u00f3 culpable por el pago de m\u00e1s de US$30 millones en sobornos<\/strong> a funcionarios de Petrobras a cambio de obtener contratos e influencia.<\/p>\n<p style=\"text-align:justify;\">Seg\u00fan la sentencia, que est\u00e1 sujeta a una posible apelaci\u00f3n por parte de la defensa, Odebrecht fue hallado culpable de los delitos de corrupci\u00f3n pasiva, lavado de dinero y asociaci\u00f3n para delinquir.<\/p>\n<p style=\"text-align:justify;\">El empresario est\u00e1 detenido desde junio de 2015 y en diciembre pasado renunci\u00f3 a los cargos que ostentaba dentro del grupo de compa\u00f1\u00edas Odebrecht, fundado por su abuelo Norberto Odebrecht.<\/p>\n<p style=\"text-align:justify;\">El consorcio <strong>realiza grandes obras de infraestructura a lo largo del continente americano y en \u00c1frica<\/strong>. Antes del esc\u00e1ndalo contaba con 181.000 empleados distribuidos en 21 pa\u00edses.<\/p>\n<h2 class=\"story-body__crosshead\">Empresarios y pol\u00edticos<\/h2>\n<p style=\"text-align:justify;\">La investigaci\u00f3n sobre corrupci\u00f3n en Petrobras ha derivado en el procesamiento de decenas de hombres de negocios, as\u00ed como de destacadas figuras del gobernante Partido de los Trabajadores (PT).<\/p>\n<p style=\"text-align:justify;\">La semana pasada, el expresidente <a href=\"http:\/\/localhost\/debateplural\/tag\/lula-da-silva\">Lula da Silva<\/a>, l\u00edder del PT y uno de los pol\u00edticos m\u00e1s populares de Brasil, fue detenido para ser interrogado sobre este caso.<\/p>\n<p style=\"text-align:justify;\">El exmandatario es considerado sospechoso de haber recibido unos US$8 millones a trav\u00e9s de pagos por conferencias y en donaciones a su ONG, el Instituto Lula.<\/p>\n<p style=\"text-align:justify;\">El PT ha estado en el poder en Brasil desde 2003, bajo la presidencia de Lula de Silva y de su sucesora Dilma Rousseff.<\/p>\n<p style=\"text-align:justify;\">Seg\u00fan explica Daniel Gallas, periodista de la BBC en Sao Paulo, Odebrecht era uno de los m\u00e1s ricos y poderosos empresarios de Brasil y <strong>contaba con relaciones cercanas con muchos pol\u00edticos de alto nivel<\/strong>.<\/p>\n<p style=\"text-align:justify;\">Se estima que el esc\u00e1ndalo de corrupci\u00f3n le ha costado a Petrobras unos US$16.000 millones, incluyendo US$2.000 que fueron a parar directamente a manos de ejecutivos y empresas corruptas.<\/p>\n<p style=\"text-align:justify;\">Las inversiones de Petrobras representan 2% del Producto Interior Bruto de Brasil. Las dificultades por las que atraviesa la compa\u00f1\u00eda han afectado a la econom\u00eda del pa\u00eds, que lucha para recuperarse de la ca\u00edda de los precios de las materias primas.<\/p>\n","protected":false},"excerpt":{"rendered":"<p>Marcelo Odebrecht era considerado uno de los hombres de negocio m\u00e1s poderosos de Brasil, pero ahora un tribunal ha determinado que parte de su influencia proced\u00eda de fuentes il\u00edcitas.<\/p>\n","protected":false},"author":1,"featured_media":7328,"comment_status":"open","ping_status":"open","sticky":false,"template":"","format":"standard","meta":{"footnotes":""},"categories":[14],"tags":[22,25,26,27],"class_list":["post-4312","post","type-post","status-publish","format-standard","has-post-thumbnail","hentry","category-internacionales","tag-brasil","tag-lula-da-silva","tag-odebrecht","tag-petrobras"],"_links":{"self":[{"href":"https:\/\/debateplural.net\/site\/wp-json\/wp\/v2\/posts\/4312"}],"collection":[{"href":"https:\/\/debateplural.net\/site\/wp-json\/wp\/v2\/posts"}],"about":[{"href":"https:\/\/debateplural.net\/site\/wp-json\/wp\/v2\/types\/post"}],"author":[{"embeddable":true,"href":"https:\/\/debateplural.net\/site\/wp-json\/wp\/v2\/users\/1"}],"replies":[{"embeddable":true,"href":"https:\/\/debateplural.net\/site\/wp-json\/wp\/v2\/comments?post=4312"}],"version-history":[{"count":1,"href":"https:\/\/debateplural.net\/site\/wp-json\/wp\/v2\/posts\/4312\/revisions"}],"predecessor-version":[{"id":7329,"href":"https:\/\/debateplural.net\/site\/wp-json\/wp\/v2\/posts\/4312\/revisions\/7329"}],"wp:featuredmedia":[{"embeddable":true,"href":"https:\/\/debateplural.net\/site\/wp-json\/wp\/v2\/media\/7328"}],"wp:attachment":[{"href":"https:\/\/debateplural.net\/site\/wp-json\/wp\/v2\/media?parent=4312"}],"wp:term":[{"taxonomy":"category","embeddable":true,"href":"https:\/\/debateplural.net\/site\/wp-json\/wp\/v2\/categories?post=4312"},{"taxonomy":"post_tag","embeddable":true,"href":"https:\/\/debateplural.net\/site\/wp-json\/wp\/v2\/tags?post=4312"}],"curies":[{"name":"wp","href":"https:\/\/api.w.org\/{rel}","templated":true}]}}