{"id":43148,"date":"2020-10-09T12:20:28","date_gmt":"2020-10-09T16:20:28","guid":{"rendered":"http:\/\/debateplural.com\/?p=43148"},"modified":"2020-10-09T12:20:28","modified_gmt":"2020-10-09T16:20:28","slug":"bolsonaro-hunde-el-acuerdo-entre-la-union-europea-y-el-mercosur","status":"publish","type":"post","link":"https:\/\/debateplural.net\/site\/2020\/10\/09\/bolsonaro-hunde-el-acuerdo-entre-la-union-europea-y-el-mercosur\/","title":{"rendered":"Bolsonaro hunde el acuerdo entre la Uni\u00f3n Europea y el Mercosur"},"content":{"rendered":"<p>Eric Nepomuceno (Pagina 12, 9-10-20)<\/p>\n<p>&nbsp;<\/p>\n<div>\n<p>El Parlamento Europeo exige una serie de alteraciones en el texto original, en especial relacionadas al tema del medio ambiente.<\/p>\n<\/div>\n<div id=\"cols\">\n<p>Por 345 votos contra 295 (hubo 56 abstenciones) e<strong>l Parlamento Europeo rechaz\u00f3 los t\u00e9rminos del acuerdo comercial entre la Uni\u00f3n Europea (UE) y el Mercosur,<\/strong>\u00a0cuyas negociaciones empezaron a ser tejidas en 1999. Eso no significa, sin embargo, que el tratado haya sido suspendido, pero que<strong>\u00a0se exige una serie de alteraciones en el texto original, en especial relacionadas al tema del medio ambiente.<\/strong><\/p>\n<p>Analistas se\u00f1alan que en t\u00e9rminos concretos el acuerdo no ser\u00e1 enviado tan pronto al pleno de la Comisi\u00f3n Europea, que funciona como el poder ejecutivo de la UE. No hay perspectiva de que el acuerdo sea llevado a votaci\u00f3n antes del final de 2022, cuando termina el mandato presidencial del ultraderechista Jair Bolsonaro.\u00a0<strong>Semejante retraso significar\u00e1 un fuerte peso en las expectativas de los pa\u00edses del Mercosur.<\/strong><\/p>\n<p><strong>No hay duda del gran causante de todo ha sido precisamente Bolsonaro y su pol\u00edtica ambiental,<\/strong>\u00a0que se omite o incentiva la devastaci\u00f3n.<\/p>\n<p>Inicialmente, el texto enviado a votaci\u00f3n del Parlamento Europeo dec\u00eda con todas las letras que sus integrantes estaban \u201cextremamente preocupados con la pol\u00edtica ambiental de Jair Bolsonaro, que va contra los compromisos del Acuerdo de Par\u00eds, en particular en el combate al calentamiento global y a la protecci\u00f3n de la biodiversidad\u201d.<\/p>\n<p><a href=\"http:\/\/localhost\/debateplural\/wp-content\/uploads\/2019\/12\/bolsonaro-20-c2-a9-20afp-2.jpg\"><img loading=\"lazy\" decoding=\"async\" class=\"alignnone size-full wp-image-37969\" src=\"http:\/\/localhost\/debateplural\/wp-content\/uploads\/2019\/12\/bolsonaro-20-c2-a9-20afp-2.jpg\" alt=\"\" width=\"960\" height=\"640\" srcset=\"https:\/\/debateplural.net\/site\/wp-content\/uploads\/2019\/12\/bolsonaro-20-c2-a9-20afp-2.jpg 960w, https:\/\/debateplural.net\/site\/wp-content\/uploads\/2019\/12\/bolsonaro-20-c2-a9-20afp-2-300x200.jpg 300w, https:\/\/debateplural.net\/site\/wp-content\/uploads\/2019\/12\/bolsonaro-20-c2-a9-20afp-2-768x512.jpg 768w, https:\/\/debateplural.net\/site\/wp-content\/uploads\/2019\/12\/bolsonaro-20-c2-a9-20afp-2-810x540.jpg 810w\" sizes=\"(max-width: 960px) 100vw, 960px\" \/><\/a><\/p>\n<p>La eurodiputada francesa Marie-Pierre Vedrenne, centrista, propuso una alteraci\u00f3n que eliminaba la menci\u00f3n directa al mandatario brasile\u00f1o.\u00a0<strong>Con respaldo de grupos de centro, centro-derecha y extrema-derecha, logr\u00f3 la modificaci\u00f3n. El texto aprobado dice apenas que \u201cEn estas circunstancias, el acuerdo UE-Mercosur no puede ser ratificado tal como est\u00e1\u201d.<\/strong><\/p>\n<p>Efectivamente, y gracias a la pol\u00edtica ambiental de su gobierno \u2013sin precedentes siquiera en la dictadura militar (1964-1985)\u2013\u00a0<strong>Bolsonaro desarticul\u00f3 un acuerdo que exigi\u00f3 pleno empe\u00f1o de todos sus antecesores, adem\u00e1s de los de sus vecinos.<\/strong>\u00a0Logr\u00f3 zafar de ser expl\u00edcitamente mencionado en el texto, pero no lograr\u00e1 escapar de un profundo malestar tanto interno como externo. Con lo ocurrido este mi\u00e9rcoles, Argentina, Paraguay y Uruguay tambi\u00e9n fueron seriamente alcanzados en sus expectativas relacionadas al acuerdo.<\/p>\n<p>A prop\u00f3sito,\u00a0<strong>la reacci\u00f3n internacional negativa a la pol\u00edtica ambiental devastadora del gobierno de Bolsonaro no hace m\u00e1s que fortalecerse.\u00a0<\/strong>Ya hay reflejos significativos en las exportaciones del sector agr\u00edcola, que encuentran reacciones cada vez m\u00e1s duras en Europa.<\/p>\n<p>Holanda y Francia, por ejemplo, insisten, con relaci\u00f3n al tratado que todav\u00eda no fue firmado, que adem\u00e1s de exigir que se respete el Acuerdo de Par\u00eds deber\u00edan ser incluidas cl\u00e1usulas punitivas relacionadas al no cumplimiento de las determinaciones ambientales.<\/p>\n<p>Pese a todos los esfuerzos del ministerio brasile\u00f1o de Agricultura<strong>, en las \u00faltimas semanas esas cr\u00edticas y denuncias de hicieron m\u00e1s visibles, a ra\u00edz de las im\u00e1genes de los incendios en la Amazonia,\u00a0<\/strong>que el gobierno del ultraderechista insiste en decir o que no existen, o que no son de su responsabilidad, culpando a ind\u00edgenas y habitantes de la floresta.<\/p>\n<p><strong>Entre septiembre de 2019 y de 2020, en la regi\u00f3n conocida como Pantanal, de inmensa biodiversidad, los incendios crecieron 180%.<\/strong>\u00a0Casi un 15% de su \u00e1rea desapareci\u00f3.<\/p>\n<p>Bolsonaro reitera que se trata de un fen\u00f3meno \u201cnatural\u201d, pero la Polic\u00eda Federal ya adelant\u00f3 que al menos 90% de las quemadas fueron intencionales, y que investiga tratando de identificar a los criminales.<\/p>\n<p>Es casi inevitable que, de mantenerse el actual ritmo de destrucci\u00f3n ambiental en Brasil frente a la inercia del gobierno, la presi\u00f3n de l\u00edderes europeos sobre el presidente ultraderechista no har\u00e1 m\u00e1s que crecer.<\/p>\n<p>Hasta el final de la tarde de hoy la \u00fanica voz que se oy\u00f3 de parte del gobierno brasile\u00f1o ha sido la del vicepresidente,<strong>\u00a0el general retirado Hamilton Mour\u00e3o, conocido por sus posiciones ultraconservadoras.<\/strong><\/p>\n<p><strong>Dijo \u00e9l que \u201chay mucho ruido sobre ese tema\u201d\u00a0<\/strong>y que todo podr\u00e1 ser resuelto \u201cpor la diplomacia\u201d, olvid\u00e1ndose que la conducta desastrosa del actual ministro de Relaciones Exteriores, Ernesto Araujo, no hizo m\u00e1s que aislar Brasil en la comunidad internacional.<\/p>\n<p><strong>\u201cHay que tener calma, existen muchos intereses\u201d<\/strong>, dijo Mour\u00e3o, mencionando expl\u00edcitamente los grandes lobbies agr\u00edcolas europeos y los pa\u00edses en que el Partido Verde es fuerte.<\/p>\n<\/div>\n","protected":false},"excerpt":{"rendered":"<p>Eric Nepomuceno (Pagina 12, 9-10-20) &nbsp; El Parlamento Europeo exige una serie de alteraciones en el texto original, en especial relacionadas al tema del medio ambiente. Por 345 votos contra 295 (hubo 56 abstenciones) el Parlamento Europeo rechaz\u00f3 los t\u00e9rminos del acuerdo comercial entre la Uni\u00f3n Europea (UE) y el Mercosur,\u00a0cuyas negociaciones empezaron a ser [&hellip;]<\/p>\n","protected":false},"author":1,"featured_media":40997,"comment_status":"open","ping_status":"open","sticky":false,"template":"","format":"standard","meta":{"footnotes":""},"categories":[14,12],"tags":[],"class_list":["post-43148","post","type-post","status-publish","format-standard","has-post-thumbnail","hentry","category-internacionales","category-politica-3"],"_links":{"self":[{"href":"https:\/\/debateplural.net\/site\/wp-json\/wp\/v2\/posts\/43148"}],"collection":[{"href":"https:\/\/debateplural.net\/site\/wp-json\/wp\/v2\/posts"}],"about":[{"href":"https:\/\/debateplural.net\/site\/wp-json\/wp\/v2\/types\/post"}],"author":[{"embeddable":true,"href":"https:\/\/debateplural.net\/site\/wp-json\/wp\/v2\/users\/1"}],"replies":[{"embeddable":true,"href":"https:\/\/debateplural.net\/site\/wp-json\/wp\/v2\/comments?post=43148"}],"version-history":[{"count":1,"href":"https:\/\/debateplural.net\/site\/wp-json\/wp\/v2\/posts\/43148\/revisions"}],"predecessor-version":[{"id":43149,"href":"https:\/\/debateplural.net\/site\/wp-json\/wp\/v2\/posts\/43148\/revisions\/43149"}],"wp:featuredmedia":[{"embeddable":true,"href":"https:\/\/debateplural.net\/site\/wp-json\/wp\/v2\/media\/40997"}],"wp:attachment":[{"href":"https:\/\/debateplural.net\/site\/wp-json\/wp\/v2\/media?parent=43148"}],"wp:term":[{"taxonomy":"category","embeddable":true,"href":"https:\/\/debateplural.net\/site\/wp-json\/wp\/v2\/categories?post=43148"},{"taxonomy":"post_tag","embeddable":true,"href":"https:\/\/debateplural.net\/site\/wp-json\/wp\/v2\/tags?post=43148"}],"curies":[{"name":"wp","href":"https:\/\/api.w.org\/{rel}","templated":true}]}}