{"id":43228,"date":"2020-10-13T08:14:17","date_gmt":"2020-10-13T12:14:17","guid":{"rendered":"http:\/\/debateplural.com\/?p=43228"},"modified":"2020-10-13T08:14:17","modified_gmt":"2020-10-13T12:14:17","slug":"octubre","status":"publish","type":"post","link":"https:\/\/debateplural.net\/site\/2020\/10\/13\/octubre\/","title":{"rendered":"Octubre"},"content":{"rendered":"<div>\n<p><a href=\"https:\/\/rebelion.org\/autor\/danilo-paz-ballivian\/\">Danilo Paz Ballivi\u00e1n<\/a> (Sin Permiso, 13-10-20)<\/p>\n<p>&nbsp;<\/p>\n<p>Despu\u00e9s del largo proceso de quiebre del modelo neoliberal y la democracia pactada (2000, Guerra del Agua hasta 2003, ca\u00edda de Gonzalo S\u00e1nchez de Lozada: Octubre Negro) reci\u00e9n el 2005, por primera vez se instaura un proceso nacional popular por v\u00eda eleccionaria y democr\u00e1tica.<\/p>\n<\/div>\n<div id=\"cols\">\n<p>A partir del primero de mayo de 2006, cuando el presidente Morales promulga el decreto de nacionalizaci\u00f3n del gas y petr\u00f3leo, comienza el Proceso de Cambio, que con aciertos y errores se prolonga, tambi\u00e9n por primera vez, por 13 a\u00f1os (2006-2019).<\/p>\n<p>Lo sorprendente para propios y extra\u00f1os es que el\u00a0<strong>20 de octubre del 2019<\/strong>, en las elecciones generales vuelve a ganar el Movimiento Al Socialismo (MAS). La sistem\u00e1tica cr\u00edtica, de la clase media profesional oenegista, tecnocr\u00e1tica, acad\u00e9mica y medi\u00e1tica ejercitada por m\u00e1s de una d\u00e9cada y la de las plataformas del 21 F, organizadas a partir del errado referendo del a\u00f1o 1016, no sirvieron para ganar a Evo Morales y \u00c1lvaro Garc\u00eda en las urnas.<\/p>\n<p>Conocido el MAS como vencedor, a las plataformas 21F, se suma un movimiento civil conservador constituido por representantes de los Comit\u00e9s C\u00edvicos de Santa Cruz y Potos\u00ed, el Colegio de M\u00e9dico de La Paz y grupos, tambi\u00e9n de clase media, que bloquean calles de zonas \u201cresidenciales\u201d con cintas, alambres, trastes y pitas, secundados por grupos de motociclistas pertrechados de bates, palos, escudos y bazucas caseras, particularmente en las ciudades del eje La Paz-Cochabamba-Santa Cruz.<\/p>\n<p><a href=\"http:\/\/localhost\/debateplural\/wp-content\/uploads\/2020\/10\/10220725_xl.jpg\"><img loading=\"lazy\" decoding=\"async\" class=\"alignnone size-full wp-image-43104\" src=\"http:\/\/localhost\/debateplural\/wp-content\/uploads\/2020\/10\/10220725_xl.jpg\" alt=\"\" width=\"880\" height=\"495\" srcset=\"https:\/\/debateplural.net\/site\/wp-content\/uploads\/2020\/10\/10220725_xl.jpg 880w, https:\/\/debateplural.net\/site\/wp-content\/uploads\/2020\/10\/10220725_xl-300x169.jpg 300w, https:\/\/debateplural.net\/site\/wp-content\/uploads\/2020\/10\/10220725_xl-768x432.jpg 768w, https:\/\/debateplural.net\/site\/wp-content\/uploads\/2020\/10\/10220725_xl-810x456.jpg 810w\" sizes=\"(max-width: 880px) 100vw, 880px\" \/><\/a><\/p>\n<p>Esta movilizaci\u00f3n denominada de \u201dlas pititas\u201d y de la \u201c resistencia juvenil\u201d hallan su realizaci\u00f3n en el mot\u00edn policial de la ciudad de Cochabamba. Los anuncios de fraude anteriores a la elecci\u00f3n, el informe preliminar de la OEA de oficio, que habla de irregularidades (Expuestas por Almagro como fraude) y los acuerdos de Fernando Camacho con la polic\u00eda de Cochabamba, muestra que se trataba de acciones deliberadas que rematan en la renuncia forzada del presidente Evo Morales, solicitada por el comandante de las fuerzas armadas (FFAA), precedida claro est\u00e1 por 30 bajas en lo que va del 20 de Octubre al 10 de Noviembre de 2019.<\/p>\n<p>Aqu\u00ed, es necesario hacer un par\u00e9ntesis: ni analistas, ni dirigentes de partidos pol\u00edticos , ni representantes corporativos, explican el accionar de la FFAA, desde la solicitud de renuncia a Evo Morales hasta la actualidad. Inicialmente Camacho Pumari, las plataformas 21F, las \u201cpititas\u201d y la \u201cresistencia juvenil\u201d, siguiendo un patr\u00f3n hist\u00f3rico en Bolivia, quer\u00edan un gobierno civil militar, que cierre el parlamento, dicte un estado de sitio y restaure un Estado Republicano. Sin embargo, las FFAA no est\u00e1n interesadas en arriesgar su situaci\u00f3n privilegiada de jubilaci\u00f3n con el 100% de sus haberes, seguro de salud propio y pulper\u00eda, y sobre todo estar estigmatizados por d\u00e9cadas por una intervenci\u00f3n directa, esto internamente, y externamente, la estrategia imperial es ahora la de liquidar los procesos nacional populares manteniendo un aparente estado de derecho como en el caso de la Argentina primero, y Ecuador y Brasil despu\u00e9s.<\/p>\n<p>Un nuevo intento de involucrar institucionalmente a las FFAA fue la del Convoy de Oxigeno, lanzado en pleno bloqueo de caminos que exig\u00eda una fecha definitiva de elecciones generales 3 veces postergada. En este sentido, es oportuno se\u00f1alar que el proceso eleccionario del\u00a0<strong>18 de octubre del 2020<\/strong>, est\u00e1 garantizado en \u00faltima instancia por las FFAA, ya que la Polic\u00eda ya no es una garant\u00eda desde el Golpe de Estado de noviembre de 2019.<\/p>\n<p>El gobierno de Janine A\u00f1ez, en su primer periodo anterior a la pandemia (12 de noviembre del 2019 al 10 de marzo del 2020), as\u00ed como el segundo de pandemia (mediados de marzo del 2020 a la actualidad), se ocup\u00f3 de intervenir las principales empresas y proyectos del Estado, para preparar las condiciones de su privatizaci\u00f3n e inversi\u00f3n extranjera: llev\u00f3 a BOA al borde de la quiebra, literalmente saqueo Entel, en su acuerdo con Petrobras disminuye vol\u00famenes de exportaci\u00f3n y libera de de su obligaci\u00f3n de construir el gasoducto al Mut\u00fan, como si esto fuera poco, posterga tambi\u00e9n la separaci\u00f3n de l\u00edquidos para la exportaci\u00f3n del gas. Paraliza los programas de fabricaci\u00f3n de urea en Bulo Bulo y de explotaci\u00f3n e industrializaci\u00f3n del litio en Uyuni.<\/p>\n<p>El tema del manejo de la pandemia, no es motivo de estas notas, sin embargo, cabe se\u00f1alar que es uno de los problemas fundamentales del gobierno, ya que m\u00e1s temprano que tarde tendr\u00e1 que rendir cuentas de m\u00e1s de 1.500 millones de d\u00f3lares provenientes de las reservas del Banco Central, cr\u00e9ditos de organismos internaciones y donaciones.<\/p>\n<p>Ahora bien, \u00bfpor qu\u00e9 el t\u00edtulo de Octubre en este art\u00edculo? Primero, por la victoria anunciada del MAS en las elecciones generales del\u00a0<strong>18 de octubre del 2020.\u00a0<\/strong>Y segundo, porque este mes trae a la memoria hechos patri\u00f3ticos, nacional populares y revolucionarios de nuestra historia contempor\u00e1nea, en efecto: el\u00a0<strong>31 de octubre de 1952<\/strong>, se nacionalizaron las minas, el\u00a0<strong>17 de octubre de 1969<\/strong>, se nacionaliza la Gulf Oil Company, el\u00a0<strong>6 de octubre de 1970<\/strong>, fracasa el golpe de estado a Alfredo Ovando y jura como presidente Juan Jos\u00e9 Torrez, el\u00a0<strong>17 de octubre de 2003<\/strong>, huye Gonzalo S\u00e1nchez de Lozada y se establece la Agenda de Octubre y, el\u00a0<strong>20 de octubre de 2019<\/strong>, el MAS gana elecciones generales una vez m\u00e1s.<\/p>\n<\/div>\n","protected":false},"excerpt":{"rendered":"<p>Danilo Paz Ballivi\u00e1n (Sin Permiso, 13-10-20) &nbsp; Despu\u00e9s del largo proceso de quiebre del modelo neoliberal y la democracia pactada (2000, Guerra del Agua hasta 2003, ca\u00edda de Gonzalo S\u00e1nchez de Lozada: Octubre Negro) reci\u00e9n el 2005, por primera vez se instaura un proceso nacional popular por v\u00eda eleccionaria y democr\u00e1tica. A partir del primero [&hellip;]<\/p>\n","protected":false},"author":1,"featured_media":43029,"comment_status":"open","ping_status":"open","sticky":false,"template":"","format":"standard","meta":{"footnotes":""},"categories":[14,12],"tags":[],"class_list":["post-43228","post","type-post","status-publish","format-standard","has-post-thumbnail","hentry","category-internacionales","category-politica-3"],"_links":{"self":[{"href":"https:\/\/debateplural.net\/site\/wp-json\/wp\/v2\/posts\/43228"}],"collection":[{"href":"https:\/\/debateplural.net\/site\/wp-json\/wp\/v2\/posts"}],"about":[{"href":"https:\/\/debateplural.net\/site\/wp-json\/wp\/v2\/types\/post"}],"author":[{"embeddable":true,"href":"https:\/\/debateplural.net\/site\/wp-json\/wp\/v2\/users\/1"}],"replies":[{"embeddable":true,"href":"https:\/\/debateplural.net\/site\/wp-json\/wp\/v2\/comments?post=43228"}],"version-history":[{"count":1,"href":"https:\/\/debateplural.net\/site\/wp-json\/wp\/v2\/posts\/43228\/revisions"}],"predecessor-version":[{"id":43229,"href":"https:\/\/debateplural.net\/site\/wp-json\/wp\/v2\/posts\/43228\/revisions\/43229"}],"wp:featuredmedia":[{"embeddable":true,"href":"https:\/\/debateplural.net\/site\/wp-json\/wp\/v2\/media\/43029"}],"wp:attachment":[{"href":"https:\/\/debateplural.net\/site\/wp-json\/wp\/v2\/media?parent=43228"}],"wp:term":[{"taxonomy":"category","embeddable":true,"href":"https:\/\/debateplural.net\/site\/wp-json\/wp\/v2\/categories?post=43228"},{"taxonomy":"post_tag","embeddable":true,"href":"https:\/\/debateplural.net\/site\/wp-json\/wp\/v2\/tags?post=43228"}],"curies":[{"name":"wp","href":"https:\/\/api.w.org\/{rel}","templated":true}]}}