{"id":43373,"date":"2020-10-21T16:17:57","date_gmt":"2020-10-21T20:17:57","guid":{"rendered":"http:\/\/debateplural.com\/?p=43373"},"modified":"2020-10-21T16:17:57","modified_gmt":"2020-10-21T20:17:57","slug":"retomemos-a-duarte-para-fortalecer-la-identidad","status":"publish","type":"post","link":"https:\/\/debateplural.net\/site\/2020\/10\/21\/retomemos-a-duarte-para-fortalecer-la-identidad\/","title":{"rendered":"Retomemos a Duarte para fortalecer la identidad"},"content":{"rendered":"<p>Reina Rosario, Directora del Museo Nacional de Historia (Listin, 29-9-20)<\/p>\n<p>&nbsp;<\/p>\n<p>He le\u00eddo el edi\u00adtorial del pe\u00adri\u00f3dico Lis\u00adt\u00edn Diario del s\u00e1bado 26 de septiembre del presen\u00adte 2020 titulado \u201cLa identi\u00addad nacional en decaden\u00adcia\u201d y me he animado a escribir estas l\u00edneas. En di\u00adcha pieza el veterano perio\u00addista Miguel Franjul da de\u00adtalles de los niveles en que ha deca\u00eddo de la identidad dominicana en los actuales momentos. Se trata de una inquietud con muchos nive\u00adles de acierto.<\/p>\n<p>La preocupaci\u00f3n exter\u00adnada por el editorial del List\u00edn Diario la comparten muchos dominicanos y do\u00adminicanas. Yo me siento es\u00adtar dentro de ese colectivo por mi condici\u00f3n de ciuda\u00addana, por ser profesora uni\u00adversitaria y por las funcio\u00adnes acabo de asumir como directora del Museo Nacio\u00adnal de Historia de la Rep\u00fa\u00adblica Dominicana.<\/p>\n<p>Apenas con quince d\u00edas en el puesto estamos confor\u00admando un equipo y traba\u00adjando en lo que ser\u00e1 el nuevo Museo Nacional de Historia. S\u00e9 que se trata de una tarea ardua para rearmar una insti\u00adtuci\u00f3n que fue cerrada al p\u00fa\u00adblico desde el a\u00f1o 2005. Pero dentro de poco tiempo dare\u00admos apertura a una institu\u00adci\u00f3n totalmente renovada. Nueva porque su planta f\u00edsi\u00adca est\u00e1 totalmente reconstrui\u00adda. Nueva porque se inserta dentro de los cambios de la nueva gesti\u00f3n de gobierno. Pero, sobre todo, ser\u00e1 un mu\u00adseo nuevo porque estamos creando el cuerpo de una ins\u00adtituci\u00f3n que tenga tal nivel de compromiso con el pa\u00eds que se convierta en el rostro que debe presentar la naci\u00f3n en materia de difusi\u00f3n y fortale\u00adcimiento de la identidad na\u00adcional dominicana.<\/p>\n<p>Es que, dentro del plan museogr\u00e1fico que estamos elaborando, uno de los ejes centrales ser\u00e1 el de contribuir con el despertar de la con\u00adciencia y la identidad nacio\u00adnal. Esto porque, desde que se nos consult\u00f3 para dicha posici\u00f3n, el primer objetivo que nos lleg\u00f3 a la mente fue el de trabajar para lograr una instituci\u00f3n en la que, cuando todo dominicano termine el recorrido del museo, sin dis\u00adtinci\u00f3n de procedencia o cla\u00adse social, comprenda el pro\u00adceso de construcci\u00f3n de la identidad del pueblo domini\u00adcano, se identifique con ella y se sienta orgulloso de la mis\u00adma.<\/p>\n<div id=\"attachment_15000\" style=\"width: 602px\" class=\"wp-caption aligncenter\"><a href=\"http:\/\/localhost\/debateplural\/wp-content\/uploads\/2017\/03\/220px-Juan_pablo_duarte_diez.jpg\"><img loading=\"lazy\" decoding=\"async\" aria-describedby=\"caption-attachment-15000\" class=\" wp-image-15000\" src=\"http:\/\/localhost\/debateplural\/wp-content\/uploads\/2017\/03\/220px-Juan_pablo_duarte_diez.jpg\" alt=\"\" width=\"592\" height=\"797\" \/><\/a><p id=\"caption-attachment-15000\" class=\"wp-caption-text\">Juan Pablo Duarte<\/p><\/div>\n<p>Los museos, aunque a ve\u00adces no se tenga conciencia de ello, siempre han sido es\u00adpacios de di\u00e1logo interge\u00adneracional. En el 2015 la UNESCO los defini\u00f3 como \u201cespacios para la transmi\u00adsi\u00f3n cultural, el di\u00e1logo in\u00adtercultural, el aprendizaje, el debate y la formaci\u00f3n; los museos desempe\u00f1an tam\u00adbi\u00e9n una importante fun\u00adci\u00f3n en la educaci\u00f3n (formal y no formal, y el aprendiza\u00adje a lo largo de toda la vida), la cohesi\u00f3n social y el desa\u00adrrollo sostenible. Los museos encierran un gran potencial de sensibilizaci\u00f3n del p\u00fabli\u00adco acerca del valor del patri\u00admonio cultural y natural y la responsabilidad de todos los ciudadanos de contribuir a su cuidado y transmisi\u00f3n\u201d.<\/p>\n<p>La responsabilidad asu\u00admida de dirigir la conforma\u00adci\u00f3n de dicho museo no es una tarea unilateral, sino de un equipo de personas ex\u00adpertas que ser\u00e1n consulta\u00addas. Claro, tambi\u00e9n estare\u00admos en la total disposici\u00f3n de recibir sugerencias de quie\u00adnes entiendan que pueden aportar cualquier idea, pie\u00adzas o documentos hist\u00f3ricos. Nuestro compromiso en todo momento ser\u00e1 el de mostrar la historia dominicana con el mayor apego a la verdad. Sin tergiversaciones ni inter\u00adpretaciones interesadas. Nos guiaremos por el C\u00f3digo de Deontolog\u00eda elaborado por el Consejo Internacional de Museos (ICOM), que \u201cpro\u00admueve la responsabilidad social, la independencia y la libertad cient\u00edfica, la toleran\u00adcia, y el respeto mutuo, sin comprometer los est\u00e1ndares profesionales de los museos\u201d.<\/p>\n<p>Tradicionalmente en la Rep\u00fablica Dominicana han existido dos maneras de en\u00adtender la cultura y la identi\u00addad nacional. Una de ellas ve la identidad como algo est\u00e1\u00adtico, acabado, y con un ape\u00adgo a los monumentos cons\u00adtruidos en el pasado lejano. La otra manera est\u00e1 en los que ven la cultura de forma din\u00e1mica, como algo que se transforma. Algo que se va enriqueciendo continuamen\u00adte dentro de la diversidad de nuestra sociedad caracteri\u00adzada por las tres ra\u00edces que le dieron origen: la aborigen, la espa\u00f1ola y la africana; enri\u00adquecida constantemente por inmigrantes de muchas otras latitudes procedentes de to\u00addos los continentes.<\/p>\n<p>Nuestros j\u00f3venes deben ser formados con conciencia plena de la diversidad local para que asuman ese conglo\u00admerado que llamamos Rep\u00fa\u00adblica Dominicana. Al mismo tiempo, cada miembro de ese conglomerado debe dar y es\u00adperar un trato igualitario y fraterno. El Museo Nacional de Historia pretende contri\u00adbuir a formar a nuestros j\u00f3ve\u00adnes para reproducir conduc\u00adtas a favor de la dignidad de todo el pueblo dominicano y promover valores. Digni\u00addad y valores establecidos en la Constituci\u00f3n del pa\u00eds don\u00adde se enarbola un trato igua\u00adlitario a todos; libres de sen\u00adtimientos discriminatorios y excluyentes.<\/p>\n<p>La dominicanidad debe ser vista como un todo. No es posible imaginar al pue\u00adblo dominicano excluyen\u00addo una parte de ese todo. La educaci\u00f3n de calidad para todos es el medio ideal para promover los cambios que debe alcanzar la sociedad dominicana y a ello con\u00adtribuir\u00e1 el Museo Nacional de Historia para canalizar la inquietud de personas co\u00admo el veterano periodista Miguel Franjul y como tan\u00adtos dominicanos m\u00e1s. De esta forma ser dominicano, ser dominicana, debe ser al\u00adgo m\u00e1s que guardar el de\u00adbido respeto a los s\u00edmbolos patrios, valorar los ritmos que nos han dado a conocer internacionalmente (me\u00adrengue y bachata), consu\u00admir el sancocho y jugar pe\u00adlota; tambi\u00e9n deber\u00e1 estar ligada a una visi\u00f3n de igual\u00addad para todos.<\/p>\n<p>Lo que hemos planteado tiene mayores posibilidades de realizaci\u00f3n si retomemos a Duarte para fortalecer la identidad nacional. Cuando esto suceda, estaremos cons\u00adtruyendo una identidad co\u00admo la pens\u00f3 y la so\u00f1\u00f3, como la sinti\u00f3, la ense\u00f1\u00f3 y la ejecu\u00adt\u00f3 Juan Pablo Duarte. As\u00ed lo leg\u00f3 el padre de la patria en un hermoso poema titulado \u201cEl criollo\u201d con una estrofa que recoge la diversidad que somos como pueblo cuando dice: \u201cLos blancos, morenos, cobrizos, cruzados, marchan\u00addo serenos, unidos y osados, la patria salvemos de viles tiranos, y al mundo mostre\u00admos que somos hermanos\u201d.<\/p>\n","protected":false},"excerpt":{"rendered":"<p>Reina Rosario, Directora del Museo Nacional de Historia (Listin, 29-9-20) &nbsp; He le\u00eddo el edi\u00adtorial del pe\u00adri\u00f3dico Lis\u00adt\u00edn Diario del s\u00e1bado 26 de septiembre del presen\u00adte 2020 titulado \u201cLa identi\u00addad nacional en decaden\u00adcia\u201d y me he animado a escribir estas l\u00edneas. En di\u00adcha pieza el veterano perio\u00addista Miguel Franjul da de\u00adtalles de los niveles en [&hellip;]<\/p>\n","protected":false},"author":1,"featured_media":11925,"comment_status":"open","ping_status":"open","sticky":false,"template":"","format":"standard","meta":{"footnotes":""},"categories":[18,5],"tags":[],"class_list":["post-43373","post","type-post","status-publish","format-standard","has-post-thumbnail","hentry","category-cultura","category-nacionales"],"_links":{"self":[{"href":"https:\/\/debateplural.net\/site\/wp-json\/wp\/v2\/posts\/43373"}],"collection":[{"href":"https:\/\/debateplural.net\/site\/wp-json\/wp\/v2\/posts"}],"about":[{"href":"https:\/\/debateplural.net\/site\/wp-json\/wp\/v2\/types\/post"}],"author":[{"embeddable":true,"href":"https:\/\/debateplural.net\/site\/wp-json\/wp\/v2\/users\/1"}],"replies":[{"embeddable":true,"href":"https:\/\/debateplural.net\/site\/wp-json\/wp\/v2\/comments?post=43373"}],"version-history":[{"count":1,"href":"https:\/\/debateplural.net\/site\/wp-json\/wp\/v2\/posts\/43373\/revisions"}],"predecessor-version":[{"id":43374,"href":"https:\/\/debateplural.net\/site\/wp-json\/wp\/v2\/posts\/43373\/revisions\/43374"}],"wp:featuredmedia":[{"embeddable":true,"href":"https:\/\/debateplural.net\/site\/wp-json\/wp\/v2\/media\/11925"}],"wp:attachment":[{"href":"https:\/\/debateplural.net\/site\/wp-json\/wp\/v2\/media?parent=43373"}],"wp:term":[{"taxonomy":"category","embeddable":true,"href":"https:\/\/debateplural.net\/site\/wp-json\/wp\/v2\/categories?post=43373"},{"taxonomy":"post_tag","embeddable":true,"href":"https:\/\/debateplural.net\/site\/wp-json\/wp\/v2\/tags?post=43373"}],"curies":[{"name":"wp","href":"https:\/\/api.w.org\/{rel}","templated":true}]}}