{"id":43490,"date":"2020-10-27T10:46:20","date_gmt":"2020-10-27T14:46:20","guid":{"rendered":"http:\/\/debateplural.com\/?p=43490"},"modified":"2020-10-27T10:46:20","modified_gmt":"2020-10-27T14:46:20","slug":"por-que-macron-insulto-al-profeta-del-islam-p-cual-es-su-plan","status":"publish","type":"post","link":"https:\/\/debateplural.net\/site\/2020\/10\/27\/por-que-macron-insulto-al-profeta-del-islam-p-cual-es-su-plan\/","title":{"rendered":"\u00bfPor qu\u00e9 Macron insult\u00f3 al Profeta del Islam (P)? \u00bfCu\u00e1l es su plan?"},"content":{"rendered":"<p>Mohsen Khalif Zade (Hispantv, 27-10-20)<\/p>\n<p>&nbsp;<\/p>\n<p class=\"introtext\">Los ultrajes del presidente franc\u00e9s, Emmanuel Macron, contra el Profeta del Islam (P) han incrementado la c\u00f3lera del mundo musulm\u00e1n contra Francia.<\/p>\n<div>\n<p>El mandatario galo dijo en el homenaje realizado el mi\u00e9rcoles pasado al profesor Samuel Paty, decapitado por un joven checheno tras mostrar una caricatura\u00a0del Profeta del Islam, el Hazrat Muhamad (la paz sea con \u00e9l), en una clase,\u00a0que no iba a \u201crenunciar a la publicaci\u00f3n de las caricaturas\u201d en medios franceses porque\u00a0ir\u00eda en contra de lo que \u00e9l entiende por\u00a0\u201clibertad de expresi\u00f3n\u201d.<\/p>\n<p>La comunidad isl\u00e1mica, adem\u00e1s de denunciar \u201cvigorosamente\u201d que la libertad de expresi\u00f3n no implica, en absoluto, lanzar \u201cinsultos a los valores del Islam y las creencias de los musulmanes\u201d, ha advertido a las autoridades galas que est\u00e1n contribuyendo a la \u201cincitaci\u00f3n al odio\u201d en el pa\u00eds europeo.<\/p>\n<p>Los agravios de Macron provocaron reacciones airadas dentro de Francia y en diferentes pa\u00edses del mundo isl\u00e1mico. Los comentarios de Macron demuestran que el mandatario ha comenzado una campa\u00f1a de islamofobia en Francia al defender el diario sat\u00edrico\u00a0<em>Charlie Hebdo,<\/em>\u00a0pretextando el derecho a la \u201clibertad de expresi\u00f3n\u201d, y anim\u00e1ndolo a seguir ofendiendo a los musulmanes sin justificaci\u00f3n alguna.<\/p>\n<p><a href=\"http:\/\/localhost\/debateplural\/wp-content\/uploads\/2018\/12\/descarga.jpg\"><img loading=\"lazy\" decoding=\"async\" class=\"alignnone size-full wp-image-29399\" src=\"http:\/\/localhost\/debateplural\/wp-content\/uploads\/2018\/12\/descarga.jpg\" alt=\"\" width=\"1160\" height=\"629\" srcset=\"https:\/\/debateplural.net\/site\/wp-content\/uploads\/2018\/12\/descarga.jpg 1160w, https:\/\/debateplural.net\/site\/wp-content\/uploads\/2018\/12\/descarga-300x163.jpg 300w, https:\/\/debateplural.net\/site\/wp-content\/uploads\/2018\/12\/descarga-768x416.jpg 768w, https:\/\/debateplural.net\/site\/wp-content\/uploads\/2018\/12\/descarga-1024x555.jpg 1024w, https:\/\/debateplural.net\/site\/wp-content\/uploads\/2018\/12\/descarga-810x439.jpg 810w, https:\/\/debateplural.net\/site\/wp-content\/uploads\/2018\/12\/descarga-1140x618.jpg 1140w\" sizes=\"(max-width: 1160px) 100vw, 1160px\" \/><\/a><\/p>\n<h3><strong>Airadas reacciones contra los comentarios islam\u00f3fobos de Macron<\/strong><\/h3>\n<p>El Parlamento de Ir\u00e1n denunci\u00f3, con vehemencia, las declaraciones islam\u00f3fobas del presidente franc\u00e9s bajo el disfraz de la \u201clibertad de expresi\u00f3n\u201d. Mediante un comunicado emitido el lunes, la Asamblea Consultiva Isl\u00e1mica de Ir\u00e1n (Mayles) afirm\u00f3 que el apoyo de Macron a \u201cactos sacr\u00edlegos\u201d contra el Islam en el pa\u00eds europeo \u201cdemostr\u00f3, una vez m\u00e1s, la naturaleza malvada\u201d del Gobierno franc\u00e9s.<\/p>\n<p>El secretario general de la Asamblea Internacional del Despertar Isl\u00e1mico, Ali Akbar Velayati, conden\u00f3 los comentarios de Macron y asegur\u00f3 que tal postura reforzar\u00e1 a\u00fan m\u00e1s la unidad de los musulmanes.<\/p>\n<p>Teher\u00e1n dice que tales actos blasfemos contra las santidades de m\u00e1s de mil millones de musulmanes no promueven la libertad de expresi\u00f3n, sino que, m\u00e1s bien, constituyen \u201cel mayor ejemplo de la opresi\u00f3n contra la libertad\u201d.<\/p>\n<p>Por su parte, el presidente de Turqu\u00eda, Recep Tayyip Erdogan, indic\u00f3 que Macron necesita someterse a \u201cun examen de salud mental\u201d. \u201cUn jefe de Estado, que trata de esta manera a millones de miembros de diferentes grupos confesionales, antes que nada, necesita un examen de salud mental\u201d, enfatiz\u00f3.<\/p>\n<p>El lunes, Erdogan llam\u00f3 a sus ciudadanos a boicotear los productos franceses. \u201cPido a mi gente que nunca d\u00e9 cr\u00e9dito a los bienes franceses, que no los compre\u201d, reclam\u00f3.<\/p>\n<p>Varias empresas de alimentaci\u00f3n en Catar, Kuwait y Jordania retiraron los productos franceses de sus estanter\u00edas durante el fin de semana en protesta por los insultos contra el Profeta del Islam (P).<\/p>\n<p>Marruecos y Argelia condenaron en\u00e9rgicamente la publicaci\u00f3n de caricaturas ultrajantes contra el Profeta del Islam (P) y lamentaron que algunas autoridades, en nombre de la libertad de expresi\u00f3n, agravien al Islam.<\/p>\n<p>Los comentarios de Macron han suscitado, adem\u00e1s, protestas a lo largo del mundo. Los manifestantes repudiaron en Banglad\u00e9s, durante en una acalorada jornada de protesta, las ofensas hechas en Francia contra la figura m\u00e1s sagrada y querida del mundo musulm\u00e1n.<\/p>\n<p>En la Cisjordania ocupada tambi\u00e9n alzaron la voz por la deliberada ofensa al Islam y a sus s\u00edmbolos. En Bar\u00e9in y Libia se vivi\u00f3, igualmente, una jornada de furia contra el presidente franc\u00e9s. Los congregados aseguraban que el Profeta (P) es lo m\u00e1s sagrado del Islam y que quien le ataca, ataca a todo un pueblo.<\/p>\n<p>Mientras que Francia ha lanzado una guerra implacable contra el Islam al publicar caricaturas insultantes contra el Profeta del Islam (P), el Alto Consejo de Ulemas de Arabia Saud\u00ed, despu\u00e9s de un largo per\u00edodo de silencio, emiti\u00f3 un comunicado en el que solo dec\u00eda que la falta de respeto a los profetas favorece las corrientes extremistas que quieren sembrar odio entre la humanidad.<\/p>\n<h3><strong>Objetivos de Macron al atacar el Islam y a su Profeta (P)<\/strong><\/h3>\n<p>Las denostadas declaraciones de Macron buscaban, a todas luces, mayores objetivos que su deseo de luchar contra lo que dio en llamar el \u201caislamiento isl\u00e1mico\u201d en Francia.<\/p>\n<p>Antes de mencionar la verdadera meta detr\u00e1s de la campa\u00f1a islam\u00f3foba del presidente franc\u00e9s, cabe se\u00f1alar que un presidente occidental no habr\u00eda llegado tan lejos sin el apoyo de algunos lacayos del mundo isl\u00e1mico, quienes han seguido las \u00f3rdenes de EE.UU. y han normalizado sus lazos con el r\u00e9gimen de Israel a pesar del rechazo a tal paso de sus propios pueblos.<\/p>\n<p>Con respecto a las reacciones dentro de Francia, varios organismos y asociaciones que representan a los musulmanes han expresado su preocupaci\u00f3n sobre el hecho de que las declaraciones del presidente franc\u00e9s contribuyan a la difusi\u00f3n del discurso de odio y lleven a algunos a confundir la religi\u00f3n isl\u00e1mica con las acciones de los extremistas.<\/p>\n<p>Francia siempre se ha jactado de ser un pa\u00eds civilizado y democr\u00e1tico que permite la libertad de expresi\u00f3n. Todas estas peculiaridades resultan atractivas, pero a la hora de aplicarlas \u00bfqu\u00e9 hace el pa\u00eds galo? Es simple. Cuando critiques al Islam y ataques sus santidades, el Gobierno franc\u00e9s te defender\u00e1 ante cualquier amenaza. Sin embargo, si alguien critica, incluso con palabras suaves y amables, \u201cla entidad israel\u00ed\u201d, la libertad de expresi\u00f3n termina y se le acusa de antisemitismo, y el infractor podr\u00eda ser juzgado o expulsado de su trabajo, como m\u00ednimo.<\/p>\n<p>La libertad de expresi\u00f3n debe estar a disposici\u00f3n de todas las personas, sin discriminaci\u00f3n alguna. Mientras Francia critica a otros pa\u00edses por no ser democr\u00e1ticos, el propio Gobierno galo act\u00faa en base a un doble rasero en esta materia.<\/p>\n<p>Macron no vio en las injuriosas caricaturas contra el Profeta del Islam (P) ninguna violaci\u00f3n de los derechos humanos, de las libertades o de la santidad de los dem\u00e1s, al igual que su predecesor, Fran\u00e7ois Hollande, ni tampoco vio ning\u00fan defecto en los anteriores bosquejos ofensivos contra el Islam publicados por el diario\u00a0<em>Charlie Hebdo<\/em>. No obstante, el presidente franc\u00e9s hall\u00f3 una violaci\u00f3n en la reacci\u00f3n de los musulmanes que rechazaron su postura antisl\u00e1mica. Aqu\u00ed cabe que enfatizar que el delito de publicar las oprobias caricaturas contra el Profeta del Islam (P) no es menos peligroso que el delito cometido por un terrorista al decapitar a un profesor franc\u00e9s.<\/p>\n<p>Pero, \u00bfpor qu\u00e9 Macron insiste en este momento en insultar al Islam y a los musulmanes? Los observadores creen que el presidente quer\u00eda desviar la atenci\u00f3n p\u00fablica de las continuas manifestaciones contra sus pol\u00edticas y la mala situaci\u00f3n econ\u00f3mica que est\u00e1 sufriendo su Francia.<\/p>\n<p>El presidente galo injuri\u00f3 al Islam para lograr beneficios pol\u00edticos y salir de su\u00a0<em>impasse<\/em>, puesto que est\u00e1 viendo c\u00f3mo baja su popularidad debido a su mala gesti\u00f3n del nuevo coronavirus, causante de la COVID-19.<\/p>\n<p>Por lo tanto, atacar al Islam se ha convertido en un refugio para el presidente franc\u00e9s, a fin de reducir las presiones pol\u00edticas en su contra, ya que no le qued\u00f3 m\u00e1s remedio que coquetear con ciertas corrientes de la pol\u00edtica francesa, la mayor\u00eda pertenecientes a la extrema derecha, en un intento por aumentar su popularidad en lo que se ha dado en llamar una pol\u00edtica de \u201chuida hacia adelante\u201d.<\/p>\n<\/div>\n","protected":false},"excerpt":{"rendered":"<p>Mohsen Khalif Zade (Hispantv, 27-10-20) &nbsp; Los ultrajes del presidente franc\u00e9s, Emmanuel Macron, contra el Profeta del Islam (P) han incrementado la c\u00f3lera del mundo musulm\u00e1n contra Francia. El mandatario galo dijo en el homenaje realizado el mi\u00e9rcoles pasado al profesor Samuel Paty, decapitado por un joven checheno tras mostrar una caricatura\u00a0del Profeta del Islam, [&hellip;]<\/p>\n","protected":false},"author":1,"featured_media":16373,"comment_status":"open","ping_status":"open","sticky":false,"template":"","format":"standard","meta":{"footnotes":""},"categories":[14,12],"tags":[],"class_list":["post-43490","post","type-post","status-publish","format-standard","has-post-thumbnail","hentry","category-internacionales","category-politica-3"],"_links":{"self":[{"href":"https:\/\/debateplural.net\/site\/wp-json\/wp\/v2\/posts\/43490"}],"collection":[{"href":"https:\/\/debateplural.net\/site\/wp-json\/wp\/v2\/posts"}],"about":[{"href":"https:\/\/debateplural.net\/site\/wp-json\/wp\/v2\/types\/post"}],"author":[{"embeddable":true,"href":"https:\/\/debateplural.net\/site\/wp-json\/wp\/v2\/users\/1"}],"replies":[{"embeddable":true,"href":"https:\/\/debateplural.net\/site\/wp-json\/wp\/v2\/comments?post=43490"}],"version-history":[{"count":1,"href":"https:\/\/debateplural.net\/site\/wp-json\/wp\/v2\/posts\/43490\/revisions"}],"predecessor-version":[{"id":43491,"href":"https:\/\/debateplural.net\/site\/wp-json\/wp\/v2\/posts\/43490\/revisions\/43491"}],"wp:featuredmedia":[{"embeddable":true,"href":"https:\/\/debateplural.net\/site\/wp-json\/wp\/v2\/media\/16373"}],"wp:attachment":[{"href":"https:\/\/debateplural.net\/site\/wp-json\/wp\/v2\/media?parent=43490"}],"wp:term":[{"taxonomy":"category","embeddable":true,"href":"https:\/\/debateplural.net\/site\/wp-json\/wp\/v2\/categories?post=43490"},{"taxonomy":"post_tag","embeddable":true,"href":"https:\/\/debateplural.net\/site\/wp-json\/wp\/v2\/tags?post=43490"}],"curies":[{"name":"wp","href":"https:\/\/api.w.org\/{rel}","templated":true}]}}