{"id":43534,"date":"2020-10-29T11:20:15","date_gmt":"2020-10-29T15:20:15","guid":{"rendered":"http:\/\/debateplural.com\/?p=43534"},"modified":"2020-10-29T11:20:15","modified_gmt":"2020-10-29T15:20:15","slug":"el-camino-a-la-recuperacion-de-la-democracia-en-bolivia-es-un-campo-minado","status":"publish","type":"post","link":"https:\/\/debateplural.net\/site\/2020\/10\/29\/el-camino-a-la-recuperacion-de-la-democracia-en-bolivia-es-un-campo-minado\/","title":{"rendered":"El camino a la recuperaci\u00f3n de la democracia en Bolivia es un campo minado"},"content":{"rendered":"<p><a title=\"Ver todos los art\u00edculos de Orietta E. Hern\u00e1ndez Berm\u00fadez\" href=\"http:\/\/www.cubadebate.cu\/autor\/orietta-e-hernandez-bermudez\/\" rel=\"category tag taxonomy\">Orietta E. Hern\u00e1ndez Berm\u00fadez<\/a> (Cubadebate, 29-10-20)<\/p>\n<p>&nbsp;<\/p>\n<p>El 18 de octubre de 2020, el pueblo boliviano dio una lecci\u00f3n de democracia al mundo entero, cuando\u00a0<a href=\"http:\/\/www.cubadebate.cu\/noticias\/2020\/10\/23\/recuento-final-confirma-a-arce-como-ganador-de-las-elecciones-en-bolivia\/\">en las urnas el 55,1% decidi\u00f3 el retorno del Movimiento al Socialismo al gobierno<\/a>. Esta contundente victoria, adem\u00e1s de poner fin a los largos 11 meses del gobierno de facto de Jeanine A\u00f1ez y corroborar que no hubo fraude en las elecciones del 2019, arroj\u00f3 luz y esperanza sobre los pueblos de Am\u00e9rica.<\/p>\n<p><a href=\"http:\/\/www.cubadebate.cu\/opinion\/2020\/10\/17\/las-elecciones-generales-en-bolivia-entre-las-sombras-del-fraude-y-el-golpe\/\">No ha sido f\u00e1cil el camino<\/a>. El bloque popular bajo la direcci\u00f3n del Movimiento al Socialismo ha tenido que sortear todos los obst\u00e1culos que ha puesto el gobierno golpista. La persecuci\u00f3n pol\u00edtica a la que fueron sometidos los dirigentes pol\u00edticos, las amenazas y abuso de poder contra los militantes, las dis\u00edmiles maniobras para anular la personer\u00eda jur\u00eddica del MAS, las acusaciones de terrorismo y sedici\u00f3n a Evo Morales, su proscripci\u00f3n pol\u00edtica y la postergaci\u00f3n en tres ocasiones de las elecciones son algunos ejemplos. Fue necesario que\u00a0<a href=\"http:\/\/www.cubadebate.cu\/noticias\/2020\/08\/03\/bolivia-inicia-la-semana-con-huelga-general-contra-postergacion-de-las-elecciones-generales\/\">el pueblo se levantara y bloqueara 170 puntos del pa\u00eds para exigir sus derechos<\/a>. Por esas razones, esos resultados electorales son una conquista del bloque popular.<\/p>\n<p>Sin embargo,\u00a0<strong>el peligro no desapareci\u00f3 con la decisi\u00f3n de la mayor\u00eda en las urnas<\/strong>. En las primeras horas, luego de conocerse la noticia, los contendientes aceptaron la arrolladora victoria del MAS, exceptuando a Luis Fernando Camacho, candidato por la alianza Creemos y ex l\u00edder c\u00edvico que fue parte del golpe de estado en el 2019, quien prefiri\u00f3 esperar hasta que finalizara el conteo oficial de votos.\u00a0<strong>En los escuetos pronunciamientos de cada uno de ellos, hay pistas de desaf\u00edos futuros que le tocar\u00e1 enfrentar al binomio ganador: Luis Arce-David Choquehuanca<\/strong>. El candidato Carlos Mesa, quien qued\u00f3 segundo en las elecciones, felicit\u00f3 a los ganadores pero advirti\u00f3 que aceptaba el mandato que el pueblo le hab\u00eda dado: \u201cNos toca ser la cabeza de la oposici\u00f3n. Honraremos a Bolivia\u201d, asegur\u00f3 en su cuenta de Twitter.<\/p>\n<p>Por su parte Camacho, con un tono mesi\u00e1nico, crucifijo en mano, enfatiz\u00f3 que cumplir\u00e1 con el rol de oposici\u00f3n que le dio el pueblo en las urnas. Agreg\u00f3 que no permitir\u00e1 que se persiga y procese a los que se levantaron \u201ccontra la tiran\u00eda\u201d del gobierno de Evo Morales. Era previsible que ambos candidatos comenzaran ahora a disputarse el liderazgo en la oposici\u00f3n e, incluso, traten de evadir toda culpa y responsabilidad como protagonistas del golpe de estado del 2019. Sin embargo, estas declaraciones dan cuenta de luchas intestinas venideras. Se avizora un complejo per\u00edodo de conflictos dentro de la Asamblea Legislativa Plurinacional, donde el MAS no logr\u00f3 los dos tercios acostumbrados, aunque conserva la mayor\u00eda simple.<\/p>\n<p><a href=\"http:\/\/localhost\/debateplural\/wp-content\/uploads\/2020\/10\/10220725_xl.jpg\"><img loading=\"lazy\" decoding=\"async\" class=\"alignnone size-full wp-image-43104\" src=\"http:\/\/localhost\/debateplural\/wp-content\/uploads\/2020\/10\/10220725_xl.jpg\" alt=\"\" width=\"880\" height=\"495\" srcset=\"https:\/\/debateplural.net\/site\/wp-content\/uploads\/2020\/10\/10220725_xl.jpg 880w, https:\/\/debateplural.net\/site\/wp-content\/uploads\/2020\/10\/10220725_xl-300x169.jpg 300w, https:\/\/debateplural.net\/site\/wp-content\/uploads\/2020\/10\/10220725_xl-768x432.jpg 768w, https:\/\/debateplural.net\/site\/wp-content\/uploads\/2020\/10\/10220725_xl-810x456.jpg 810w\" sizes=\"(max-width: 880px) 100vw, 880px\" \/><\/a><\/p>\n<p>La tensi\u00f3n ha estado presente durante el proceso electoral y parece que va a extenderse hasta que se produzca la trasmisi\u00f3n del mandato, el 8 de noviembre, y quiz\u00e1s un poco m\u00e1s.\u00a0<strong>La excesiva militarizaci\u00f3n del pa\u00eds en el per\u00edodo de los comicios, las amenazas del ministro Murillo y la autoproclamada A\u00f1ez, enrarecieron el ambiente y, aunque no ocurrieron hechos notables de violencia, mantuvieron en vilo a los ciudadanos. El retraso de los resultados a boca de urna, avalado por los inaceptables pretextos de las encuestadoras, fue sin dudas parte de una estrategia distractora para provocar cualquier levantamiento popular y anular los resultados<\/strong>. Afortunadamente, la alocuci\u00f3n de Evo Morales desde Argentina felicitando a los ganadores y luego la exigencia de Sebasti\u00e1n Michel, vocero de la campa\u00f1a del MAS, ejercieron presi\u00f3n sobre el gobierno y tuvieron que romper con el silencio y al filo de la medianoche anunciar a los ganadores en primera vuelta, de acuerdo con los resultados a boca de urna.<\/p>\n<p>No obstante, el riesgo de un golpe de estado o de una convulsi\u00f3n social a\u00fan est\u00e1 latente.\u00a0<strong>La susceptibilidad de los \u201cPititas\u201d<a href=\"http:\/\/www.cubadebate.cu\/opinion\/2020\/10\/29\/el-camino-a-la-recuperacion-de-la-democracia-en-bolivia-es-un-campo-minado\/#_ftn1\" name=\"_ftnref1\">[1]<\/a>\u00a0y su incapacidad de aceptar la derrota y la complicidad silenciosa del gobierno de facto, convierte en un campo minado el camino de la recuperaci\u00f3n de la democracia en Bolivia<\/strong>. Peligrosas acciones de diferentes sectores de la oposici\u00f3n dan cuenta de ello.<\/p>\n<p><strong>La lista la encabeza Jeanine A\u00f1ez<\/strong>, quien tras destituir por mandato de la Asamblea Legislativa Plurinacional al ministro de Gobierno, Arturo Murillo, y al ministro de Educaci\u00f3n, V\u00edctor Hugo C\u00e1rdenas,<a href=\"http:\/\/www.cubadebate.cu\/opinion\/2020\/10\/29\/el-camino-a-la-recuperacion-de-la-democracia-en-bolivia-es-un-campo-minado\/#_ftn2\" name=\"_ftnref2\">[2]<\/a>\u00a0desafi\u00f3 al Parlamento y los restituy\u00f3 al d\u00eda siguiente. De esa manera dejaba en evidencia \u201csu civilizado y r\u00e1pido pronunciamiento de aceptaci\u00f3n del resultado de las elecciones\u201d.\u00a0<strong>Aun con el poder de decidir y con tan oscura trayectoria hay sobradas razones para sospechar de sus futuras acciones.<\/strong><\/p>\n<p>El grueso de las protestas de la derecha, luego de las elecciones, se concentr\u00f3 fundamentalmente en Cochabamba y Santa Cruz. En este \u00faltimo departamento la Uni\u00f3n Juvenil Cruce\u00f1ista (UJC), reconocida organizaci\u00f3n con tendencia fascista, organiz\u00f3 un paro por 48 horas, que no fue secundado masivamente por la poblaci\u00f3n. Este fracasado intento de cuestionar el resultado del Tribunal Supremo Electoral trajo controversia entre la UJC y el Comit\u00e9 C\u00edvico de Santa Cruz, a quienes reclamaron por falta de apoyo y les acusaron de haberlos utilizado durante el golpe del 2019.<\/p>\n<p>El pasado 26 de octubre, un grupo de alrededor de 700 mujeres arrodilladas frente a la Octava Divisi\u00f3n del Ej\u00e9rcito en Santa Cruz, rogaron a Dios y a los militares intervenir y establecer una junta militar. Esta lamentable escena fue duramente criticada por ciudadanos e instituciones: \u201cSon un grupo de fundamentalistas religiosos que tienen intereses que no son del conjunto de la poblaci\u00f3n porque esos fanatismos religiosos ocurren en todas partes , algunos de los fundamentalistas religiosos son intolerantes con lo que ser\u00edan los derechos humanos de las personas y suponen que sus actitudes y decisiones son m\u00e1s importantes, negando que existen otras culturas y otras formas de ver y pensar, esas actitudes intolerantes, en muchos casos, han dado lugar a posturas fascistas\u201d.<a href=\"http:\/\/www.cubadebate.cu\/opinion\/2020\/10\/29\/el-camino-a-la-recuperacion-de-la-democracia-en-bolivia-es-un-campo-minado\/#_ftn3\" name=\"_ftnref3\">[3]<\/a><\/p>\n<p><strong>Este \u201cpedido religioso y pac\u00edfico\u201d no es m\u00e1s que un llamado a la violencia, a un golpe de estado que anule la constitucionalidad, que condene la democracia y junto a ella vulnere constantemente los m\u00e1s elementales derechos humanos de la poblaci\u00f3n<\/strong>. Por inveros\u00edmil que parezca, en Bolivia, en pleno siglo XXI, han ocurrido dos eventos completamente opuestos. Por un lado, un grupo de mujeres \u2013la mayor parte de clase media\u2013 arrodilladas clamando por violencia para imponer la voluntad de su clase; mientras en La Paz, Patricia Arce, la ex alcaldesa de Vinto que fue ultrajada y humillada por grupos extremistas de la derecha en 2019, recib\u00eda sus credenciales como senadora para representar al pueblo humilde y trabajador.<\/p>\n<blockquote><p>De acuerdo con el soci\u00f3logo Jos\u00e9 Antonio Mart\u00ednez Monta\u00f1o: \u201cLas personas que han asumido esa actitud, b\u00e1sicamente desconocen la historia, parece que no han vivido las dictaduras en Bolivia, porque en la dictadura de Barrientos, la de Banzer, de Natusch Bush, de Garc\u00eda Mesa, los ciudadanos bolivianos perdieron los m\u00e1s elementales derechos como personas, entonces pedir que las Fuerzas Armadas se hagan cargo es una insensatez\u201d.<\/p><\/blockquote>\n<p>Sin embargo, este hecho nos lleva a otras lecturas m\u00e1s all\u00e1 de una memoria hist\u00f3rica corta,\u00a0<strong>se trata de una lucha de clases, que en forma de conflicto y cr\u00edmenes por odio y racismo, desafortunadamente promete mantenerse en el escenario boliviano indefinidamente<\/strong>.<\/p>\n<p>Sin embargo, el gobierno de Jeanine A\u00f1ez, aun en funciones, se mantiene en un silencio c\u00f3mplice.\u00a0<strong>Ser\u00eda bueno preguntar a la presidenta donde est\u00e1 la mano dura para tratar a \u201clos violentos que no quieren la democracia\u201d, tal y como anunci\u00f3 d\u00edas antes de las elecciones<\/strong>. Es sencilla la respuesta: en su imaginario racista, \u201clos masistas, indios, bestias salvajes\u201d son los violentos que, cuando bloquean las ciudades para reclamar por sus derechos ciudadanos, est\u00e1n cometiendo actos terroristas o de sedici\u00f3n, mientras que los c\u00edvicos de Santa Cruz que paralizaron esa ciudad por 21 d\u00edas impidiendo a la poblaci\u00f3n buscar sus alimentos y acudir a sus trabajos, eso no es terrorismo, \u201ceso es una forma democr\u00e1tica y civilizada de hacer valer sus derechos ciudadanos\u201d. As\u00ed es como la derecha golpista interpreta estos hechos.<\/p>\n<p>Los acontecimientos de las \u00faltimas horas son se\u00f1ales preocupantes. En cinco de los nueve departamentos han tenido lugar protestas de los opositores al MAS, ante la actualizaci\u00f3n de los reglamentos de la Asamblea Legislativa Plurinacional. Esta medida, dirigida a dinamizar la aprobaci\u00f3n de leyes en funci\u00f3n de contrarrestar la crisis sanitaria y econ\u00f3mica que vive el pa\u00eds, ha sido interpretada como el irrespeto del MAS a la democracia. Las movilizaciones han llegado acompa\u00f1adas de amenazas de paro y de no reconocimiento de los resultados de las elecciones.<\/p>\n<p>La derecha muestra su lado hip\u00f3crita, ahora sus acciones son muy apegadas a la democracia. La bancada de Comunidad Ciudadana y el propio Carlos Mesa amenazaron con no asistir a la toma de posesi\u00f3n de Luis Arce si la Asamblea no rectifica esos cambios. Precisamente Mesa, el mismo que convoc\u00f3 a la convulsi\u00f3n social, a la sedici\u00f3n en 2019 y que se mantuvo callado ante el ilegal ascenso de militares por decreto de Jeanine A\u00f1ez, ahora le exige al presidente electo que presione a la Asamblea. En una posici\u00f3n autoritaria y antidemocr\u00e1tica le pide que anule estas decisiones pasando por encima del equilibrio de poderes, sobreponiendo la autoridad del poder ejecutivo sobre el legislativo, cuando en todo caso toca a la autoproclamada A\u00f1ez, todav\u00eda en funciones, sugerir y no efectuar cualquiera de estos cambios.<\/p>\n<p>La oposici\u00f3n sabe que se necesita solo una chispa para provocar la desestabilizaci\u00f3n y est\u00e1 utilizando todos sus recursos y estrategias. Cualquier acontecimiento puede ser el detonante. Las provocaciones no cesan. Desafortunadamente, hoy falleci\u00f3 el dirigente minero Orlando Guti\u00e9rrez, quien se encontraba hospitalizado, tras sufrir un atentado. La vida del joven que dio el ultim\u00e1tum a A\u00f1ez en agosto:\u00a0<strong>\u201cO te vas con una elecci\u00f3n democr\u00e1tica o te vas con una convulsi\u00f3n social, porque el pueblo est\u00e1 cansado\u201d<\/strong>\u00a0ha sido truncada tempranamente. \u00bfEste lamentable hecho es una provocaci\u00f3n o una amenaza? o quiz\u00e1s ambas cosas?<\/p>\n<p>Los siguientes d\u00edas hasta el 8 de noviembre, cuando se oficialice la trasmisi\u00f3n de mando, transcurrir\u00e1n marcados por la tensi\u00f3n y la incertidumbre que significan caminar sobre un campo minado.\u00a0<strong>El Movimiento al Socialismo se enfrenta al reto de responder con paciencia y sabidur\u00eda a los ataques de la derecha que intenta desesperadamente impedir la recuperaci\u00f3n de la democracia en el Estado Plurinacional de Bolivia. Se ha ganado una batalla en las urnas pero la lucha sigue.<\/strong><\/p>\n","protected":false},"excerpt":{"rendered":"<p>Orietta E. Hern\u00e1ndez Berm\u00fadez (Cubadebate, 29-10-20) &nbsp; El 18 de octubre de 2020, el pueblo boliviano dio una lecci\u00f3n de democracia al mundo entero, cuando\u00a0en las urnas el 55,1% decidi\u00f3 el retorno del Movimiento al Socialismo al gobierno. Esta contundente victoria, adem\u00e1s de poner fin a los largos 11 meses del gobierno de facto de [&hellip;]<\/p>\n","protected":false},"author":1,"featured_media":43399,"comment_status":"open","ping_status":"open","sticky":false,"template":"","format":"standard","meta":{"footnotes":""},"categories":[14,12],"tags":[],"class_list":["post-43534","post","type-post","status-publish","format-standard","has-post-thumbnail","hentry","category-internacionales","category-politica-3"],"_links":{"self":[{"href":"https:\/\/debateplural.net\/site\/wp-json\/wp\/v2\/posts\/43534"}],"collection":[{"href":"https:\/\/debateplural.net\/site\/wp-json\/wp\/v2\/posts"}],"about":[{"href":"https:\/\/debateplural.net\/site\/wp-json\/wp\/v2\/types\/post"}],"author":[{"embeddable":true,"href":"https:\/\/debateplural.net\/site\/wp-json\/wp\/v2\/users\/1"}],"replies":[{"embeddable":true,"href":"https:\/\/debateplural.net\/site\/wp-json\/wp\/v2\/comments?post=43534"}],"version-history":[{"count":1,"href":"https:\/\/debateplural.net\/site\/wp-json\/wp\/v2\/posts\/43534\/revisions"}],"predecessor-version":[{"id":43535,"href":"https:\/\/debateplural.net\/site\/wp-json\/wp\/v2\/posts\/43534\/revisions\/43535"}],"wp:featuredmedia":[{"embeddable":true,"href":"https:\/\/debateplural.net\/site\/wp-json\/wp\/v2\/media\/43399"}],"wp:attachment":[{"href":"https:\/\/debateplural.net\/site\/wp-json\/wp\/v2\/media?parent=43534"}],"wp:term":[{"taxonomy":"category","embeddable":true,"href":"https:\/\/debateplural.net\/site\/wp-json\/wp\/v2\/categories?post=43534"},{"taxonomy":"post_tag","embeddable":true,"href":"https:\/\/debateplural.net\/site\/wp-json\/wp\/v2\/tags?post=43534"}],"curies":[{"name":"wp","href":"https:\/\/api.w.org\/{rel}","templated":true}]}}