{"id":4355,"date":"2016-03-14T20:47:07","date_gmt":"2016-03-14T20:47:07","guid":{"rendered":"http:\/\/debateplural.com\/?p=4355"},"modified":"2016-06-23T13:57:59","modified_gmt":"2016-06-23T13:57:59","slug":"objetivos-cumplidos-putin-ordena-la-retirada-de-los-militares-rusos-de-siria","status":"publish","type":"post","link":"https:\/\/debateplural.net\/site\/2016\/03\/14\/objetivos-cumplidos-putin-ordena-la-retirada-de-los-militares-rusos-de-siria\/","title":{"rendered":"\"Objetivos cumplidos\": Putin ordena la retirada de los militares rusos de Siria"},"content":{"rendered":"<div id=\"attachment_3524\" style=\"width: 715px\" class=\"wp-caption aligncenter\"><img loading=\"lazy\" decoding=\"async\" aria-describedby=\"caption-attachment-3524\" class=\"size-full wp-image-3524\" src=\"http:\/\/tripletecnologia.com\/website\/debateplural\/wp-content\/uploads\/2016\/03\/vladimir-putin-3.jpg\" alt=\"Vladimir Putin\" width=\"705\" height=\"381\" \/><p id=\"caption-attachment-3524\" class=\"wp-caption-text\">Vladimir Putin<\/p><\/div>\n<p style=\"text-align:justify;\">El presidente ruso ha ordenado la retirada del personal militar de <a href=\"http:\/\/localhost\/debateplural\/tag\/siria\">Siria <\/a>a partir del martes ya que \"se han cumplido los objetivos\".<\/p>\n<p style=\"text-align:justify;\">El mandatario ruso, <a href=\"http:\/\/localhost\/debateplural\/tag\/vladimir-putin\">Vlad\u00edmir Putin<\/a>, ha discutido con su hom\u00f3logo sirio, <a href=\"http:\/\/localhost\/debateplural\/tag\/bashar-al-asad\">Bashar al Asad<\/a>, el inicio de la retirada de las fuerzas rusas de Siria, seg\u00fan la <a href=\"http:\/\/kremlin.ru\/events\/president\/news\/51512\" target=\"_blank\">p\u00e1gina<\/a>\u00a0oficial del presidente ruso.<!--more--><\/p>\n<p style=\"text-align:justify;\">\"El objetivo asignado al Ministerio de Defensa y las Fuerzas Armadas en su conjunto ha sido cumplido, de manera que orden\u00e9 iniciar a partir de ma\u00f1ana la retirada de la parte principal de nuestros grupos \u00a0militares de la Rep\u00fablica \u00c1rabe Siria\", dijo Putin.<\/p>\n<p style=\"text-align:justify;\"><a href=\"http:\/\/localhost\/debateplural\/tag\/rusia\">Rusia<\/a> form\u00f3 en un corto plazo un grupo peque\u00f1o pero muy eficaz de fuerzas militares en Siria integrado por inteligencia c\u00f3smica, aviones no tripulados, aviones de combate y las fuerzas de la Armada que utilizan las armas m\u00e1s modernas.<\/p>\n<p style=\"text-align:justify;\">\"Hemos creado un poderoso sistema de defensa de misiles que incluye los sistemas m\u00e1s avanzados, como el<a href=\"https:\/\/actualidad.rt.com\/actualidad\/200961-rusia-cerrar-cielo-siberia-s400\" target=\"_blank\" rel=\"up\"> S-400<\/a>. El trabajo eficaz de nuestros militares ha creado las condiciones para el inicio del proceso de paz\", declar\u00f3 el presidente.<\/p>\n<div style=\"text-align:justify;\"><\/div>\n<div style=\"text-align:justify;\"><strong>Las esperanzas de Mosc\u00fa<\/strong><\/div>\n<div style=\"text-align:justify;\">\n<p>Putin ha destacado tambi\u00e9n que la participaci\u00f3n de los militares rusos ayud\u00f3 al Ej\u00e9rcito sirio a lograr <a href=\"https:\/\/actualidad.rt.com\/actualidad\/201728-estado-islamico-retrocede-raqa-avances-gobierno\" target=\"_blank\" rel=\"up\">cambios<\/a>\u00a0dr\u00e1sticos en la lucha contra el terrorismo internacional y a tomar la iniciativa en pr\u00e1cticamente todas las direcciones.<\/p>\n<p>\"Espero que la decisi\u00f3n de hoy sea una buena se\u00f1al para todas las partes del conflicto. Espero que tambi\u00e9n eleve significativamente el nivel de confianza de todos los participantes en el proceso de resoluci\u00f3n de la situaci\u00f3n en Siria\", a\u00f1adi\u00f3.<\/p>\n<p>Asimismo, Putin orden\u00f3 al Ministerio de Asuntos Exteriores de Rusia intensificar la participaci\u00f3n del pa\u00eds en la organizaci\u00f3n del <a href=\"https:\/\/actualidad.rt.com\/actualidad\/200714-alto-fuego-siria-actores-guerra\" target=\"_blank\" rel=\"up\">proceso de paz<\/a>\u00a0en Siria.<\/p>\n<\/div>\n<p>[facebook url=\"https:\/\/www.facebook.com\/esRTmedia\/videos\/1703419186607712\/\" \/]<\/p>\n","protected":false},"excerpt":{"rendered":"<p>El presidente ruso ha ordenado la retirada del personal militar de Siria a partir del martes ya que \"se han cumplido los objetivos\". El mandatario ruso, Vlad\u00edmir Putin, ha discutido con su hom\u00f3logo sirio, Bashar al Asad, el inicio de la retirada de las fuerzas rusas de Siria, seg\u00fan la p\u00e1gina\u00a0oficial del presidente ruso.<\/p>\n","protected":false},"author":1,"featured_media":0,"comment_status":"open","ping_status":"open","sticky":false,"template":"","format":"standard","meta":{"footnotes":""},"categories":[14],"tags":[54,40,41,42],"class_list":["post-4355","post","type-post","status-publish","format-standard","hentry","category-internacionales","tag-estado-islamico","tag-rusia","tag-siria","tag-vladimir-putin"],"_links":{"self":[{"href":"https:\/\/debateplural.net\/site\/wp-json\/wp\/v2\/posts\/4355"}],"collection":[{"href":"https:\/\/debateplural.net\/site\/wp-json\/wp\/v2\/posts"}],"about":[{"href":"https:\/\/debateplural.net\/site\/wp-json\/wp\/v2\/types\/post"}],"author":[{"embeddable":true,"href":"https:\/\/debateplural.net\/site\/wp-json\/wp\/v2\/users\/1"}],"replies":[{"embeddable":true,"href":"https:\/\/debateplural.net\/site\/wp-json\/wp\/v2\/comments?post=4355"}],"version-history":[{"count":1,"href":"https:\/\/debateplural.net\/site\/wp-json\/wp\/v2\/posts\/4355\/revisions"}],"predecessor-version":[{"id":7301,"href":"https:\/\/debateplural.net\/site\/wp-json\/wp\/v2\/posts\/4355\/revisions\/7301"}],"wp:attachment":[{"href":"https:\/\/debateplural.net\/site\/wp-json\/wp\/v2\/media?parent=4355"}],"wp:term":[{"taxonomy":"category","embeddable":true,"href":"https:\/\/debateplural.net\/site\/wp-json\/wp\/v2\/categories?post=4355"},{"taxonomy":"post_tag","embeddable":true,"href":"https:\/\/debateplural.net\/site\/wp-json\/wp\/v2\/tags?post=4355"}],"curies":[{"name":"wp","href":"https:\/\/api.w.org\/{rel}","templated":true}]}}