{"id":43902,"date":"2020-11-19T16:54:30","date_gmt":"2020-11-19T20:54:30","guid":{"rendered":"http:\/\/debateplural.com\/?p=43902"},"modified":"2020-11-19T16:54:30","modified_gmt":"2020-11-19T20:54:30","slug":"dia-de-la-filosofia-en-todos-los-paises-del-mundo-2","status":"publish","type":"post","link":"https:\/\/debateplural.net\/site\/2020\/11\/19\/dia-de-la-filosofia-en-todos-los-paises-del-mundo-2\/","title":{"rendered":"\u201cD\u00eda de la Filosof\u00eda\u201d en todos los pa\u00edses del mundo"},"content":{"rendered":"<p>Por: Angel Moreta (Autor-Editor)<\/p>\n<h3><\/h3>\n<h3 style=\"text-align: center;\">(Resoluci\u00f3n No.33C-45, del 29 de julio de 2005 de la UNESCO)<\/h3>\n<p>&nbsp;<\/p>\n<p>El Instituto de Investigaciones Filos\u00f3ficas de la Universidad Aut\u00f3noma de Santo Domingo, en el d\u00eda de hoy 19 de noviembre del corriente a\u00f1o 2020, felicita a los profesores e investigadores de los saberes human\u00edsticos, particularmente de los saberes filos\u00f3ficos, por conmemorarse el D\u00eda Internacional de la filosof\u00eda.<\/p>\n<p>En gran parte de las sociedades del mundo se cuestiona la utilidad de la filosof\u00eda, y casi siempre se producen respuestas diferentes, unas justific\u00e1ndola y otras cuestion\u00e1ndola.<\/p>\n<p>La respuesta a este problema podemos encontrarla en la historia, teniendo siempre presente que, a diferencia del profesor, el fil\u00f3sofo es un pensador sobre las m\u00e1s profundas circunstancias del mundo global en crisis; y construye y organiza intelectualmente conceptualizaciones sobre este mundo perplejo y sobre las diferentes construcciones sobre el cosmos.<\/p>\n<p>De aqu\u00ed se desprende que la actitud coherente del pensador debe ser siempre la cr\u00edtica de la esclavizante realidad actual, y de construcciones enajenadoras del mundo contempor\u00e1neo, todo bajo un esquema de aut\u00e9ntica emancipaci\u00f3n, que no es un esquema especifico y mec\u00e1nico del mundo real, sino el del pensador libre y militante del dialogo abierto, sin prejuicios, con fundamentaci\u00f3n conceptual aguda y con aptitud insoslayable y valiente para destruir las mentiras globales y defender las verdades hist\u00f3ricas que ayudaran a la liberaci\u00f3n de la humanidad.<\/p>\n<div id=\"attachment_17600\" style=\"width: 587px\" class=\"wp-caption aligncenter\"><a href=\"http:\/\/localhost\/debateplural\/wp-content\/uploads\/2017\/07\/f.jpg\"><img loading=\"lazy\" decoding=\"async\" aria-describedby=\"caption-attachment-17600\" class=\" wp-image-17600\" src=\"http:\/\/localhost\/debateplural\/wp-content\/uploads\/2017\/07\/f.jpg\" alt=\"\" width=\"577\" height=\"599\" \/><\/a><p id=\"caption-attachment-17600\" class=\"wp-caption-text\">Filosofia<\/p><\/div>\n<p>Siempre rechazando la marginaci\u00f3n de los colectivos humanos, la humillaci\u00f3n y el arrodillamiento del pensador que ejercita permanentemente su desarrollo intelectual contra el <strong>pensamiento \u00fanico,<\/strong> contra el mundo unipolar, el mundo autoritario y desp\u00f3tico; el mundo complejo y contradictorio, en el cual dominan el fetichismo, la falsa conciencia, la conciencia ideol\u00f3gica, la inversi\u00f3n de la realidad hist\u00f3rica y la justificaci\u00f3n de la injusticia.<\/p>\n<p>Jam\u00e1s fil\u00f3sofos arrodillados al sistema de enajenaci\u00f3n vigente, humillados; jam\u00e1s pensadores timoratos frente a un pensamiento cr\u00edtico y creador, bajo una \u00e9tica del pensador-investigador, que no tiene ning\u00fan miedo o vacilaci\u00f3n para la b\u00fasqueda de la \u00a0autenticidad, y enfrentar la mentira de aquellos que siempre procuran valerse de los medios contempor\u00e1neos para inyectar sus ideologizaciones negativas y hegem\u00f3nicas, vengan de donde vengan.<\/p>\n<p>El fil\u00f3sofo recurre y recorre d\u00eda por d\u00eda la historia y la praxis en b\u00fasqueda de la emancipaci\u00f3n mental, intelectual; contra aquellos que sustentan d\u00eda tras d\u00eda la inversi\u00f3n de la verdad, la inversi\u00f3n de valores y la enajenaci\u00f3n de los pueblos.<\/p>\n<p>El Instituto de Investigaciones Filos\u00f3ficas de la Universidad Aut\u00f3noma de Santo Domingo, felicita a todos los profesores, pensadores y libre pensadores; investigadores de los saberes human\u00edsticos siempre con indeclinable trayectoria hacia la emancipaci\u00f3n espiritual y vocaci\u00f3n a la cr\u00edtica del presente global.<\/p>\n<p>Y a los aspirantes a fil\u00f3sofos les recomendamos pensar y actuar siempre a favor de un mejoramiento de la humanidad y en contra de las estructuras de la oscuridad, de la manipulaci\u00f3n, y de la enajenaci\u00f3n que pretende siempre oscurecer las mentalidades colectivas.<\/p>\n<p>En Sato Domingo, Distrito Nacional, capital de la Rep\u00fablica Dominicana, a los diecinueve (19) d\u00edas del mes de noviembre del a\u00f1o dos mil veinte (2020).<\/p>\n<p>Angel Moreta<\/p>\n<p>Profesor-Investigador<\/p>\n<p>Instituto de Investigaciones Filos\u00f3ficas<\/p>\n","protected":false},"excerpt":{"rendered":"<p>Por: Angel Moreta (Autor-Editor) (Resoluci\u00f3n No.33C-45, del 29 de julio de 2005 de la UNESCO) &nbsp; El Instituto de Investigaciones Filos\u00f3ficas de la Universidad Aut\u00f3noma de Santo Domingo, en el d\u00eda de hoy 19 de noviembre del corriente a\u00f1o 2020, felicita a los profesores e investigadores de los saberes human\u00edsticos, particularmente de los saberes filos\u00f3ficos, [&hellip;]<\/p>\n","protected":false},"author":2,"featured_media":37143,"comment_status":"open","ping_status":"open","sticky":false,"template":"","format":"standard","meta":{"footnotes":""},"categories":[15,5],"tags":[],"class_list":["post-43902","post","type-post","status-publish","format-standard","has-post-thumbnail","hentry","category-educacion","category-nacionales"],"_links":{"self":[{"href":"https:\/\/debateplural.net\/site\/wp-json\/wp\/v2\/posts\/43902"}],"collection":[{"href":"https:\/\/debateplural.net\/site\/wp-json\/wp\/v2\/posts"}],"about":[{"href":"https:\/\/debateplural.net\/site\/wp-json\/wp\/v2\/types\/post"}],"author":[{"embeddable":true,"href":"https:\/\/debateplural.net\/site\/wp-json\/wp\/v2\/users\/2"}],"replies":[{"embeddable":true,"href":"https:\/\/debateplural.net\/site\/wp-json\/wp\/v2\/comments?post=43902"}],"version-history":[{"count":1,"href":"https:\/\/debateplural.net\/site\/wp-json\/wp\/v2\/posts\/43902\/revisions"}],"predecessor-version":[{"id":43926,"href":"https:\/\/debateplural.net\/site\/wp-json\/wp\/v2\/posts\/43902\/revisions\/43926"}],"wp:featuredmedia":[{"embeddable":true,"href":"https:\/\/debateplural.net\/site\/wp-json\/wp\/v2\/media\/37143"}],"wp:attachment":[{"href":"https:\/\/debateplural.net\/site\/wp-json\/wp\/v2\/media?parent=43902"}],"wp:term":[{"taxonomy":"category","embeddable":true,"href":"https:\/\/debateplural.net\/site\/wp-json\/wp\/v2\/categories?post=43902"},{"taxonomy":"post_tag","embeddable":true,"href":"https:\/\/debateplural.net\/site\/wp-json\/wp\/v2\/tags?post=43902"}],"curies":[{"name":"wp","href":"https:\/\/api.w.org\/{rel}","templated":true}]}}