{"id":44028,"date":"2020-11-26T11:22:57","date_gmt":"2020-11-26T15:22:57","guid":{"rendered":"http:\/\/debateplural.com\/?p=44028"},"modified":"2020-11-26T11:22:57","modified_gmt":"2020-11-26T15:22:57","slug":"ee-uu-esta-de-regreso-dice-biden-al-presentar-a-su-secretario-de-estado","status":"publish","type":"post","link":"https:\/\/debateplural.net\/site\/2020\/11\/26\/ee-uu-esta-de-regreso-dice-biden-al-presentar-a-su-secretario-de-estado\/","title":{"rendered":"EE.UU. \u00abest\u00e1 de regreso\u00bb, dice Biden al presentar a su secretario de Estado"},"content":{"rendered":"<p>David Brooks (La Jornada, 26-11-20)<\/p>\n<p>&nbsp;<\/p>\n<div>\n<p>La tarea encomendada por el presidente electo a su equipo es \u00abrestaurar el liderazgo global y moral\u00bb de Washington. Vuelven viejos esquemas.<\/p>\n<\/div>\n<div id=\"cols\">\n<p>Estados Unidos est\u00e1 de regreso, fue la consigna del presidente electo Joe Biden al presentar a su equipo de pol\u00edtica exterior, anunciando as\u00ed lo que llaman el liderazgo estadunidense en el mundo despu\u00e9s de cuatro a\u00f1os de pol\u00edticas de aislamiento y unilateralismo promovido por el gobierno de Donald Trump.<\/p>\n<p>Al presentar a su equipo de pol\u00edtica exterior y seguridad nacional, Biden declar\u00f3 que ellos restaurar\u00e1n el liderazgo global y moral del pa\u00eds. Es un equipo que refleja que Estados Unidos ha regresado listo para liderar al mundo, no para alejarse de \u00e9l.<\/p>\n<p>A la cabeza de esa misi\u00f3n est\u00e1 Antony Blinken, designado pr\u00f3ximo secretario de Estado, con amplia experiencia en pol\u00edtica exterior tras desempe\u00f1ar diversos puestos de alto rango en el Departamento de Estado, la Casa Blanca y el Senado, y uno de los consejeros m\u00e1s cercanos de Biden durante m\u00e1s de 20 a\u00f1os. Adem\u00e1s, es rockero.<\/p>\n<p>Esa larga experiencia est\u00e1 repleta de declaraciones y decisiones que revelan a Blinken como un firme creyente en la doctrina de Estados Unidos como poder indispensable en el mundo.<\/p>\n<p><a href=\"http:\/\/localhost\/debateplural\/wp-content\/uploads\/2020\/11\/thumbs_b_c_93c287dc80413ba7ca9d2a46bdae4009.jpg\"><img loading=\"lazy\" decoding=\"async\" class=\"aligncenter size-full wp-image-44031\" src=\"http:\/\/localhost\/debateplural\/wp-content\/uploads\/2020\/11\/thumbs_b_c_93c287dc80413ba7ca9d2a46bdae4009.jpg\" alt=\"\" width=\"863\" height=\"486\" srcset=\"https:\/\/debateplural.net\/site\/wp-content\/uploads\/2020\/11\/thumbs_b_c_93c287dc80413ba7ca9d2a46bdae4009.jpg 863w, https:\/\/debateplural.net\/site\/wp-content\/uploads\/2020\/11\/thumbs_b_c_93c287dc80413ba7ca9d2a46bdae4009-300x169.jpg 300w, https:\/\/debateplural.net\/site\/wp-content\/uploads\/2020\/11\/thumbs_b_c_93c287dc80413ba7ca9d2a46bdae4009-768x433.jpg 768w, https:\/\/debateplural.net\/site\/wp-content\/uploads\/2020\/11\/thumbs_b_c_93c287dc80413ba7ca9d2a46bdae4009-810x456.jpg 810w\" sizes=\"(max-width: 863px) 100vw, 863px\" \/><\/a><\/p>\n<p>Blinken y sus aliados creen que Rusia y China son los principales adversarios geopol\u00edticos, y que se requiere una mezcla de diplomacia activa y disuasi\u00f3n militar para una pol\u00edtica exterior efectiva, seg\u00fan escribi\u00f3 junto con Robert Kagan, intelectual neoconservador, para Brookings Institution a principios de 2019. Blinken y Kagan escribieron que el presidente que gane en 2020 \u201cenfrentar\u00e1 un mundo cada vez m\u00e1s peligroso que se parece m\u00e1s a los a\u00f1os 30\u2026 con populistas, nacionalistas y demagogos surgiendo, poderes autocr\u00e1ticos fortalecidos y cada vez m\u00e1s agresivos\u2026 y la democracia bajo sitio y vulnerable a la manipulaci\u00f3n extranjera.<\/p>\n<p>\u201cEl mundo no se gobierna a s\u00ed mismo. Si Estados Unidos abdica su papel de liderazgo en dar forma a las reglas e instituciones \u2013y movilizar a otros a defenderlos\u2013 una de dos cosas suceder\u00e1n: alg\u00fan otro poder o poderes entrar\u00e1n y mover\u00e1n al mundo en maneras que avanzan sus intereses y valores, no los nuestros. O, m\u00e1s probable, el mundo descender\u00e1 al caos y al conflicto y la selva nos abrumar\u00e1, tal como fue en los 30\u201d (<a href=\"https:\/\/www.brookings.edu\/blog\/order-from-chaos\/2019\/01\/04\/america-first-is-only-making-the-world-worse-heres-a-better-approach\/\" target=\"_blank\" rel=\"noreferrer noopener\">https:\/\/www.brookings.edu\/blog\/order -from-chaos\/2019\/01\/04\/america- first-is-only-making-the-world-worse- heres-a-better-approach\/<\/a>).<\/p>\n<p>Blinken dijo recientemente que hay una divisi\u00f3n en el mundo entre las tecnodemocracias y las tecnoautocracias, y que la disputa es clave para la direcci\u00f3n del mundo.<\/p>\n<p>En el pasado, Blinken no se ha enfocado particularmente en asuntos latinoamericanos, y durante su estancia en el gobierno de Barack Obama defendi\u00f3 la pol\u00edtica oficial del uso de sanciones contra el gobierno de Nicol\u00e1s Maduro y la promoci\u00f3n de una soluci\u00f3n pac\u00edfica en Venezuela a trav\u00e9s de un di\u00e1logo significativo y finalmente elecciones libres.<\/p>\n<p>En el caso de Cuba, se supone que apoyar\u00e1 la posici\u00f3n de su jefe de volver al deshielo de la relaci\u00f3n bilateral que se dio con Obama, sin dejar de expresar la preocupaci\u00f3n por la represi\u00f3n en ese pa\u00eds. No ha sido un actor p\u00fablico en la relaci\u00f3n bilateral con M\u00e9xico, aunque visit\u00f3 la Ciudad de M\u00e9xico como subsecretario de Estado en abril de 2015, donde particip\u00f3 en reuniones con contrapartes en el gobierno federal, agrupaciones civiles y estudiantes.<\/p>\n<p>Blinken es considerado por cr\u00edticos, como el analista y periodista Robert Wright, editor en\u00a0<em>The New Republic\u00a0<\/em>y fundador de\u00a0<a href=\"https:\/\/twitter.com\/@Nonzeronews\" target=\"_blank\" rel=\"noreferrer noopener\">@Nonzeronews<\/a>, un intervencionista liberal, recordando que asesor\u00f3 a Biden cuando emiti\u00f3 su voto a favor de la guerra contra Irak, algo que no ha reconocido como una invasi\u00f3n ilegal, y favoreci\u00f3 la pol\u00edtica desastrosa hacia Siria, quej\u00e1ndose de que no se enviaron a\u00fan m\u00e1s fuerzas militares. Blinken apoya aplicar el derecho internacional a adversarios, pero tiene poco tiempo para l\u00edmites legales cuando podr\u00edan restringir el comportamiento estadunidense, sostiene Wright. Como ejemplo, se\u00f1ala que Blinken consider\u00f3 la invasi\u00f3n a Panam\u00e1 y la extradici\u00f3n del presidente Manuel Noriega como un uso razonable de fuerza sin reconocer que fue una violaci\u00f3n al derecho internacional.<\/p>\n<p>Vale se\u00f1alar que Blinken, la nueva jefa de inteligencia Avril Haines, el nuevo asesor de Seguridad Nacional Jake Sullivan, y por supuesto John Kerry, nombrado enviado especial para cambio clim\u00e1tico y ex secretario de Estado, como otros que est\u00e1n por ser nombrados, estaban en el gobierno de Obama y apoyaron sus estrategias b\u00e9licas. \u00c9stas incluyeron los asesinatos de precisi\u00f3n con el uso de drones en varios pa\u00edses, as\u00ed como los bombardeos y otras operaciones militares en por lo menos siete pa\u00edses musulmanes; en 2016, el asedio estadunidense a esas naciones lleg\u00f3 a un promedio de 72 bombas por d\u00eda, seg\u00fan un informe del Consejo de Relaciones Exteriores.<\/p>\n<p>Mientras esperaba la oportunidad para regresar al gobierno con los dem\u00f3cratas, Blinken y otros colegas, incluida la ex subsecretaria de Defensa para Pol\u00edtica Michele Flournoy, quien ahora est\u00e1 en la lista de favoritos para ser nombrada como pr\u00f3xima secretaria de Defensa, cofundaron una consultor\u00eda privada llamada WestExec, cuyo negocio era ayudar a empresas de alta tecnolog\u00eda de Silicon Valley a navegar Washington para obtener contratos militares del Pent\u00e1gono y para asesorar a empresas sobre riesgos geopol\u00edticos. Seg\u00fan explic\u00f3 Flournoy a\u00a0<em>The Intercept\u00a0<\/em>en 2018, el objetivo era juntar la seguridad nacional y las empresas de ciberseguridad.<\/p>\n<p>El otro integrante del equipo presentado ayer es Alejandro Mayorkas quien ser\u00e1, una vez rectificado por el Senado con los otros, secretario de Seguridad Interna, el primer inmigrante y latino en ese cargo.<\/p>\n<\/div>\n","protected":false},"excerpt":{"rendered":"<p>David Brooks (La Jornada, 26-11-20) &nbsp; La tarea encomendada por el presidente electo a su equipo es \u00abrestaurar el liderazgo global y moral\u00bb de Washington. Vuelven viejos esquemas. Estados Unidos est\u00e1 de regreso, fue la consigna del presidente electo Joe Biden al presentar a su equipo de pol\u00edtica exterior, anunciando as\u00ed lo que llaman el [&hellip;]<\/p>\n","protected":false},"author":1,"featured_media":43824,"comment_status":"open","ping_status":"open","sticky":false,"template":"","format":"standard","meta":{"footnotes":""},"categories":[14,12],"tags":[],"class_list":["post-44028","post","type-post","status-publish","format-standard","has-post-thumbnail","hentry","category-internacionales","category-politica-3"],"_links":{"self":[{"href":"https:\/\/debateplural.net\/site\/wp-json\/wp\/v2\/posts\/44028"}],"collection":[{"href":"https:\/\/debateplural.net\/site\/wp-json\/wp\/v2\/posts"}],"about":[{"href":"https:\/\/debateplural.net\/site\/wp-json\/wp\/v2\/types\/post"}],"author":[{"embeddable":true,"href":"https:\/\/debateplural.net\/site\/wp-json\/wp\/v2\/users\/1"}],"replies":[{"embeddable":true,"href":"https:\/\/debateplural.net\/site\/wp-json\/wp\/v2\/comments?post=44028"}],"version-history":[{"count":2,"href":"https:\/\/debateplural.net\/site\/wp-json\/wp\/v2\/posts\/44028\/revisions"}],"predecessor-version":[{"id":44032,"href":"https:\/\/debateplural.net\/site\/wp-json\/wp\/v2\/posts\/44028\/revisions\/44032"}],"wp:featuredmedia":[{"embeddable":true,"href":"https:\/\/debateplural.net\/site\/wp-json\/wp\/v2\/media\/43824"}],"wp:attachment":[{"href":"https:\/\/debateplural.net\/site\/wp-json\/wp\/v2\/media?parent=44028"}],"wp:term":[{"taxonomy":"category","embeddable":true,"href":"https:\/\/debateplural.net\/site\/wp-json\/wp\/v2\/categories?post=44028"},{"taxonomy":"post_tag","embeddable":true,"href":"https:\/\/debateplural.net\/site\/wp-json\/wp\/v2\/tags?post=44028"}],"curies":[{"name":"wp","href":"https:\/\/api.w.org\/{rel}","templated":true}]}}