{"id":44123,"date":"2020-12-01T11:17:20","date_gmt":"2020-12-01T15:17:20","guid":{"rendered":"http:\/\/debateplural.com\/?p=44123"},"modified":"2020-12-01T11:17:20","modified_gmt":"2020-12-01T15:17:20","slug":"la-reaccion-de-bolsonaro-ante-el-desastre-decir-fraude","status":"publish","type":"post","link":"https:\/\/debateplural.net\/site\/2020\/12\/01\/la-reaccion-de-bolsonaro-ante-el-desastre-decir-fraude\/","title":{"rendered":"La reacci\u00f3n de Bolsonaro: ante el desastre, decir fraude"},"content":{"rendered":"<div>\n<p>Dario Pignotti (Pagina 12, 1-12-20)<\/p>\n<p>&nbsp;<\/p>\n<p><b>Jair Bolsonaro sufri\u00f3 una derrota categ\u00f3rica en los balotajes celebrados en Sao Paulo y Rio de Janeiro<\/b>, entre otras capitales, de la que surge un cuadro pol\u00edtico incierto.<\/p>\n<\/div>\n<div id=\"cols\">\n<p>En lo inmediato vio como sus adversarios ganaron posiciones t\u00e1cticas y en el largo plazo percibi\u00f3 que\u00a0<strong>su reelecci\u00f3n no puede ser dada como segura<\/strong>. El fantasma de \u00abJair el breve\u00bb, aquel l\u00edder de ultraderecha de ascenso vertiginoso que gobern\u00f3 solo un mandato, comienza a sobrevolar Brasilia.<\/p>\n<p>Brunos Covas del derechista pero no fascista, Partido de la Socialdemocracia Brasile\u00f1a, fue reelecto en Sao Paulo y de inmediato festej\u00f3 junto a su correligionario, el gobernador Joao Doria, precandidato a la presidencia en 2022. Bolsonaro ya era un perdedor seguro en esa metr\u00f3polis que es la locomotora nacional, dado que su apadrinado, Celso Russomano, ni siquiera hab\u00eda logrado pasar al segundo turno en las elecciones 15 de noviembre.<\/p>\n<p>En R\u00edo de Janeiro gano el derechista Eduardo Paes, de Dem\u00f3cratas, imponi\u00e9ndose sobre el pastor Marcelo Crivella, apoyado por el presidente. Esta derrota es del tama\u00f1o de la de Sao Paulo pero golpe\u00f3 a\u00fan m\u00e1s al clan Bolsonaro que tiene en esa ciudad su base territorial, incluyendo la alianza con las milicias parapoliciales. Derrotado en este segundo turno , al igual que en el primero, el ex capit\u00e1n opt\u00f3 por una salida desconcertante: imitar a su colega estadounidense, Donald Trump, denunciando el mismo dia un fraude.<\/p>\n<p><a href=\"http:\/\/localhost\/debateplural\/wp-content\/uploads\/2018\/10\/5bc0e8d4e9180fa8418b4567.jpg\"><img loading=\"lazy\" decoding=\"async\" class=\"aligncenter size-full wp-image-28411\" src=\"http:\/\/localhost\/debateplural\/wp-content\/uploads\/2018\/10\/5bc0e8d4e9180fa8418b4567.jpg\" alt=\"\" width=\"824\" height=\"464\" srcset=\"https:\/\/debateplural.net\/site\/wp-content\/uploads\/2018\/10\/5bc0e8d4e9180fa8418b4567.jpg 824w, https:\/\/debateplural.net\/site\/wp-content\/uploads\/2018\/10\/5bc0e8d4e9180fa8418b4567-300x169.jpg 300w, https:\/\/debateplural.net\/site\/wp-content\/uploads\/2018\/10\/5bc0e8d4e9180fa8418b4567-768x432.jpg 768w, https:\/\/debateplural.net\/site\/wp-content\/uploads\/2018\/10\/5bc0e8d4e9180fa8418b4567-810x456.jpg 810w\" sizes=\"(max-width: 824px) 100vw, 824px\" \/><\/a><\/p>\n<p>Asegur\u00f3 tener informaciones de fuentes propias seg\u00fan las cuales \u00abhubo mucho fraude all\u00e1 (EEUU)\u00bb donde espera que el caso llegue a la Suprema Corte. De esas declaraciones formuladas este domingo tras votar en una villa militar carioca se desprende que\u00a0<strong>no tiene previsto reconocer la victoria del dem\u00f3crata Joe Biden<\/strong>. Semejante lealtad con el republicano Trump causa alarma en el amplio espectro de derecha y ultraderecha, incluyendo parte del generalato, que respald\u00f3 su llegada al Palacio del Planalto en 2019.<\/p>\n<p>Durante la misma rueda de prensa repiti\u00f3 sus dudas sobre las urnas electr\u00f3nicas brasile\u00f1as y mencion\u00f3 con todas las letras la amenaza de un posible \u00abfraude\u00bb, que s\u00f3lo existe en su imaginaci\u00f3n. Vale decir: sembr\u00f3 dudas sobre los comicios municipales de este domingo y anticip\u00f3 lo que puede ser su guerra jur\u00eddica,\u00a0<em>a la Trump<\/em>, si no lograra ser reelecto en 2022. Por cierto la perorata sobre las urnas y el fraude no logra disimular hacia donde apunta Bolsonaro. Su enemigo sigue siendo la democracia.<\/p>\n<\/div>\n","protected":false},"excerpt":{"rendered":"<p>Dario Pignotti (Pagina 12, 1-12-20) &nbsp; Jair Bolsonaro sufri\u00f3 una derrota categ\u00f3rica en los balotajes celebrados en Sao Paulo y Rio de Janeiro, entre otras capitales, de la que surge un cuadro pol\u00edtico incierto. En lo inmediato vio como sus adversarios ganaron posiciones t\u00e1cticas y en el largo plazo percibi\u00f3 que\u00a0su reelecci\u00f3n no puede ser [&hellip;]<\/p>\n","protected":false},"author":1,"featured_media":36724,"comment_status":"open","ping_status":"open","sticky":false,"template":"","format":"standard","meta":{"footnotes":""},"categories":[14,12],"tags":[],"class_list":["post-44123","post","type-post","status-publish","format-standard","has-post-thumbnail","hentry","category-internacionales","category-politica-3"],"_links":{"self":[{"href":"https:\/\/debateplural.net\/site\/wp-json\/wp\/v2\/posts\/44123"}],"collection":[{"href":"https:\/\/debateplural.net\/site\/wp-json\/wp\/v2\/posts"}],"about":[{"href":"https:\/\/debateplural.net\/site\/wp-json\/wp\/v2\/types\/post"}],"author":[{"embeddable":true,"href":"https:\/\/debateplural.net\/site\/wp-json\/wp\/v2\/users\/1"}],"replies":[{"embeddable":true,"href":"https:\/\/debateplural.net\/site\/wp-json\/wp\/v2\/comments?post=44123"}],"version-history":[{"count":1,"href":"https:\/\/debateplural.net\/site\/wp-json\/wp\/v2\/posts\/44123\/revisions"}],"predecessor-version":[{"id":44124,"href":"https:\/\/debateplural.net\/site\/wp-json\/wp\/v2\/posts\/44123\/revisions\/44124"}],"wp:featuredmedia":[{"embeddable":true,"href":"https:\/\/debateplural.net\/site\/wp-json\/wp\/v2\/media\/36724"}],"wp:attachment":[{"href":"https:\/\/debateplural.net\/site\/wp-json\/wp\/v2\/media?parent=44123"}],"wp:term":[{"taxonomy":"category","embeddable":true,"href":"https:\/\/debateplural.net\/site\/wp-json\/wp\/v2\/categories?post=44123"},{"taxonomy":"post_tag","embeddable":true,"href":"https:\/\/debateplural.net\/site\/wp-json\/wp\/v2\/tags?post=44123"}],"curies":[{"name":"wp","href":"https:\/\/api.w.org\/{rel}","templated":true}]}}