{"id":44432,"date":"2020-12-16T12:06:59","date_gmt":"2020-12-16T16:06:59","guid":{"rendered":"http:\/\/debateplural.com\/?p=44432"},"modified":"2020-12-16T12:06:59","modified_gmt":"2020-12-16T16:06:59","slug":"lo-que-revelan-los-resultados-de-la-consulta-de-guaido-o-como-esperar-las-lineas-de-biden","status":"publish","type":"post","link":"https:\/\/debateplural.net\/site\/2020\/12\/16\/lo-que-revelan-los-resultados-de-la-consulta-de-guaido-o-como-esperar-las-lineas-de-biden\/","title":{"rendered":"Lo que revelan los resultados de la consulta de Guaid\u00f3 (o c\u00f3mo esperar las l\u00edneas de Biden)"},"content":{"rendered":"<p>Ociel Al\u00ed L\u00f3pez (Russia Today, 16-12-20)<\/p>\n<p>&nbsp;<\/p>\n<p>Con la consulta convocada por Guaid\u00f3 el pasado fin de semana concluy\u00f3 la agenda pol\u00edtica en Venezuela para este a\u00f1o, que ya se reactivar\u00e1 el pr\u00f3ximo 5 de enero con la juramentaci\u00f3n de la\u00a0<a href=\"https:\/\/actualidad.rt.com\/actualidad\/376117-chavismo-lider-elecciones-parlamentarias-futuro-asamblea\" target=\"_blank\" rel=\"noopener noreferrer\">nueva junta directiva<\/a>\u00a0de\u00a0la Asamblea Nacional, fecha constitucionalmente pautada.<\/p>\n<p>Sin embargo, Guaid\u00f3 y algunos de los diputados opositores que le eligieron como presidente de ese \u00f3rgano legislativo\u00a0han declarado su \"<a href=\"https:\/\/actualidad.rt.com\/opinion\/ociel-ali-lopez\/376511-guaido-apuesta-consulta-prolongar-indefinidamente\" target=\"_blank\" rel=\"noopener noreferrer\">continuidad administrativa<\/a>\" m\u00e1s all\u00e1 del per\u00edodo previsto. Y es aqu\u00ed donde reside\u00a0<strong>el objetivo fundamental<\/strong>\u00a0que buscaba la consulta:\u00a0<strong>legitimar su perpetuaci\u00f3n, a la que no ponen un lapso de t\u00e9rmino definido, una vez culmine el plazo<\/strong>.<\/p>\n<p>La consulta, como respuesta a las parlamentarias, ha sido una v\u00eda que ha generado muchas dudas, incluso al interior de la oposici\u00f3n, tanto en lo relacionado con la legalidad del proceso como la fiabilidad de los datos ofrecidos.<\/p>\n<h3>Dudas sobre la legalidad y la fiabilidad<\/h3>\n<p>Por un lado, en el momento en que Guaid\u00f3 es el principal vocero del proceso de consulta,\u00a0<strong>est\u00e1 concentrando todos los supuestos poderes de su \"interinato\"<\/strong>\u00a0(el ejecutivo, el legislativo y ahora tambi\u00e9n el \u00f3rgano electoral), aunque en la pr\u00e1ctica no ejerza ninguno de ellos. Y todo esto cuando, adem\u00e1s, uno de sus argumentos para la deslegitimaci\u00f3n del proceso electoral oficial es la \"falta de autonom\u00eda\" del Consejo Nacional Electoral (CNE).<\/p>\n<p>Pero si se pudiesen confirmar sus propios datos, que afirman una participaci\u00f3n, con asistencia f\u00edsica, de 3,2 millones de personas, estar\u00edamos en presencia de un magro resultado que ubicar\u00eda\u00a0<strong>la abstenci\u00f3n de su consulta en m\u00e1s del 85 %, muy superior a la de los comicios oficiales<\/strong>, que fue de 70%.<\/p>\n<p><a href=\"http:\/\/localhost\/debateplural\/wp-content\/uploads\/2020\/11\/5fa6d8f3440aa.jpg\"><img loading=\"lazy\" decoding=\"async\" class=\" wp-image-43709 aligncenter\" src=\"http:\/\/localhost\/debateplural\/wp-content\/uploads\/2020\/11\/5fa6d8f3440aa-300x169.jpg\" alt=\"\" width=\"909\" height=\"512\" srcset=\"https:\/\/debateplural.net\/site\/wp-content\/uploads\/2020\/11\/5fa6d8f3440aa-300x169.jpg 300w, https:\/\/debateplural.net\/site\/wp-content\/uploads\/2020\/11\/5fa6d8f3440aa-1024x576.jpg 1024w, https:\/\/debateplural.net\/site\/wp-content\/uploads\/2020\/11\/5fa6d8f3440aa-768x432.jpg 768w, https:\/\/debateplural.net\/site\/wp-content\/uploads\/2020\/11\/5fa6d8f3440aa-810x455.jpg 810w, https:\/\/debateplural.net\/site\/wp-content\/uploads\/2020\/11\/5fa6d8f3440aa-1140x641.jpg 1140w, https:\/\/debateplural.net\/site\/wp-content\/uploads\/2020\/11\/5fa6d8f3440aa.jpg 1220w\" sizes=\"(max-width: 909px) 100vw, 909px\" \/><\/a><\/p>\n<p>Luego estar\u00edan los 845.000 participantes que habr\u00edan votado desde el exterior (siempre seg\u00fan las cifras de Guaid\u00f3) y que expanden su padr\u00f3n electoral debido a que este segmento no pod\u00eda participar en las parlamentarias, ya que su derecho a votar en el exterior est\u00e1 limitado legalmente a las elecciones presidenciales.<\/p>\n<p>Por otro lado, los 2,4 millones de ciudadanos que supuestamente participaron de manera virtual no podr\u00edan ser comparados con los resultados\u00a0de la Asamblea Nacional, ya\u00a0que el sistema no contempla ese tipo de mecanismo, y menos con una prolongaci\u00f3n de tiempo de casi una semana.<\/p>\n<p>Adem\u00e1s, son resultados que\u00a0<strong>no pueden ser corroborados<\/strong>\u00a0y que\u00a0<strong>no tuvieron observadores internacionales<\/strong>, un dato curioso si tomamos en cuenta la cantidad de aliados de Guaid\u00f3 en gobiernos poderosos.<\/p>\n<p>As\u00ed, los propios datos del equipo organizador de la consulta dejan a la oposici\u00f3n como minor\u00eda y rompen la vinculaci\u00f3n que pudo haberse hecho de la alta abstenci\u00f3n de las parlamentarias como respuesta a una convocatoria opositora.<\/p>\n<p>Seg\u00fan\u00a0<a href=\"https:\/\/twitter.com\/CESARBURGUERA\/status\/1337953903183335426\/photo\/1\" target=\"_blank\" rel=\"noopener noreferrer\">Eugenio Mart\u00ednez<\/a>, un conocido\u00a0 analista electoral de la oposici\u00f3n, \"no hay forma de justificar los n\u00fameros de participaci\u00f3n en la consulta\". M\u00e1s que una cr\u00edtica, afirma que no es un evento propiamente electoral.<\/p>\n<p>Incluso, aquellos medios internacionales que hab\u00edan levantado amplias expectativas en torno a la convocatoria, terminaron ofreciendo sus cr\u00edticas, como por ejemplo\u00a0<a href=\"https:\/\/www.france24.com\/es\/am%25C3%25A9rica-latina\/20201212-consulta-oposicion-guaido-venezuela-elecciones\" target=\"_blank\" rel=\"noopener noreferrer\">France 24<\/a>: \"Y es que los resultados anunciados por el Comit\u00e9 no se pueden constatar pues, adem\u00e1s de la ausencia de observadores externos,\u00a0<strong>no hubo controles de participaci\u00f3n para evitar que los ciudadanos depositaran sus respuestas en m\u00e1s de un punto<\/strong>\u00a0o que, quienes ya hubieran votado en las aplicaciones, no lo hicieran\u00a0tambi\u00e9n con papeletas f\u00edsicas\".<\/p>\n<p>Por su parte, la\u00a0<a href=\"https:\/\/www.efe.com\/efe\/america\/politica\/comite-organizador-dice-que-6-466-791-personas-votaron-en-consulta-de-guaido\/20000035-4417753\" target=\"_blank\" rel=\"noopener noreferrer\">agencia EFE<\/a>\u00a0concluy\u00f3 que el evento \"levant\u00f3 un mar de dudas por unas cifras no constatadas por observadores, sin detalles del resultado y que abren un camino todav\u00eda sin destino\".<\/p>\n<p>Desde ese nivel de precariedad legal y t\u00e9cnica de la consulta, resulta dif\u00edcil acusar de fraude al sistema electoral oficial, tal como han hecho Guaid\u00f3 y sus seguidores.<\/p>\n<p><strong>La debilidad tambi\u00e9n es pol\u00edtica: el resto del liderazgo opositor no fue muy entusiasta en su apoyo<\/strong>. Sectores radicales, como el de Mar\u00eda Corina Machado, rechazaron la movilizaci\u00f3n y terminaron de apartarse de Guaid\u00f3, al que previamente hab\u00edan reconocido.<\/p>\n<p>Henrique Capriles, m\u00e1s moderado pol\u00edticamente, tambi\u00e9n\u00a0<a href=\"https:\/\/actualidad.rt.com\/actualidad\/376515-capriles-asegura-oposicion-venezolana-lider-guaido\" target=\"_blank\" rel=\"noopener noreferrer\">descart\u00f3<\/a>\u00a0de cuajo participar en el evento y considera agotado el proyecto de Guaid\u00f3.<\/p>\n<p>Con estas posturas,\u00a0<strong>el \"interinato\" est\u00e1 siendo sostenido b\u00e1sicamente por el sector de Leopoldo L\u00f3pez<\/strong>, quien se encuentra operando entre Espa\u00f1a y Colombia.<\/p>\n<p>Si el objetivo era m\u00e1s bien reactivar las calles y manifestaciones contra el gobierno, tampoco lo logr\u00f3, puesto que no hubo movilizaciones, protestas, ni centros de votaci\u00f3n llenos.<\/p>\n<p>Anteriormente, la oposici\u00f3n intent\u00f3 hacer consultas de este tipo en 2017 sin alg\u00fan impacto pol\u00edtico que valga recordar. Es muy probable que esta vez puede suceder lo mismo.<\/p>\n<h3><strong>Foto final de la pol\u00edtica en Venezuela el 2020<\/strong><\/h3>\n<p>La fotograf\u00eda de final de a\u00f1o en la esfera pol\u00edtica venezolana puede resumirse de la siguiente manera:<\/p>\n<ul>\n<li>con el evento del 6 de diciembre\u00a0<strong>el chavismo gan\u00f3 el \u00fanico espacio pol\u00edtico de importancia que no controlaba<\/strong>, nada menos que el poder legislativo;<\/li>\n<li><strong>la oposici\u00f3n no levant\u00f3 vuelo y el sector radical<\/strong>, pasada la consulta,\u00a0<strong>se sienta a esperar las l\u00edneas que deber\u00e1 lanzar el nuevo presidente de EE.UU.<\/strong>, Joe Biden.<\/li>\n<\/ul>\n<p>Por lo pronto, la oposici\u00f3n no tiene una estrategia clara y no se vislumbra que la consulta pudiera tener alg\u00fan alcance, aunque ya est\u00e1n convocando a una movilizaci\u00f3n para el 5 de enero, como protesta a la juramentaci\u00f3n de\u00a0 la nueva junta directiva.<\/p>\n","protected":false},"excerpt":{"rendered":"<p>Ociel Al\u00ed L\u00f3pez (Russia Today, 16-12-20) &nbsp; Con la consulta convocada por Guaid\u00f3 el pasado fin de semana concluy\u00f3 la agenda pol\u00edtica en Venezuela para este a\u00f1o, que ya se reactivar\u00e1 el pr\u00f3ximo 5 de enero con la juramentaci\u00f3n de la\u00a0nueva junta directiva\u00a0de\u00a0la Asamblea Nacional, fecha constitucionalmente pautada. Sin embargo, Guaid\u00f3 y algunos de los [&hellip;]<\/p>\n","protected":false},"author":1,"featured_media":43392,"comment_status":"open","ping_status":"open","sticky":false,"template":"","format":"standard","meta":{"footnotes":""},"categories":[14,12],"tags":[],"class_list":["post-44432","post","type-post","status-publish","format-standard","has-post-thumbnail","hentry","category-internacionales","category-politica-3"],"_links":{"self":[{"href":"https:\/\/debateplural.net\/site\/wp-json\/wp\/v2\/posts\/44432"}],"collection":[{"href":"https:\/\/debateplural.net\/site\/wp-json\/wp\/v2\/posts"}],"about":[{"href":"https:\/\/debateplural.net\/site\/wp-json\/wp\/v2\/types\/post"}],"author":[{"embeddable":true,"href":"https:\/\/debateplural.net\/site\/wp-json\/wp\/v2\/users\/1"}],"replies":[{"embeddable":true,"href":"https:\/\/debateplural.net\/site\/wp-json\/wp\/v2\/comments?post=44432"}],"version-history":[{"count":1,"href":"https:\/\/debateplural.net\/site\/wp-json\/wp\/v2\/posts\/44432\/revisions"}],"predecessor-version":[{"id":44433,"href":"https:\/\/debateplural.net\/site\/wp-json\/wp\/v2\/posts\/44432\/revisions\/44433"}],"wp:featuredmedia":[{"embeddable":true,"href":"https:\/\/debateplural.net\/site\/wp-json\/wp\/v2\/media\/43392"}],"wp:attachment":[{"href":"https:\/\/debateplural.net\/site\/wp-json\/wp\/v2\/media?parent=44432"}],"wp:term":[{"taxonomy":"category","embeddable":true,"href":"https:\/\/debateplural.net\/site\/wp-json\/wp\/v2\/categories?post=44432"},{"taxonomy":"post_tag","embeddable":true,"href":"https:\/\/debateplural.net\/site\/wp-json\/wp\/v2\/tags?post=44432"}],"curies":[{"name":"wp","href":"https:\/\/api.w.org\/{rel}","templated":true}]}}