{"id":44550,"date":"2020-12-22T12:23:48","date_gmt":"2020-12-22T16:23:48","guid":{"rendered":"http:\/\/debateplural.com\/?p=44550"},"modified":"2020-12-22T12:23:48","modified_gmt":"2020-12-22T16:23:48","slug":"objetivo-2021-para-america-latina-civilizar-los-ejercitos","status":"publish","type":"post","link":"https:\/\/debateplural.net\/site\/2020\/12\/22\/objetivo-2021-para-america-latina-civilizar-los-ejercitos\/","title":{"rendered":"Objetivo 2021 para Am\u00e9rica Latina: civilizar los ej\u00e9rcitos"},"content":{"rendered":"<p>Luis Gonzalo Segura (Russia Today, 22-12-20)<\/p>\n<p>&nbsp;<\/p>\n<p>Am\u00e9rica Latina todav\u00eda siente el retumbar de los acompasados pasos pretorianos en sus calles, teme el marcial ajuste de los correajes de los soldados y escucha con demasiada atenci\u00f3n el yantar de las legiones. Y es que los ej\u00e9rcitos latinoamericanos todav\u00eda tienen la \u00faltima palabra.<\/p>\n<p>Parec\u00eda que, tras una segunda mitad del siglo XX en la que los militares marcaron el destino de los pa\u00edses al comp\u00e1s de las deseadas represiones norteamericanas, los ej\u00e9rcitos hab\u00edan quedado en un segundo plano. El que les corresponde. Pero solo fue una ilusi\u00f3n. En los \u00faltimos a\u00f1os, los ej\u00e9rcitos han determinado el devenir en Am\u00e9rica Latina.\u00a0<strong>En Bolivia derrocaron al Gobierno con unas pocas palabras p\u00fablicas<\/strong>, como el lobo feroz que solo tuvo que soplar para derribar una casa de palillos.\u00a0<strong>En Chile, Ecuador y Per\u00fa fueron claves para sostener los gobiernos<\/strong>\u00a0a base de bastonear al personal, violaciones, desapariciones y asesinatos incluidos.<\/p>\n<p><strong>En Venezuela<\/strong>\u00a0no fueron menos importantes al convertir a Guaid\u00f3, con su inacci\u00f3n, en un caso hist\u00f3rico tan ins\u00f3lito como rid\u00edculo:\u00a0<strong>un golpista sin ej\u00e9rcito que recorre las calles clamando para que los militares salgan de los cuarteles<\/strong>. Mendigar los golpes de Estado es la \u00faltima se\u00f1al de decadencia\u00a0norteamericana. Entre el presidente sin gobierno que limosnea golpes militares como el que pide a la Virgen aprobar un examen y el apodado en Espa\u00f1a como \"el Mandela de Venezuela\", en referencia a Leopoldo L\u00f3pez, pueden estar los venezolanos tranquilos. Argumentos para telenovelas no les van a faltar.<\/p>\n<p><strong>Colombia vive en un permanente\u00a0<em>falso positivo<\/em><\/strong>\u00a0de la paz;\u00a0<strong>Brasil amenace cada d\u00eda capitaneado por un ultraderechista<\/strong>\u00a0con delirios de predicador\u00a0<em>prodesinfectantes<\/em>; y<strong>\u00a0M\u00e9xico ha encargado su inseguridad a sus Fuerzas Armadas<\/strong>\u00a0\u2013como Brasil\u2013 e, incluso, recientemente ha encomendado a los militares la gesti\u00f3n de cuatro aeropuertos civiles y una v\u00eda ferroviaria en Yucat\u00e1n.<\/p>\n<p><a href=\"http:\/\/localhost\/debateplural\/wp-content\/uploads\/2020\/12\/militares-kfqE-U100186305653ozC-1248x770@El-Correo.jpg\"><img loading=\"lazy\" decoding=\"async\" class=\" wp-image-44552 aligncenter\" src=\"http:\/\/localhost\/debateplural\/wp-content\/uploads\/2020\/12\/militares-kfqE-U100186305653ozC-1248x770@El-Correo-300x185.jpg\" alt=\"\" width=\"849\" height=\"524\" srcset=\"https:\/\/debateplural.net\/site\/wp-content\/uploads\/2020\/12\/militares-kfqE-U100186305653ozC-1248x770@El-Correo-300x185.jpg 300w, https:\/\/debateplural.net\/site\/wp-content\/uploads\/2020\/12\/militares-kfqE-U100186305653ozC-1248x770@El-Correo-1024x632.jpg 1024w, https:\/\/debateplural.net\/site\/wp-content\/uploads\/2020\/12\/militares-kfqE-U100186305653ozC-1248x770@El-Correo-768x474.jpg 768w, https:\/\/debateplural.net\/site\/wp-content\/uploads\/2020\/12\/militares-kfqE-U100186305653ozC-1248x770@El-Correo-810x500.jpg 810w, https:\/\/debateplural.net\/site\/wp-content\/uploads\/2020\/12\/militares-kfqE-U100186305653ozC-1248x770@El-Correo-1140x703.jpg 1140w, https:\/\/debateplural.net\/site\/wp-content\/uploads\/2020\/12\/militares-kfqE-U100186305653ozC-1248x770@El-Correo.jpg 1248w\" sizes=\"(max-width: 849px) 100vw, 849px\" \/><\/a><\/p>\n<h3><strong>\u00bfQu\u00e9 puede salir mal?<\/strong><\/h3>\n<p>Como se puede percibir del grueso esbozo expuesto, tanta consideraci\u00f3n reciben los c\u00f3nsules militares en Am\u00e9rica Latina que han comenzado a ocupar los espacios civiles. Presentarse \u2013y ganar\u2013 las elecciones como ha sucedido en Brasil, militarizar la seguridad o administrar infraestructuras civiles son evidentes ejemplos de una clara tendencia en el \u00faltimo lustro en toda Am\u00e9rica Latina: la militarizaci\u00f3n de los espacios civiles. Una tendencia tan alarmante como reveladora. De repente, los militares son la soluci\u00f3n, incluso la salvaci\u00f3n, para los problemas de Am\u00e9rica Latina.<\/p>\n<p>Es como si los pueblos y regidores latinoamericanos estuvieran comprando de forma compulsiva un crecepelo milagroso tras un cutre anuncio televisivo: \u00bfSus calles se han vuelto inseguras debido a los altos niveles de pobreza o desigualdad y a la raqu\u00edtica estructura del estado en cuanto a sanidad, educaci\u00f3n o subsidios? Tenemos la soluci\u00f3n a sus problemas: inunde las calles de militares y asunto resuelto. O mejor a\u00fan: ponga a un militar a presidir el pa\u00eds o deje en manos de la c\u00fapula militar la continuidad y el futuro del presidente del Gobierno.<\/p>\n<p><strong>Un crecepelo milagroso porque los \u00edndices de seguridad no han mejorado en Brasil o M\u00e9xico<\/strong>, la comandancia militar de Brasil no parece que vaya a dejar un pa\u00eds mejor que el que se encontr\u00f3,\u00a0<strong>Bolivia parece que seguir\u00e1 amenazada por las bayonetas<\/strong>\u00a0y\u00a0<strong>en Ecuador, Chile o Per\u00fa todo sigue igual<\/strong>\u00a0salvo la sangr\u00eda y los desgarros del pueblo. Todo ello con una pandemia que amenaza con devastar todo.<\/p>\n<h3><strong>Civilicen<\/strong><\/h3>\n<p>La militarizaci\u00f3n de espacios civiles en Am\u00e9rica Latina en los \u00faltimos a\u00f1os colisiona frontalmente con la que deber\u00eda ser la tendencia en nuestros d\u00edas: la civilizaci\u00f3n de los ej\u00e9rcitos. La reducci\u00f3n cuantitativa de los efectivos militares y las tareas encomendadas a los militares deber\u00eda y debe de ser el objetivo en Am\u00e9rica Latina, m\u00e1xime trat\u00e1ndose de una regi\u00f3n con reducidos conflictos regionales. Sorprende que un continente con tan pocas fricciones fronterizas y tantas carencias humanitarias\u00a0<strong>carezca de un programa com\u00fan de reducci\u00f3n de efectivos y armas<\/strong>\u00a0que permitan el sostenimiento de un\u00a0<em>status quo<\/em>\u00a0y la defensa com\u00fan del espacio.\u00a0<strong>Sobre todo, porque reducir el gasto militar implica aumentar el gasto social<\/strong>.<\/p>\n<p>Por ejemplo, los cinco pa\u00edses europeos con menor n\u00famero de militares por habitante \u2013Alemania, Irlanda, Suecia, Finlandia y Luxemburgo\u2013 son los cinco pa\u00edses que m\u00e1s sanitarios \u2013m\u00e9dicos y enfermeras\u2013 tienen por habitante. Es decir, existe una clara correlaci\u00f3n entre el gasto sanitario y el militar. Y, por supuesto, no es una correlaci\u00f3n \u00fanica, pues el dinero sale de la misma bolsa: m\u00e1s militares, menos profesores. No lo duden.<\/p>\n<p>Si M\u00e9xico o Brasil tienen un problema policial, contraten m\u00e1s sanitarios y m\u00e1s profesores \u2013y despidan y cesen militares\u2013; si Ecuador, Per\u00fa o Chile tienen un problema social, contraten m\u00e1s sanitarios y m\u00e1s profesores \u2013y despidan y cesen militares\u2013; si Bolivia tiene un problema con la c\u00fapula militar, contraten m\u00e1s sanitarios y m\u00e1s profesores \u2013y despidan y cesen militares\u2013; si Colombia tiene un problema militar, contraten m\u00e1s sanitarios y m\u00e1s profesores \u2013y despidan y cesen militares\u2013; si Brasil tiene un problema pol\u00edtico, por favor, h\u00e1ganse un favor: la pr\u00f3xima vez voten a una m\u00e9dico, un enfermero o una profesora \u2013y manden a la reserva al capit\u00e1n\u2013.<\/p>\n<p>Solo la civilizaci\u00f3n har\u00e1 mejor a Am\u00e9rica Latina, el embrutecimiento militar, ya todos lo sintieron en sus carnes durante decenas de a\u00f1os, nunca les hizo mejor, s\u00f3lo m\u00e1s lucrativos y sumisos a los Estados Unidos. Civilicen; en 2021, civilicen.<\/p>\n","protected":false},"excerpt":{"rendered":"<p>Luis Gonzalo Segura (Russia Today, 22-12-20) &nbsp; Am\u00e9rica Latina todav\u00eda siente el retumbar de los acompasados pasos pretorianos en sus calles, teme el marcial ajuste de los correajes de los soldados y escucha con demasiada atenci\u00f3n el yantar de las legiones. Y es que los ej\u00e9rcitos latinoamericanos todav\u00eda tienen la \u00faltima palabra. Parec\u00eda que, tras [&hellip;]<\/p>\n","protected":false},"author":1,"featured_media":44551,"comment_status":"open","ping_status":"open","sticky":false,"template":"","format":"standard","meta":{"footnotes":""},"categories":[14,12],"tags":[],"class_list":["post-44550","post","type-post","status-publish","format-standard","has-post-thumbnail","hentry","category-internacionales","category-politica-3"],"_links":{"self":[{"href":"https:\/\/debateplural.net\/site\/wp-json\/wp\/v2\/posts\/44550"}],"collection":[{"href":"https:\/\/debateplural.net\/site\/wp-json\/wp\/v2\/posts"}],"about":[{"href":"https:\/\/debateplural.net\/site\/wp-json\/wp\/v2\/types\/post"}],"author":[{"embeddable":true,"href":"https:\/\/debateplural.net\/site\/wp-json\/wp\/v2\/users\/1"}],"replies":[{"embeddable":true,"href":"https:\/\/debateplural.net\/site\/wp-json\/wp\/v2\/comments?post=44550"}],"version-history":[{"count":1,"href":"https:\/\/debateplural.net\/site\/wp-json\/wp\/v2\/posts\/44550\/revisions"}],"predecessor-version":[{"id":44553,"href":"https:\/\/debateplural.net\/site\/wp-json\/wp\/v2\/posts\/44550\/revisions\/44553"}],"wp:featuredmedia":[{"embeddable":true,"href":"https:\/\/debateplural.net\/site\/wp-json\/wp\/v2\/media\/44551"}],"wp:attachment":[{"href":"https:\/\/debateplural.net\/site\/wp-json\/wp\/v2\/media?parent=44550"}],"wp:term":[{"taxonomy":"category","embeddable":true,"href":"https:\/\/debateplural.net\/site\/wp-json\/wp\/v2\/categories?post=44550"},{"taxonomy":"post_tag","embeddable":true,"href":"https:\/\/debateplural.net\/site\/wp-json\/wp\/v2\/tags?post=44550"}],"curies":[{"name":"wp","href":"https:\/\/api.w.org\/{rel}","templated":true}]}}