{"id":4470,"date":"2016-03-21T14:00:41","date_gmt":"2016-03-21T14:00:41","guid":{"rendered":"http:\/\/debateplural.com\/?p=4470"},"modified":"2016-06-23T13:56:09","modified_gmt":"2016-06-23T13:56:09","slug":"minuto-a-minuto-de-la-visita-de-obama-a-cuba-21-de-marzo-de-2016","status":"publish","type":"post","link":"https:\/\/debateplural.net\/site\/2016\/03\/21\/minuto-a-minuto-de-la-visita-de-obama-a-cuba-21-de-marzo-de-2016\/","title":{"rendered":"Minuto a minuto de la visita de Obama a Cuba, 21 de marzo de 2016"},"content":{"rendered":"<div id=\"attachment_4471\" style=\"width: 590px\" class=\"wp-caption aligncenter\"><img loading=\"lazy\" decoding=\"async\" aria-describedby=\"caption-attachment-4471\" class=\"size-full wp-image-4471\" src=\"http:\/\/tripletecnologia.com\/website\/debateplural\/wp-content\/uploads\/2016\/03\/el-canciller-cubano-bruno-rodrc3adguez-lo-recibe-al-pie-de-la-escalerilla-3.jpg\" alt=\"El Canciller cubano Bruno Rodr\u00edguez lo recibe al pie de la escalerilla\" width=\"580\" height=\"413\" \/><p id=\"caption-attachment-4471\" class=\"wp-caption-text\">El Canciller cubano Bruno Rodr\u00edguez lo recibe al pie de la escalerilla<\/p><\/div>\n<p style=\"text-align:justify;\">A continuaci\u00f3n la cobertura paso a paso de las actividades del Presidente estadounidense<a href=\"http:\/\/localhost\/debateplural\/tag\/barack-obama\"> Barack Obama<\/a> en su segunda jornada en <a href=\"http:\/\/localhost\/debateplural\/tag\/cuba\">Cuba<\/a>.\u00a0<!--more--><\/p>\n<h3 style=\"text-align:justify;\">9:34<\/h3>\n<p style=\"text-align:justify;\">Trascienden detalles del\u00a0encuentro del Presidente Obama con el personal de la Embajada de <a href=\"http:\/\/localhost\/debateplural\/tag\/estados-unidos\">Estados Unidos<\/a> en Cuba y sus familias, que tuvo lugar ayer en la tarde, antes del recorrido por La Habana Vieja. El presidente estadounidense expres\u00f3 su deseo de que cuando estos ni\u00f1os crezcan \u201cvean como algo natural que un presidente de Estados Unidos venga a Cuba\u201d.<\/p>\n<h3 style=\"text-align:justify;\">9:26<\/h3>\n<p style=\"text-align:justify;\">Sin dudas, el editorial de La Jornada es brillante, aqu\u00ed est\u00e1 el link. Miren este \u00faltimo p\u00e1rrafo:<\/p>\n<p style=\"text-align:justify;\">Cabe felicitarse, sin duda, de los pasos hacia la normalizaci\u00f3n en los v\u00ednculos entre ambos pa\u00edses y de la superaci\u00f3n de la enemistad entre ambos, uno de los \u00faltimos rescoldos de la <em>guerra fr\u00eda<\/em> en el siglo actual. Pero no debe olvidarse que la guerra econ\u00f3mica de Washington contra la naci\u00f3n antillana, los atentados terroristas perpetrados por agentes de Estados Unidos en territorio cubano y otras formas de agresi\u00f3n imperial en contra de la isla \u2013los ataques bacteriol\u00f3gicos, por ejemplo\u2013 causaron, sin justificaci\u00f3n alguna, muerte, destrucci\u00f3n y dolor, y que la superpotencia le debe a Cuba una disculpa y una compensaci\u00f3n. Ser\u00eda deseable que en esta ocasi\u00f3n el presidente Obama fuera al menos capaz de formular la primera.<\/p>\n<p style=\"text-align:justify;\">Por ese dolor de tantos a\u00f1os,\u00a0muchos cubanos creen que ayer se desgaj\u00f3 el cielo de La Habana con aquella lluvia incontenible.<\/p>\n<h3 style=\"text-align:justify;\">9:15<\/h3>\n<p style=\"text-align:justify;\">Un suceso. El Editorial del diario El Pa\u00eds, de Espa\u00f1a, comenta la visita de Obama a Cuba con imparcialidad period\u00edstica:<\/p>\n<p style=\"text-align:justify;\"><em>La importancia hist\u00f3rica de este evento se ve adem\u00e1s resaltada por el cruce con otro hecho de extraordinaria trascendencia pol\u00edtica que se est\u00e1 desarrollando en La Habana, las conversaciones de paz entre el Gobierno colombiano y la guerrilla de las FARC. Obama tratar\u00e1 con Castro de esta negociaci\u00f3n que se encuentra ya en sus \u00faltimas fases para acabar con la guerrilla m\u00e1s antigua de Latinoam\u00e9rica. Ambos pa\u00edses, Cuba y EE UU, han dado su apoyo durante d\u00e9cadas a los contendientes para hacer la guerra. Ahora deben ayudar a que se firme la paz.<\/em><\/p>\n<h3 style=\"text-align:justify;\">9:09<\/h3>\n<p style=\"text-align:justify;\">El candidato republicano\u00a0Donald Trump, c\u00e9lebre por sus desplantes groseros y su odiosa postura hacia los inmigrantes, ayer lanz\u00f3 una andanada de cr\u00edticas sobre la ausencia del presidente cubano Ra\u00fal Castro en el aeropuerto de La Habana para recibir a Barack Obama.<\/p>\n<p style=\"text-align:justify;\">\n<blockquote class=\"twitter-tweet\" data-width=\"550\">\n<p lang=\"en\" dir=\"ltr\">Wow, President Obama just landed in Cuba, a big deal, and Raul Castro wasn&#39;t even there to greet him. He greeted Pope and others. No respect<\/p>\n<p>&mdash; Donald J. Trump (@realDonaldTrump) <a href=\"https:\/\/twitter.com\/realDonaldTrump\/status\/711653804983361536\">March 20, 2016<\/a><\/p><\/blockquote>\n<p><script async src=\"\/\/platform.twitter.com\/widgets.js\" charset=\"utf-8\"><\/script><\/p>\n<p style=\"text-align:justify;\">\u201cGuau, el presidente Obama acaba de aterrizar en Cuba, algo de mucha importancia, y (el mandatario cubano) Ra\u00fal Castro ni siquiera estaba ah\u00ed para recibirlo. Ha ido a recibir al Papa y otros. Sin respeto\u201d, escribi\u00f3 en su cuenta de Twitter.<\/p>\n<p style=\"text-align:justify;\">La Casa Blanca descart\u00f3 que esa actitud haya sido ofensiva ya que nunca se contempl\u00f3 ni se discuti\u00f3 que Ra\u00fal\u00a0estar\u00eda en el aeropuerto, dijo Ben Rhodes, asesor adjunto de seguridad nacional de Obama. \u00a0Rhodes, por cierto, sostendr\u00e1 esta tarde un encuentro con un grupo de periodistas acreditados a la visita.<\/p>\n<h3 style=\"text-align:justify;\">8:20<\/h3>\n<p style=\"text-align:justify;\">Vamos a extendernos un poquito en esto, porque vale la pena. La mayor\u00eda de los estadounidenses se manifiestan en contra del bloqueo, seg\u00fan la nota que publica esta ma\u00f1ana The New York Times:<\/p>\n<blockquote><p>\u201cLos estadounidenses se muestran bastante optimistas sobre\u00a0el restablecimiento de las relaciones diplom\u00e1ticas entre los dos pa\u00edses y lo valoran como positivo\u00a0para los Estados Unidos, dice la m\u00e1s reciente encuesta de The New York Times \/ CBS News\u201d.<\/p><\/blockquote>\n<p style=\"text-align:justify;\">El 62\u00a0por ciento de los estadounidenses asegur\u00f3 que los lazos entre ambos pa\u00edses son\u00a0para los Estados Unidos.\u00a0 Casi seis de cada 10 estadounidenses apoyan la normalizaci\u00f3n de relaciones con Cuba, y la mayor\u00eda est\u00e1 a favor poner fin al bloqueo\u00a0comercial, seg\u00fan la encuesta. El\u00a052 por ciento aprueba la\u00a0forma en que Obama est\u00e1 manejando las relaciones con Cuba. Esto signific\u00f3 un aumento del 44 por ciento con respecto a\u00a0diciembre de 2014, despu\u00e9s de que el presidente anunci\u00f3 que los dos pa\u00edses podr\u00edan restablecer las relaciones.<\/p>\n<p style=\"text-align:justify;\">Los\u00a0dem\u00f3cratas en el sondeo fueron mucho m\u00e1s positivos sobre el manejo de la pol\u00edtica hacia Cuba de Obama, con un 78 por ciento de aprobaci\u00f3n, mientras los republicanos lo aprueban en un\u00a023 por ciento.\u00a0Dem\u00f3cratas e independientes favorecen ampliamente el restablecimiento de las relaciones, mientras que los republicanos est\u00e1n divididos, seg\u00fan el sondeo.<\/p>\n<p style=\"text-align:justify;\">La encuesta subray\u00f3 el grado sustancial en que ha cambiado la\u00a0opini\u00f3n sobre\u00a0Cuba con los a\u00f1os. La mitad de los estadounidenses expres\u00f3 una opini\u00f3n favorable de Cuba, hasta un m\u00e1ximo de 10 puntos desde el oto\u00f1o de 2014. Las encuestas de Gallup registran que s\u00f3lo el 21 por ciento ten\u00eda una opini\u00f3n favorable de Cuba hace 10 a\u00f1os, y que s\u00f3lo el 10 por ciento lo hizo hace 20 a\u00f1os.<\/p>\n<h3 style=\"text-align:justify;\">8:10<\/h3>\n<p style=\"text-align:justify;\">Una foto que ha se convertido en viral en las redes sociales:\u00a0el avi\u00f3n presidencial estadounidense sobrevuela la avenida Boyeros.<\/p>\n<h3>8:01<\/h3>\n<p style=\"text-align:justify;\">Incre\u00edble: despu\u00e9s de tantos d\u00edas de sol, hoy amanecimos con fr\u00edo. En la calle todos comentan el capricho de la naturaleza: se desgaj\u00f3 en una lluvia torrencial apenas del Presidente puso un pie en La Habana. En la religi\u00f3n africana, Oshumare\u00a0es el ayudante de Shang\u00f3 y el que\u00a0representa la uni\u00f3n entre el cielo y la tierra, el equilibrio entre los Orishas y los hombres. Es el encargado de controlar las nubes. La se\u00f1al en la religi\u00f3n yoruba es clara: lleg\u00f3 lo lluvia con Obama para limpiar el mal precedente y augurar mejores tiempos.<\/p>\n<p style=\"text-align:justify;\">Para el que quiera saber m\u00e1s de Oshumare, puede leer <a href=\"http:\/\/www.ecured.cu\/Oshumare\" target=\"_blank\" rel=\"nofollow\">esta rese\u00f1a de Ecured<\/a>.<\/p>\n<h3 style=\"text-align:justify;\">8:00<\/h3>\n<p style=\"text-align:justify;\">Ya en la sala de prensa dedicada a la cobertura de la visita del Presidente Barack \u00a0Obama, que funciona en el Salon de Embajadores, del Hotel Habana Libre. Los periodistas que van hacia el Palacio de la Revoluci\u00f3n se alistan para el control de seguridad. La primera actividad del d\u00eda es el homenaje que rendir\u00e1 el Obama a Jos\u00e9 Mart\u00ed, en el Memorial que lleva el nombre del H\u00e9roe Nacional cubano.<\/p>\n<h3>PROGRAMA OFICIAL DE HOY<\/h3>\n<p><strong>Lunes 21 de marzo de 2016<\/strong><\/p>\n<p style=\"text-align:justify;\">10:25 hrs. Ceremonia de colocaci\u00f3n de ofrenda floral ante el monumento al H\u00e9roe Nacional Jos\u00e9 Mart\u00ed, en la Plaza de la Revoluci\u00f3n.<\/p>\n<p style=\"text-align:justify;\">10:30 hrs. Visita al Memorial \u201cJos\u00e9 Mart\u00ed\u201d.<\/p>\n<p style=\"text-align:justify;\">11:00 hrs. Llegada al Palacio de la Revoluci\u00f3n.<\/p>\n<p style=\"text-align:justify;\">11:15 hrs. Ceremonia oficial de recibimiento en el Palacio de la Revoluci\u00f3n. Conversaciones posteriores.<\/p>\n<p style=\"text-align:justify;\">14:00 hrs. Declaraci\u00f3n a la prensa de los Presidentes de Cuba y los Estados Unidos.<\/p>\n<p style=\"text-align:justify;\">16:00 hrs. Participaci\u00f3n en el Foro Empresarial Cuba-Estados Unidos.<\/p>\n","protected":false},"excerpt":{"rendered":"<p>A continuaci\u00f3n la cobertura paso a paso de las actividades del Presidente estadounidense Barack Obama en su segunda jornada en Cuba.\u00a0<\/p>\n","protected":false},"author":1,"featured_media":7219,"comment_status":"open","ping_status":"open","sticky":false,"template":"","format":"standard","meta":{"footnotes":""},"categories":[14],"tags":[19,20,8],"class_list":["post-4470","post","type-post","status-publish","format-standard","has-post-thumbnail","hentry","category-internacionales","tag-barack-obama","tag-cuba","tag-estados-unidos"],"_links":{"self":[{"href":"https:\/\/debateplural.net\/site\/wp-json\/wp\/v2\/posts\/4470"}],"collection":[{"href":"https:\/\/debateplural.net\/site\/wp-json\/wp\/v2\/posts"}],"about":[{"href":"https:\/\/debateplural.net\/site\/wp-json\/wp\/v2\/types\/post"}],"author":[{"embeddable":true,"href":"https:\/\/debateplural.net\/site\/wp-json\/wp\/v2\/users\/1"}],"replies":[{"embeddable":true,"href":"https:\/\/debateplural.net\/site\/wp-json\/wp\/v2\/comments?post=4470"}],"version-history":[{"count":1,"href":"https:\/\/debateplural.net\/site\/wp-json\/wp\/v2\/posts\/4470\/revisions"}],"predecessor-version":[{"id":7220,"href":"https:\/\/debateplural.net\/site\/wp-json\/wp\/v2\/posts\/4470\/revisions\/7220"}],"wp:featuredmedia":[{"embeddable":true,"href":"https:\/\/debateplural.net\/site\/wp-json\/wp\/v2\/media\/7219"}],"wp:attachment":[{"href":"https:\/\/debateplural.net\/site\/wp-json\/wp\/v2\/media?parent=4470"}],"wp:term":[{"taxonomy":"category","embeddable":true,"href":"https:\/\/debateplural.net\/site\/wp-json\/wp\/v2\/categories?post=4470"},{"taxonomy":"post_tag","embeddable":true,"href":"https:\/\/debateplural.net\/site\/wp-json\/wp\/v2\/tags?post=4470"}],"curies":[{"name":"wp","href":"https:\/\/api.w.org\/{rel}","templated":true}]}}