{"id":44831,"date":"2021-01-07T12:21:50","date_gmt":"2021-01-07T16:21:50","guid":{"rendered":"http:\/\/debateplural.com\/?p=44831"},"modified":"2021-01-07T12:21:50","modified_gmt":"2021-01-07T16:21:50","slug":"iran-un-ano-despuesque-logro-el-asesinato-de-qassem-soleimani","status":"publish","type":"post","link":"https:\/\/debateplural.net\/site\/2021\/01\/07\/iran-un-ano-despuesque-logro-el-asesinato-de-qassem-soleimani\/","title":{"rendered":"Ir\u00e1n, un a\u00f1o despu\u00e9s:\u00bfQu\u00e9 logr\u00f3 el asesinato de Qassem Soleimani?"},"content":{"rendered":"<p>Elijah J. Magnier (Mision Verdad, 7-1-21)<\/p>\n<p>&nbsp;<\/p>\n<p>Hace un a\u00f1o, el presidente de los Estados Unidos, Donald Trump, asesin\u00f3 al comandante de los Cuerpos de la Guardia Revolucionaria de Ir\u00e1n (IRGC) de la brigada Quds, el general Qassem Soleimani, quien ejerc\u00eda de coordinador entre Ir\u00e1n y sus aliados en Palestina, L\u00edbano, Siria, Irak, Yemen y Afganist\u00e1n. El motivo aparente era consistente con la pol\u00edtica de los Estados Unidos, la cual ha buscado humillar, debilitar y da\u00f1ar a Ir\u00e1n a trav\u00e9s de \"sanciones\" econ\u00f3micas muy duras desde que Trump asumi\u00f3 el poder.<\/p>\n<p>En la visi\u00f3n estadounidense, Ir\u00e1n es considerado una potencia regional cuyos l\u00edderes rechazan la hegemon\u00eda estadounidense. Los norteamericanos e\u00a0<a href=\"https:\/\/www.politico.com\/news\/2020\/01\/03\/donald-trump-iran-soleimani-093371\" target=\"_blank\" rel=\"noopener noreferrer\">israel\u00edes<\/a>\u00a0cre\u00edan que Soleimani era\u00a0<a href=\"https:\/\/news.cornell.edu\/media-relations\/tip-sheets\/irreplaceable-iran-soleimanis-death-makes-americans-safer\" target=\"_blank\" rel=\"noopener noreferrer\">irremplazable<\/a>\u00a0y que el \"<a href=\"https:\/\/ejmagnier.com\/2020\/02\/15\/is-the-axis-of-resistance-in-a-better-or-worse-position-the-martyr-qassem-soleimani-achieves-even-more-than-the-major-general-did\/\" target=\"_blank\" rel=\"noopener noreferrer\">Eje de la Resistencia<\/a>\"\u00a0que dirig\u00eda se ver\u00eda seriamente debilitado por su asesinato. Muchos fueron un paso m\u00e1s all\u00e1, describiendo el asesinato como un\u00a0<a href=\"https:\/\/www.terrorism-info.org.il\/en\/killing-qasem-soleimani-major-loss-iran-may-serve-opportunity-reexamine-irans-modus-operandi-region\/\" target=\"_blank\" rel=\"noopener noreferrer\">golpe definitivo<\/a>\u00a0a los objetivos estrat\u00e9gicos de Ir\u00e1n.<\/p>\n<p>Despu\u00e9s de un a\u00f1o, miramos atr\u00e1s: \u00bflos Estados Unidos realmente se las arreglaron para asestar un golpe mortal a Ir\u00e1n, da\u00f1ar sus objetivos o destruir sus metas? Y si estos eran sus objetivos, \u00bffueron fruct\u00edferos?<\/p>\n<p>El 1\u00ba de enero de 2020, Sardar Soleimani visit\u00f3 el L\u00edbano, donde pas\u00f3 varias horas reuni\u00e9ndose con el Secretario General de Hezbol\u00e1, Sayyed Hassan Nasrallah. El L\u00edbano es una parte esencial del \"Eje de la Resistencia\"; Soleimani hab\u00eda visitado el pa\u00eds y apoyado a Hezbol\u00e1 desde 1998, cuando fue nombrado comandante de la Brigada IRGC-Quds. El Hezbol\u00e1 liban\u00e9s se ha convertido en uno de los aliados m\u00e1s fuerte de Ir\u00e1n, y actualmente es el\u00a0<a href=\"https:\/\/www.csmonitor.com\/World\/Middle-East\/2014\/0609\/Israel-Hezbollah-is-now-stronger-than-any-Arab-army\" target=\"_blank\" rel=\"noopener noreferrer\">grupo mejor armado<\/a>\u00a0y entrenado de Oriente Medio, de hecho, hay quienes afirmar\u00edan que se trata del ej\u00e9rcito m\u00e1s poderoso de la regi\u00f3n.<\/p>\n<p><a href=\"http:\/\/localhost\/debateplural\/wp-content\/uploads\/2020\/01\/16235298_xl.jpg\"><img loading=\"lazy\" decoding=\"async\" class=\" wp-image-38080 aligncenter\" src=\"http:\/\/localhost\/debateplural\/wp-content\/uploads\/2020\/01\/16235298_xl-300x169.jpg\" alt=\"\" width=\"849\" height=\"478\" srcset=\"https:\/\/debateplural.net\/site\/wp-content\/uploads\/2020\/01\/16235298_xl-300x169.jpg 300w, https:\/\/debateplural.net\/site\/wp-content\/uploads\/2020\/01\/16235298_xl-768x432.jpg 768w, https:\/\/debateplural.net\/site\/wp-content\/uploads\/2020\/01\/16235298_xl-810x456.jpg 810w, https:\/\/debateplural.net\/site\/wp-content\/uploads\/2020\/01\/16235298_xl.jpg 880w\" sizes=\"(max-width: 849px) 100vw, 849px\" \/><\/a><\/p>\n<p>El general de brigada Soleimani mantuvo un perfil muy bajo durante d\u00e9cadas, pero fue responsable de la provisi\u00f3n de todo el entrenamiento, finanzas y apoyo log\u00edstico a los aliados de Ir\u00e1n. Hezbol\u00e1 es considerado uno de los resultados m\u00e1s exitosos de la pol\u00edtica iran\u00ed desde 1982, cuando el Im\u00e1n Jomeini envi\u00f3 por primera vez a los iran\u00edes al valle de la Beqaa libanesa, durante la invasi\u00f3n israel\u00ed del L\u00edbano.<\/p>\n<p>Soleimani viaj\u00f3 ese mismo d\u00eda a Siria (otro miembro del \"Eje de la Resistencia\"), donde pas\u00f3 la noche. Como en cada visita al Levante, donde cientos de\u00a0<a href=\"https:\/\/www.newyorker.com\/news\/news-desk\/irans-generals-are-dying-in-syria\" target=\"_blank\" rel=\"noopener noreferrer\">asesores militares iran\u00edes<\/a>\u00a0operan contra ISIS y al-Qaeda, Soleimani convoc\u00f3 a todos los comandantes de campo iran\u00edes a una reuni\u00f3n a primera hora de la ma\u00f1ana. La reuni\u00f3n fue inusualmente larga, dur\u00f3 hasta el final de la tarde. Soleimani distribuy\u00f3 las misiones, discuti\u00f3 las t\u00e1cticas militares y escuch\u00f3 a los oficiales iran\u00edes residentes.<\/p>\n<p>Unas horas m\u00e1s tarde, Qassem Soleimani tom\u00f3 un vuelo desde el aeropuerto de Damasco con destino a Bagdad, Iraq, donde aterriz\u00f3 unos minutos antes de la medianoche. Soleimani, un general de brigada, y cuatro oficiales iran\u00edes que actuaban como sus ayudantes de campo fueron recibidos en el aeropuerto por el comandante iraqu\u00ed de\u00a0<a href=\"https:\/\/tcf.org\/content\/report\/understanding-iraqs-hashd-al-shabi\/?agreed=1\" target=\"_blank\" rel=\"noopener noreferrer\">Hashd al-Shaabi<\/a>, Abu Mahdi al-Muhandes, y abandonaron juntos el aeropuerto.<\/p>\n<p>Fue entonces cuando dos aviones teledirigidos\u00a0<a href=\"https:\/\/www.forbes.com\/sites\/denizcam\/2020\/01\/07\/the-quiet-billionaires-behind-americas-predator-drone-that-killed-irans-soleimani\/?sh=43b16ea15cb0\" target=\"_blank\" rel=\"noopener noreferrer\">MQ-9 Reaper<\/a>\u00a0de Estados Unidos dispararon misiles Hellfire guiados por l\u00e1ser a 230 millas por hora, incinerando los cuerpos de Soleimani, al-Muhandes y todos sus compa\u00f1eros iran\u00edes e iraqu\u00edes. Trump se jact\u00f3 de haber acabado con \"<a href=\"https:\/\/www.reuters.com\/article\/us-usa-trump-iran\/trump-gives-dramatic-account-of-soleimanis-last-minutes-before-death-cnn-idUSKBN1ZH0G3\" target=\"_blank\" rel=\"noopener noreferrer\">dos p\u00e1jaros de un tiro<\/a>\". Para Trump, Soleimani y al-Muhandes pasaban a la historia y pod\u00eda pasar p\u00e1gina.<\/p>\n<p>Nada m\u00e1s alejado de la realidad. De un d\u00eda para otro, las consecuencias del asesinato ilegal de Estados Unidos hicieron mucho m\u00e1s de lo que el propio Soleimani podr\u00eda haber logrado cuando estaba vivo. El asesinato selectivo del 3 de enero inyect\u00f3 una nueva dosis de vitalidad a la \"Revoluci\u00f3n Isl\u00e1mica\" del Im\u00e1n Jomeini.<\/p>\n<p>Varias generaciones de iran\u00edes nunca hab\u00edan vivido la revoluci\u00f3n como tal, y subestimaban la doctrina del \"<a href=\"https:\/\/www.al-islam.org\/shia-political-thought-ahmed-vaezi\/what-wilayat-al-faqih\" target=\"_blank\" rel=\"noopener noreferrer\">Wilayat al-Faqih<\/a>\" (sistema pol\u00edtico que sali\u00f3 de la revoluci\u00f3n isl\u00e1mica, basado en la regencia del jurista), a diferencia de la vieja guardia. El asesinato uni\u00f3 al pueblo iran\u00ed bajo la bandera nacional: era inaceptable que\u00a0<a href=\"https:\/\/www.usnews.com\/news\/politics\/articles\/2020-01-06\/millions-in-iran-mourn-qassem-soleimani-after-us-drone-strike\" target=\"_blank\" rel=\"noopener noreferrer\">millones<\/a>\u00a0de iran\u00edes vieran a su general asesinado de una manera tan cobarde por un dron, ni siquiera en el campo de batalla.<\/p>\n","protected":false},"excerpt":{"rendered":"<p>Elijah J. Magnier (Mision Verdad, 7-1-21) &nbsp; Hace un a\u00f1o, el presidente de los Estados Unidos, Donald Trump, asesin\u00f3 al comandante de los Cuerpos de la Guardia Revolucionaria de Ir\u00e1n (IRGC) de la brigada Quds, el general Qassem Soleimani, quien ejerc\u00eda de coordinador entre Ir\u00e1n y sus aliados en Palestina, L\u00edbano, Siria, Irak, Yemen y [&hellip;]<\/p>\n","protected":false},"author":1,"featured_media":38394,"comment_status":"open","ping_status":"open","sticky":false,"template":"","format":"standard","meta":{"footnotes":""},"categories":[14,12],"tags":[],"class_list":["post-44831","post","type-post","status-publish","format-standard","has-post-thumbnail","hentry","category-internacionales","category-politica-3"],"_links":{"self":[{"href":"https:\/\/debateplural.net\/site\/wp-json\/wp\/v2\/posts\/44831"}],"collection":[{"href":"https:\/\/debateplural.net\/site\/wp-json\/wp\/v2\/posts"}],"about":[{"href":"https:\/\/debateplural.net\/site\/wp-json\/wp\/v2\/types\/post"}],"author":[{"embeddable":true,"href":"https:\/\/debateplural.net\/site\/wp-json\/wp\/v2\/users\/1"}],"replies":[{"embeddable":true,"href":"https:\/\/debateplural.net\/site\/wp-json\/wp\/v2\/comments?post=44831"}],"version-history":[{"count":1,"href":"https:\/\/debateplural.net\/site\/wp-json\/wp\/v2\/posts\/44831\/revisions"}],"predecessor-version":[{"id":44832,"href":"https:\/\/debateplural.net\/site\/wp-json\/wp\/v2\/posts\/44831\/revisions\/44832"}],"wp:featuredmedia":[{"embeddable":true,"href":"https:\/\/debateplural.net\/site\/wp-json\/wp\/v2\/media\/38394"}],"wp:attachment":[{"href":"https:\/\/debateplural.net\/site\/wp-json\/wp\/v2\/media?parent=44831"}],"wp:term":[{"taxonomy":"category","embeddable":true,"href":"https:\/\/debateplural.net\/site\/wp-json\/wp\/v2\/categories?post=44831"},{"taxonomy":"post_tag","embeddable":true,"href":"https:\/\/debateplural.net\/site\/wp-json\/wp\/v2\/tags?post=44831"}],"curies":[{"name":"wp","href":"https:\/\/api.w.org\/{rel}","templated":true}]}}