{"id":4497,"date":"2016-03-22T14:43:26","date_gmt":"2016-03-22T14:43:26","guid":{"rendered":"http:\/\/debateplural.com\/?p=4497"},"modified":"2016-06-23T13:55:47","modified_gmt":"2016-06-23T13:55:47","slug":"el-estado-islamico-reivindica-los-atentados-en-bruselas","status":"publish","type":"post","link":"https:\/\/debateplural.net\/site\/2016\/03\/22\/el-estado-islamico-reivindica-los-atentados-en-bruselas\/","title":{"rendered":"El Estado Isl\u00e1mico reivindica los atentados en Bruselas"},"content":{"rendered":"<div id=\"attachment_2578\" style=\"width: 715px\" class=\"wp-caption aligncenter\"><img loading=\"lazy\" decoding=\"async\" aria-describedby=\"caption-attachment-2578\" class=\"size-full wp-image-2578\" src=\"http:\/\/tripletecnologia.com\/website\/debateplural\/wp-content\/uploads\/2016\/03\/grupo-terrorista-estado-islamico-2.jpg\" alt=\"Grupo terrorista Estado Islamico\" width=\"705\" height=\"397\" \/><p id=\"caption-attachment-2578\" class=\"wp-caption-text\">Grupo terrorista Estado Islamico<\/p><\/div>\n<p style=\"text-align:justify;\">Varias personas han muerto y varias decenas han resultado heridas en las explosiones que se han producido este martes en el aeropuerto y el metro bruselense.<\/p>\n<p style=\"text-align:justify;\">El grupo terrorista<a href=\"http:\/\/localhost\/debateplural\/tag\/estado-islamico\"> Estado Isl\u00e1mico<\/a>\u00a0se ha atribuido los ataques en el aeropuerto y el metro de Bruselas en los que varias personas han muerto y varias decenas han resultado heridas, recogen los medios egipcios.<!--more--><\/p>\n<p style=\"text-align:justify;\">Seg\u00fan informa la agencia <a href=\"http:\/\/tass.ru\/mezhdunarodnaya-panorama\/2786119\" target=\"_blank\">TASS<\/a>, en su comunicado los terroristas no dan a conocer los detalles de los ataques perpetrados en la capital belga y amenazan con nuevos atentados en<a href=\"http:\/\/localhost\/debateplural\/tag\/europa\"> Europa<\/a>.<\/p>\n<p style=\"text-align:justify;\">Una serie de explosiones\u00a0se ha producido\u00a0este martes en el aeropuerto Zaventem de Bruselas y las estaciones de metro Maalbeek y Schuman, ubicadas cerca de las instituciones de la Uni\u00f3n Europea. En los ataques han muerto al menos 21 personas y otras 35 han resultado heridas.<\/p>\n<h3 style=\"text-align:justify;\">Tres d\u00edas despu\u00e9s de la detenci\u00f3n de Salah Abdeslam<\/h3>\n<p style=\"text-align:justify;\">Las explosiones en la capital belga se han producido tres d\u00edas despu\u00e9s de que la Polic\u00eda detuviera al yihadista Salah Abdeslam, uno de los autores de los\u00a0atentados de Par\u00eds\u00a0del 13 de noviembre de 2015 que se llevaron la vida de 130 personas.\u00a0Junto a Abdeslam, las autoridades belgas han detenido a otro hombre, que tambi\u00e9n result\u00f3 herido durante la operaci\u00f3n.<\/p>\n<p style=\"text-align:justify;\">El presidente de <a href=\"http:\/\/localhost\/debateplural\/tag\/francia\">Francia<\/a>,\u00a0<a href=\"https:\/\/actualidad.rt.com\/actualidad\/166200-francois-hollande-francia\" target=\"_blank\" rel=\"up\">Fran\u00e7ois Hollande<\/a>, ha declarado que en los ataques terroristas de Par\u00eds estuvieron involucradas m\u00e1s personas de lo que estimaron en un principio y que su pa\u00eds \"exigir\u00e1 la extradici\u00f3n de Abdeslam\".\u00a0Fiscal belga, por su parte, asegura que fueron 5 en total los detenidos durante el operativo en Bruselas.<\/p>\n","protected":false},"excerpt":{"rendered":"<p>Varias personas han muerto y varias decenas han resultado heridas en las explosiones que se han producido este martes en el aeropuerto y el metro bruselense. El grupo terrorista Estado Isl\u00e1mico\u00a0se ha atribuido los ataques en el aeropuerto y el metro de Bruselas en los que varias personas han muerto y varias decenas han resultado [&hellip;]<\/p>\n","protected":false},"author":1,"featured_media":7199,"comment_status":"open","ping_status":"open","sticky":false,"template":"","format":"standard","meta":{"footnotes":""},"categories":[14],"tags":[54,67,9],"class_list":["post-4497","post","type-post","status-publish","format-standard","has-post-thumbnail","hentry","category-internacionales","tag-estado-islamico","tag-europa","tag-francia"],"_links":{"self":[{"href":"https:\/\/debateplural.net\/site\/wp-json\/wp\/v2\/posts\/4497"}],"collection":[{"href":"https:\/\/debateplural.net\/site\/wp-json\/wp\/v2\/posts"}],"about":[{"href":"https:\/\/debateplural.net\/site\/wp-json\/wp\/v2\/types\/post"}],"author":[{"embeddable":true,"href":"https:\/\/debateplural.net\/site\/wp-json\/wp\/v2\/users\/1"}],"replies":[{"embeddable":true,"href":"https:\/\/debateplural.net\/site\/wp-json\/wp\/v2\/comments?post=4497"}],"version-history":[{"count":1,"href":"https:\/\/debateplural.net\/site\/wp-json\/wp\/v2\/posts\/4497\/revisions"}],"predecessor-version":[{"id":7200,"href":"https:\/\/debateplural.net\/site\/wp-json\/wp\/v2\/posts\/4497\/revisions\/7200"}],"wp:featuredmedia":[{"embeddable":true,"href":"https:\/\/debateplural.net\/site\/wp-json\/wp\/v2\/media\/7199"}],"wp:attachment":[{"href":"https:\/\/debateplural.net\/site\/wp-json\/wp\/v2\/media?parent=4497"}],"wp:term":[{"taxonomy":"category","embeddable":true,"href":"https:\/\/debateplural.net\/site\/wp-json\/wp\/v2\/categories?post=4497"},{"taxonomy":"post_tag","embeddable":true,"href":"https:\/\/debateplural.net\/site\/wp-json\/wp\/v2\/tags?post=4497"}],"curies":[{"name":"wp","href":"https:\/\/api.w.org\/{rel}","templated":true}]}}