{"id":45016,"date":"2021-01-18T11:21:17","date_gmt":"2021-01-18T15:21:17","guid":{"rendered":"http:\/\/debateplural.com\/?p=45016"},"modified":"2021-01-18T11:21:17","modified_gmt":"2021-01-18T15:21:17","slug":"bolsonaro-hace-lo-que-puede","status":"publish","type":"post","link":"https:\/\/debateplural.net\/site\/2021\/01\/18\/bolsonaro-hace-lo-que-puede\/","title":{"rendered":"Bolsonaro hace lo que puede"},"content":{"rendered":"<div>\n<p>Eric Nepomuceno (Pagina 12, 18-1-21)<\/p>\n<p>&nbsp;<\/p>\n<p>El pasado jueves empezaron a circular por Brasil noticias de una tragedia aterradora: en los hospitales de Manaos, capital de Amazonas, los internados estaban muriendo sofocados porque se acababa el ox\u00edgeno.<\/p>\n<\/div>\n<div id=\"cols\">\n<p>Luego circularon im\u00e1genes dando la dimensi\u00f3n del desespero no solo de familiares de los que mor\u00edan por no lograr respirar, pero tambi\u00e9n de m\u00e9dicos, auxiliares y enfermeros que se turnaban tratando de ayudar a los enfermos, a trav\u00e9s de t\u00e9cnicas manuales, a encontrar un hilito de aire.<\/p>\n<p>Otra vez la capacidad de los cementerios fue desbordada. Y no hay se\u00f1al alguna de que el escenario de terror termine pronto.<\/p>\n<p>D\u00edas antes, el general Eduardo Pazuello, que ocupa el ministerio de Salud, estuvo en Manaos, donde el colapso ya era anunciado.<\/p>\n<p>Entre una y otra de las estupideces que expele cada vez que abre la boca, dijo que lo que estaba ocurriendo era consecuencia de que los hospitales no aplican el \u201cm\u00e9todo preventivo\u201d, o sea darle a los enfermos cloroquina, verm\u00edfugos y hasta un l\u00edquido cuyo objetivo inicial es matar piojos.<\/p>\n<p>De ox\u00edgeno, ni una palabra. Pero tanto el alcalde local como el gobernador del estado y el mismo Pazuello hab\u00edan sido advertidos, hace m\u00e1s de una semana, que se agotaban los cilindros de ox\u00edgeno destinados a mantener vivos a los enfermos en etapas m\u00e1s agudas de la covid.<\/p>\n<p><a href=\"http:\/\/localhost\/debateplural\/wp-content\/uploads\/2019\/12\/bolsonaro-20-c2-a9-20afp-2.jpg\"><img loading=\"lazy\" decoding=\"async\" class=\" wp-image-37969 aligncenter\" src=\"http:\/\/localhost\/debateplural\/wp-content\/uploads\/2019\/12\/bolsonaro-20-c2-a9-20afp-2-300x200.jpg\" alt=\"\" width=\"852\" height=\"568\" srcset=\"https:\/\/debateplural.net\/site\/wp-content\/uploads\/2019\/12\/bolsonaro-20-c2-a9-20afp-2-300x200.jpg 300w, https:\/\/debateplural.net\/site\/wp-content\/uploads\/2019\/12\/bolsonaro-20-c2-a9-20afp-2-768x512.jpg 768w, https:\/\/debateplural.net\/site\/wp-content\/uploads\/2019\/12\/bolsonaro-20-c2-a9-20afp-2-810x540.jpg 810w, https:\/\/debateplural.net\/site\/wp-content\/uploads\/2019\/12\/bolsonaro-20-c2-a9-20afp-2.jpg 960w\" sizes=\"(max-width: 852px) 100vw, 852px\" \/><\/a><\/p>\n<p>Pazuello argument\u00f3 que las distancias y los pocos accesos a Manaos dificultan el abasto de lo que sea, y lament\u00f3 que la Fuerza A\u00e9rea Brasile\u00f1a dispusiera de solo cuatro aviones capaces de cargar m\u00e1s de 19 toneladas. Uno de ellos, precisamente el de mayor capacidad, fue hace pocos d\u00edas hacia los Estados Unidos para participar de un entrenamiento junto a tropas de aquel pa\u00eds. Volver\u00e1 en febrero.<\/p>\n<p>Se trata de una fotograf\u00eda precisa de c\u00f3mo el gobierno brasile\u00f1o no tiene absolutamente ninguna coordinaci\u00f3n para hacer frente a la m\u00e1s asesina pandemia que nos asol\u00f3 en los \u00faltimos cien a\u00f1os.<\/p>\n<p>Varios m\u00e9dicos, investigadores y cient\u00edficos vienen advirtiendo desde hace meses que si no se adoptan medidas rigurosas de aislamiento social, el riesgo de que la devastaci\u00f3n no deje de crecer es inmenso.<\/p>\n<p>En noviembre, hubo elecciones municipales. En diciembre, la ola empez\u00f3 a crecer y las muertes a aumentar de manera acelerada.<\/p>\n<p>En diciembre, hubo las fiestas de fin de a\u00f1o. Y ahora la tragedia se esparce por todo el pa\u00eds.<\/p>\n<p>Tanto en noviembre como en diciembre se permitieron aglomeraciones multitudinarias, sin ning\u00fan control. Bolsonaro no hace m\u00e1s que estimularlas.<\/p>\n<p>Las consecuencias eran previsibles. Los gobernadores no se entienden con los alcaldes, no se logra establecer acciones coordinadas y el gobierno nacional no hace m\u00e1s que oscilar entre anunciar medidas absurdas e in\u00fatiles y quedarse en una letargia enfermiza.<\/p>\n<p>Entre todas las voces m\u00e9dicas y acad\u00e9micas que tratan de advertir sobre el alt\u00edsimo riesgo que el pa\u00eds enfrenta gracias a la inacci\u00f3n del gobierno nacional, vale la pena resaltar una, la de Miguel Nicolelis. Profesor de la Duke University, en Estados Unidos, y uno de los neur\u00f3logos brasile\u00f1os de mayor reconocimiento mundial, hace una semana Nicolelis advirti\u00f3 que \u201co Brasil decreta un cierre total por dos o tres semanas, o no daremos abasto enterrando nuestros muertos en 2021\u201d. Nadie en ning\u00fan gobierno lo oy\u00f3. Y lo que ocurre en Manaos puede reproducirse por el pa\u00eds.<\/p>\n<p><strong>Ayer, el ultraderechista Jair Bolsonaro declar\u00f3, refiri\u00e9ndose a la actuaci\u00f3n de su gobierno en la colapsada Manaos: \u201cHicimos lo que pudimos\u201d.<\/strong><\/p>\n<\/div>\n","protected":false},"excerpt":{"rendered":"<p>Eric Nepomuceno (Pagina 12, 18-1-21) &nbsp; El pasado jueves empezaron a circular por Brasil noticias de una tragedia aterradora: en los hospitales de Manaos, capital de Amazonas, los internados estaban muriendo sofocados porque se acababa el ox\u00edgeno. Luego circularon im\u00e1genes dando la dimensi\u00f3n del desespero no solo de familiares de los que mor\u00edan por no [&hellip;]<\/p>\n","protected":false},"author":1,"featured_media":43384,"comment_status":"open","ping_status":"open","sticky":false,"template":"","format":"standard","meta":{"footnotes":""},"categories":[14,44],"tags":[],"class_list":["post-45016","post","type-post","status-publish","format-standard","has-post-thumbnail","hentry","category-internacionales","category-salud"],"_links":{"self":[{"href":"https:\/\/debateplural.net\/site\/wp-json\/wp\/v2\/posts\/45016"}],"collection":[{"href":"https:\/\/debateplural.net\/site\/wp-json\/wp\/v2\/posts"}],"about":[{"href":"https:\/\/debateplural.net\/site\/wp-json\/wp\/v2\/types\/post"}],"author":[{"embeddable":true,"href":"https:\/\/debateplural.net\/site\/wp-json\/wp\/v2\/users\/1"}],"replies":[{"embeddable":true,"href":"https:\/\/debateplural.net\/site\/wp-json\/wp\/v2\/comments?post=45016"}],"version-history":[{"count":1,"href":"https:\/\/debateplural.net\/site\/wp-json\/wp\/v2\/posts\/45016\/revisions"}],"predecessor-version":[{"id":45017,"href":"https:\/\/debateplural.net\/site\/wp-json\/wp\/v2\/posts\/45016\/revisions\/45017"}],"wp:featuredmedia":[{"embeddable":true,"href":"https:\/\/debateplural.net\/site\/wp-json\/wp\/v2\/media\/43384"}],"wp:attachment":[{"href":"https:\/\/debateplural.net\/site\/wp-json\/wp\/v2\/media?parent=45016"}],"wp:term":[{"taxonomy":"category","embeddable":true,"href":"https:\/\/debateplural.net\/site\/wp-json\/wp\/v2\/categories?post=45016"},{"taxonomy":"post_tag","embeddable":true,"href":"https:\/\/debateplural.net\/site\/wp-json\/wp\/v2\/tags?post=45016"}],"curies":[{"name":"wp","href":"https:\/\/api.w.org\/{rel}","templated":true}]}}