{"id":45018,"date":"2021-01-18T11:33:29","date_gmt":"2021-01-18T15:33:29","guid":{"rendered":"http:\/\/debateplural.com\/?p=45018"},"modified":"2021-01-18T11:33:29","modified_gmt":"2021-01-18T15:33:29","slug":"elecciones-en-ecuador-un-camino-plagado-de-incognitas","status":"publish","type":"post","link":"https:\/\/debateplural.net\/site\/2021\/01\/18\/elecciones-en-ecuador-un-camino-plagado-de-incognitas\/","title":{"rendered":"Elecciones en Ecuador: Un camino plagado de inc\u00f3gnitas"},"content":{"rendered":"<p>Pablo Jofre Leal (teleSur, 15-1-21)<\/p>\n<p>&nbsp;<\/p>\n<p>El pueblo ecuatoriano tiene cita con las urnas. El 7 de febrero pr\u00f3ximo, este pa\u00eds sudamericano, deber\u00e1 elegir un nuevo presidente, en un marco nacional y global afectado por la pandemia del Covid 19 y una presidencia, administrada por Lenin Moreno con un 90% de desaprobaci\u00f3n ciudadana y una poblaci\u00f3n, que seg\u00fan datos de empresas encuestadoras, en un 40% no ha decidido su voto.<\/p>\n<div class=\"qnewworld\"><\/div>\n<p>Elecciones que se presentan con un n\u00famero r\u00e9cord de aspirantes (16) y estimadas las m\u00e1s convulsionadas desde el retorno a la democracia en Ecuador el a\u00f1o 1979. Situaci\u00f3n derivada de tres hechos fundamentales y ya resueltos, pero que dejaron las aguas pol\u00edticas, en este pa\u00eds del centro de Sudam\u00e9rica muy agitadas: la posible participaci\u00f3n del ex presidente Rafael Correa el cual fue definitivamente inhabilitado. En segundo lugar, la posibilidad que la f\u00f3rmula conformada por Andr\u00e9s Arauz Galarza y Carlos Rabascall del Movimiento Uni\u00f3n Por la Esperanza (UNES), apoyada por el ex presidente Correa, pudiera ser frenada legalmente en sus aspiraciones a competir.<\/p>\n<p>A lo que sumo las acusaciones contra la f\u00f3rmula ultraderechista \u00a0alianza conservadora CREO-PSC, conformada por el empresario Guillermo Lasso (1) finalmente la decisi\u00f3n del CNE que dej\u00f3 fuera de las papeletas a la presidencia al binomio del Movimiento Justicia Social, conformada por el empresario \u00c1lvaro Noboa y Gino Cornejo, una decisi\u00f3n cargada de pol\u00e9mica (2) y que seg\u00fan el an\u00e1lisis pol\u00edtico ecuatoriano, consensuaba la idea que era el \u00fanico capaz de oponerse con fuerza al binomio de Arauz-Rabascall.<\/p>\n<p>En este escenario, Estados Unidos, a pesar de tener sus propias y enormes dificultades pol\u00edticas internas, ha aumentado significativamente la presi\u00f3n sobre aquellos estados de Am\u00e9rica Latina cuyos l\u00edderes del ala progresista trataron e intentan construir una pol\u00edtica interna y externa m\u00e1s soberana y alejada de los influjos negativos de Washington. L\u00e9ase Cuba, Venezuela, Bolivia, Nicaragua entre otros sometidos a pol\u00edticas de m\u00e1xima presi\u00f3n por las administraciones estadounidenses. En el caso del r\u00e9gimen estadounidense, dirigido por el ag\u00f3nico mandatario Donald Trump ha brindado a las autoridades actuales ecuatorianas la oportunidad de concretar una alianza de mutuo beneficio. Un gobierno presidido por Lenin Moreno, que ayudo a detener al fundador de Wikileaks Julian Assange, en la Embajada de Ecuador en Londres a cambio de blanquear los delitos financieros de Moreno, tanto en el plano local como los millones de d\u00f3lares depositados por \u00e9l y testaferros familiares y socios en para\u00edsos fiscales confirmando su pol\u00edtica de dar un paso adelante en beneficio propio y dos atr\u00e1s en desmedro del Ecuador.<\/p>\n<p><a href=\"http:\/\/localhost\/debateplural\/wp-content\/uploads\/2016\/06\/bandera-de-ecuador-1.jpg\"><img loading=\"lazy\" decoding=\"async\" class=\" wp-image-6130 aligncenter\" src=\"http:\/\/localhost\/debateplural\/wp-content\/uploads\/2016\/06\/bandera-de-ecuador-1-300x162.jpg\" alt=\"\" width=\"911\" height=\"492\" \/><\/a><\/p>\n<p>La protecci\u00f3n dada a Moreno por Washington es la misma dada al candidato de la derecha Guillermo Lasso, empresario y due\u00f1os de holding financieros, entre ellos el Banco Guayaquil cuyos principales ingresos se invierten en empresas inmobiliarias, fiduciarias y empresas off shore, lo que le permite eludir obligaciones tributarias y posibilita la libre extracci\u00f3n de capital. Es la paradoja De los candidatos como este banquero, plagado de discursos altisonantes de defensa de la patria y dotados de un verbo nacionalista, que en cambio buscan su resguardo financiero allende sus fronteras nacionales. Esta situaci\u00f3n de dep\u00f3sitos en para\u00edsos fiscales hubiese servido, por si s\u00f3lo, para impedir la candidatura de Lasso pero, como candidato de Washington, cuenta con todo el blindaje que dicho pa\u00eds otorga a sus incondicionales y servidores sin remilgos.<\/p>\n<p>Resulta obsceno que la presidencia del Ecuador se est\u00e9 discutiendo con un Guillermo Lasso que adem\u00e1s es fundador de 49 empresas Off Shore ubicadas, principalmente, en las Islas Cayman donde destaca el grupo de empresas de Andean Investment cuyo capital pas\u00f3 de un mill\u00f3n de d\u00f3lares el a\u00f1o 1999 a 31 millones de d\u00f3lares en el 2001. En Panam\u00e1, a su vez, posee fondos depositados bajo el nombre de empresas como Corporation Multibg, Banish Holding SA, Brotgers Investment Ltda. Si nos trasladamos a Estados Unidos y en espec\u00edfico el Estado de Florida, donde suelen campear los pol\u00edticos de derechas que escapan de gobiernos progresistas y aprovechan las ventajas financieras que da Estados Unidos, Guillermo Lasso, su hermana, sus hijos, otros familiares y testaferros, s\u00f3lo en este estado tienen registradas 29 empresas bajo el logo de \u201cNora\u201d y \u201cMalena\u201d de los cuales quince empresas del grupo Nora: Investment LLC, Investment Dos LLC, Investment Doce LLC y algunas del grupo Malena: Uno LLC, US LLC, cuentan con un patrimonio inmobiliario que supera los 23 millones de d\u00f3lares.<\/p>\n<p>Las acusaciones contra Lasso son de calibres mayores que las que pesan contra el actual mandatario, el converso Lenin moreno, quien es sindicado como propietario de cuentas off shore donde tambi\u00e9n se vincula a parte de su familia, como es el caso de su hermano Edwin Moreno. Ante la Fiscal\u00eda Anticorrupci\u00f3n de Madrid, Len\u00edn Moreno fue acusado por el diputado Ronny Aleaga, del partido Revoluci\u00f3n Ciudadana, del expresidente Rafael Correa, de haber incurrido en \u201cposibles delitos cometidos como asociaci\u00f3n il\u00edcita, lavado de activos, cohecho y peculio\u201d. La denuncia de Aleaga dice relaci\u00f3n con la apertura de una sociedad en el para\u00edso fiscal de Belice con el nombre de la empresa off shore INA Invesment, en honor de las tres hijas del mandatario: Irina, Cristina y Karina, lo que habr\u00eda originado un enriquecimiento il\u00edcito, que incluir\u00eda una lujosa mansi\u00f3n en la ciudad de Alicante Espa\u00f1a. Todo ello efectuado a nombre de Lenin Moreno por su hermano, Edwin Moreno Garc\u00e9s, quien habr\u00eda actuado de testaferro.<\/p>\n<h3>Todo es Incerteza<\/h3>\n<p>El panorama para el 7 de febrero es a\u00fan muy incierto, con una fuerte campa\u00f1a contra el corre\u00edsmo, en que a pesar de estar inhabilitado, la influencia de Rafael Correa se deja sentir haciendo un paralelo con Evo Morales en Bolivia, quien influy\u00f3 significativamente para que el candidato del MAS fuera su ex Ministro de Econom\u00eda, Luis Arce Catacora, quien triunfo por amplio margen contra las fuerzas de la derecha boliviana. En el caso de Ecuador, Andr\u00e9s Arauz tambi\u00e9n fue ministro de Rafael Correa y a pesar de \u201ctener a\u00fan con poco relieve a nivel regional; sin embargo, es conocido en su pa\u00eds, donde fue ministro de Correa. Adem\u00e1s posee un amplio bagaje acad\u00e9mico y en la actualidad realiza un doctorado en econom\u00eda en la prestigiosa Universidad Nacional Aut\u00f3noma de M\u00e9xico (UNAM). Blanco, catedr\u00e1tico, insospechado de haber cometido actos de corrupci\u00f3n\u201d. La figura de Correa despierta amores y odios sin intermedios y en estos d\u00edas el propio CNE defini\u00f3 que todas las im\u00e1genes publicitarias de UNES deb\u00edan sacar de sus im\u00e1genes al ex presidente, inhabilitado pol\u00edticamente.<\/p>\n<p>Ecuador tiene desaf\u00edos de enorme envergadura y que ser\u00e1n parte del bagaje que deber\u00e1 portar el pr\u00f3ximo gobierno tras los fracasos del gobierno de Moreno de darles soluci\u00f3n o contender contra ellos. Tal es el caso de la lucha contra la pandemia del Covid 19 que ha generado una cat\u00e1strofe sanitaria, no s\u00f3lo por el escaso papel del estado en la lucha contra este flagelo, sino por las cifras que muestras escaso n\u00famero de ventiladores mec\u00e1nicos, fracaso de las pol\u00edticas de contenci\u00f3n, falta de camas hospitalarias, incluso las m\u00e1s sencillas y la toma de medidas que implican un fuerte freno a la actividad econ\u00f3mica del pa\u00eds. El propio Arauz sufri\u00f3 el contagio del Covid 19.<\/p>\n<p>Una interesante opini\u00f3n, al del director de la plataforma de investigaci\u00f3n acad\u00e9mica Centro de Derechos Econ\u00f3micos y Sociales (CIDES) en Quito, Pablo Jos\u00e9 Iturrialde se\u00f1ala, una serie de puntos que comparto plenamente y definen una campa\u00f1a electoral tensionada por el Covid 19 y los ataques al correismo \u201cNoto tres particularidades pol\u00edticas en la actual elecci\u00f3n, lo primero es el desencanto general ante la pol\u00edtica electoral; de hecho, a un mes de la elecci\u00f3n entre el 40% y 50% de la sociedad a\u00fan no ha decidido su voto. En segundo lugar, los comicios est\u00e1n signados por la proscripci\u00f3n del movimiento Revoluci\u00f3n Ciudadana. Hay una notoria persecuci\u00f3n jur\u00eddica y un notable cerco medi\u00e1tico contra el corre\u00edsmo; es m\u00e1s, todos los candidatos han coincidido en atacar con persistencia a Andr\u00e9s Arauz. En tercer lugar, la elecci\u00f3n est\u00e1 marcada por el estallido social de octubre de 2019 y, dado el protagonismo del indigenismo en ese levantamiento, por primera vez el movimiento Pachakutik es una importante opci\u00f3n electoral con su presidente Yaku P\u00e9rez. No se puede obviar tampoco el importante protagonismo que ha ido adquiriendo la figura de Xavier Herbaz de Izquierda Democr\u00e1tica. Ambas agrupaciones con m\u00e1s similitudes que diferencias, pero que suelen no unirse en funci\u00f3n de intereses, rencillas personales y no el bien del pa\u00eds.<\/p>\n<p>El escenario pol\u00edtico ecuatoriano, a pesar de las 16 f\u00f3rmulas en disputa sigue encajonado por la ya vieja disputa entre corre\u00edsmo y su ant\u00edtesis todav\u00eda y donde gran parte de los contendientes lanzan sus dardos contra el binomio Arauz-Rabascall.\u00a0El desaf\u00edo del corre\u00edsmo es triunfar en primera vuelta, so pena de ver un ballotage con una opini\u00f3n unificada gritando al un\u00edsono \u201ctodos contra el corre\u00edsmo\u201d. Adem\u00e1s de triunfar en primera vuelta se deber\u00eda triunfar por un amplio margen para evitar que Lenin Moreno y los suyos lancen la manida acusaci\u00f3n respecto a fraude o impugnen esa victoria bajo los m\u00e1s dis\u00edmiles argumentos.<\/p>\n<p>Y hablo de una oposici\u00f3n unida a pesar que el movimiento indigenista Pachakutik, que pareciera estar m\u00e1s cercano a la posiciones del corre\u00edsmo ha sido esquivo en esa Unidad. El propio Iturralde nos da luces del por qu\u00e9 no se ha logrado la uni\u00f3n con esta fuerza que permitir\u00eda pensar en un triunfo sin discusi\u00f3n alguna \u201cLa uni\u00f3n no fue posible porque, primero, durante la d\u00e9cada pasada el\u00a0boom\u00a0de los\u00a0commodities\u00a0gener\u00f3 una exacerbaci\u00f3n del modelo econ\u00f3mico extractivista, al que Correa adhiri\u00f3, y que precipit\u00f3 adem\u00e1s choques y conflictos entre el Estado y los movimientos sociales. Pero, en segundo lugar, hay una raz\u00f3n m\u00e1s hist\u00f3rica y profunda: el proyecto plurinacional de los pueblos ind\u00edgenas tiene una mirada del pa\u00eds diferente a la matriz nacional y popular, que hoy representa el corre\u00edsmo. El indigenismo no solo se presenta como antineoliberal, sino como un proyecto anticolonial\u201d. A pesar de este pesimismo hay algunos indicios que se\u00f1alan alg\u00fan tipo de acercamiento, que permita pensar en una alianza estrat\u00e9gica. Por el bien de Ecuador y Sudam\u00e9rica tal hecho ser\u00eda de enorme importancia.<\/p>\n<p>Los an\u00e1lisis del corre\u00edsmo y aquellos consultados por este cronista argumentan que la posici\u00f3n de la poblaci\u00f3n ind\u00edgena ecuatoriana (como sucedi\u00f3 bajo el gobierno de Rafael Correa) podr\u00eda comenzar a mejorar de nuevo, buscar soluciones efectivas y medulares a sus problemas sociales, as\u00ed como tambi\u00e9n el tema de representaci\u00f3n pol\u00edtica en el poder, temas de creencias incluidas, lo que avizora que la Rep\u00fablica del Ecuador tratar\u00eda de volver a un camino de estabilidad y desarrollo progresivo que bajo el mandato de Lenin Moreno sufri\u00f3 un proceso de discapacidad, de echar a andar el pa\u00eds, de levantarlo de su silla, que m\u00e1s all\u00e1 de dificultades motoras sumergi\u00f3 al pa\u00eds en problemas morales. No en balde se ha convocado para el d\u00eda 28 de enero pr\u00f3ximo una movilizaci\u00f3n nacional contra Moreno y su labor nefasta para el pa\u00eds, que incluye protestas por el tema pensiones y la idea de aumentar los a\u00f1os para jubilarse y oponerse a la eventual privatizaci\u00f3n de las \u00e1reas estrat\u00e9gicas del Estado, entre otras, el petr\u00f3leo, la telefon\u00eda, la miner\u00eda y las empresas el\u00e9ctricas.<\/p>\n<p>Cedido por www.segundopaso.es<\/p>\n<p>1. Se ha consignado en diversos medios period\u00edsticos, tanto de Ecuador como del extranjero que Guillermo Lasso (que se presenta a su tercer intento presidencial) estar\u00eda impedido de participar en las elecciones por tener v\u00ednculos con para\u00edsos fiscales. Acusaci\u00f3n que fue desechada por el Consejo nacional Electoral por falta de pruebas pero, sin haber profundizado mucho en labores investigativas. Por su parte la Alianza UNES de Arauz y Caraball debi\u00f3 sortear las acusaciones por la presentaci\u00f3n de Arauz de una licencia de identidad que no es la suya y tener que sacar a Rafael Correa, por la inhabilitaci\u00f3n de 8 a\u00f1os que pesa sobre el ex mandatario por acusaciones de soborno.<\/p>\n<p>2. La candidatura del sempiterno candidato \u00c1lvaro Noboa gener\u00f3 una situaci\u00f3n que los medios denominaron de impasse jur\u00eddico que incluso dej\u00f3 la impresi\u00f3n de las papeletas electorales sin el nombre de Noboa en ellas generando dudas sobre la propia institucionalidad del Consejo nacional Electoral (CNE). Cuatro d ellos cinco miembros de este Consejo fueron destituidos por un juez del llamado Tribunal Contencioso Electoral. Esto, por no acatar una resoluci\u00f3n que permit\u00eda a un candidato participar en las elecciones pese a no haber cumplido todos los requisitos de postulaci\u00f3n a tiempo, como fue el caso de Noboa del movimiento Justicia Social, que ha significado un par de meses de controversias que siembra dudas sobre la propia legitimidad de los comicios.<\/p>\n","protected":false},"excerpt":{"rendered":"<p>Pablo Jofre Leal (teleSur, 15-1-21) &nbsp; El pueblo ecuatoriano tiene cita con las urnas. El 7 de febrero pr\u00f3ximo, este pa\u00eds sudamericano, deber\u00e1 elegir un nuevo presidente, en un marco nacional y global afectado por la pandemia del Covid 19 y una presidencia, administrada por Lenin Moreno con un 90% de desaprobaci\u00f3n ciudadana y una [&hellip;]<\/p>\n","protected":false},"author":1,"featured_media":22453,"comment_status":"open","ping_status":"open","sticky":false,"template":"","format":"standard","meta":{"footnotes":""},"categories":[14,12],"tags":[],"class_list":["post-45018","post","type-post","status-publish","format-standard","has-post-thumbnail","hentry","category-internacionales","category-politica-3"],"_links":{"self":[{"href":"https:\/\/debateplural.net\/site\/wp-json\/wp\/v2\/posts\/45018"}],"collection":[{"href":"https:\/\/debateplural.net\/site\/wp-json\/wp\/v2\/posts"}],"about":[{"href":"https:\/\/debateplural.net\/site\/wp-json\/wp\/v2\/types\/post"}],"author":[{"embeddable":true,"href":"https:\/\/debateplural.net\/site\/wp-json\/wp\/v2\/users\/1"}],"replies":[{"embeddable":true,"href":"https:\/\/debateplural.net\/site\/wp-json\/wp\/v2\/comments?post=45018"}],"version-history":[{"count":1,"href":"https:\/\/debateplural.net\/site\/wp-json\/wp\/v2\/posts\/45018\/revisions"}],"predecessor-version":[{"id":45019,"href":"https:\/\/debateplural.net\/site\/wp-json\/wp\/v2\/posts\/45018\/revisions\/45019"}],"wp:featuredmedia":[{"embeddable":true,"href":"https:\/\/debateplural.net\/site\/wp-json\/wp\/v2\/media\/22453"}],"wp:attachment":[{"href":"https:\/\/debateplural.net\/site\/wp-json\/wp\/v2\/media?parent=45018"}],"wp:term":[{"taxonomy":"category","embeddable":true,"href":"https:\/\/debateplural.net\/site\/wp-json\/wp\/v2\/categories?post=45018"},{"taxonomy":"post_tag","embeddable":true,"href":"https:\/\/debateplural.net\/site\/wp-json\/wp\/v2\/tags?post=45018"}],"curies":[{"name":"wp","href":"https:\/\/api.w.org\/{rel}","templated":true}]}}