{"id":45225,"date":"2021-02-19T10:45:59","date_gmt":"2021-02-19T14:45:59","guid":{"rendered":"http:\/\/debateplural.com\/?p=45225"},"modified":"2021-02-19T10:45:59","modified_gmt":"2021-02-19T14:45:59","slug":"el-legado-de-la-pandemia","status":"publish","type":"post","link":"https:\/\/debateplural.net\/site\/2021\/02\/19\/el-legado-de-la-pandemia\/","title":{"rendered":"El legado de la pandemia"},"content":{"rendered":"<div>\n<p>Silvia Ribeiro (Rebelion, 19-2-21)<\/p>\n<p>&nbsp;<\/p>\n<p>Nadie olvidar\u00e1 el 2020. Nunca antes tantos saludos de cambio de a\u00f1o fueron a prop\u00f3sito de terminar, dejar atr\u00e1s, salir de ese a\u00f1o como de la peste, literalmente.<\/p>\n<\/div>\n<div id=\"cols\">\n<p>Excepto varias de las m\u00e1s grandes empresas farmac\u00e9uticas, los titanes tecnol\u00f3gicos y unas cuantas trasnacionales m\u00e1s que aprovecharon el desastre para cosechar ganancias en vol\u00famenes que la mayor\u00eda de la gente no podemos ni imaginar. Basadas, adem\u00e1s, en enormes subsidios p\u00fablicos y en no pagar impuestos, especialmente las plataformas digitales.<\/p>\n<p>Seg\u00fan el informe\u00a0<em>El virus de la desigualdad<\/em>\u00a0(Oxfam, 2021), los milmillonarios que vieron afectadas sus fortunas, recuperaron el nivel previo a la pandemia en apenas nueve meses, mientras la pobreza en el mundo aument\u00f3 notoriamente y se sigue profundizando. Para los miles de millones de personas de la poblaci\u00f3n mundial en situaci\u00f3n de pobreza, recuperar el escaso poder adquisitivo que ten\u00edan antes de la pandemia tomar\u00e1 m\u00e1s de una d\u00e9cada. Algo adem\u00e1s incierto (<a href=\"https:\/\/tinyurl.com\/23zy6zz9\" target=\"_blank\" rel=\"noreferrer noopener\">https:\/\/tinyurl.com\/23zy6zz9<\/a>).<\/p>\n<p>Desde el inicio de la pandemia, los 10 hombres m\u00e1s ricos del planeta (siete de ellos due\u00f1os de plataformas y empresas digitales) agregaron m\u00e1s de 500 mil millones de d\u00f3lares a sus abultadas arcas. Oxfam pone el ejemplo de Jeff Bezos, actualmente el segundo individuo m\u00e1s rico del mundo, fundador de la plataforma digital Amazon. Con la fortuna personal que acumul\u00f3 entre marzo y agosto 2020, podr\u00eda haber pagado a cada uno de sus 876 mil trabajadores un bono de 105 mil d\u00f3lares y a\u00fan seguir\u00eda siendo tan rico como al inicio de la pandemia.<\/p>\n<p><a href=\"http:\/\/localhost\/debateplural\/wp-content\/uploads\/2020\/03\/pandemia-covid19-580x326-1.jpg\"><img loading=\"lazy\" decoding=\"async\" class=\" wp-image-39387 aligncenter\" src=\"http:\/\/localhost\/debateplural\/wp-content\/uploads\/2020\/03\/pandemia-covid19-580x326-1-300x169.jpg\" alt=\"\" width=\"833\" height=\"469\" srcset=\"https:\/\/debateplural.net\/site\/wp-content\/uploads\/2020\/03\/pandemia-covid19-580x326-1-300x169.jpg 300w, https:\/\/debateplural.net\/site\/wp-content\/uploads\/2020\/03\/pandemia-covid19-580x326-1.jpg 580w\" sizes=\"(max-width: 833px) 100vw, 833px\" \/><\/a><\/p>\n<p>Se hizo patente la destrucci\u00f3n o falta de sistemas de atenci\u00f3n de la salud accesibles para las mayor\u00edas en muchos pa\u00edses. La educaci\u00f3n formal se realiz\u00f3 con grandes limitaciones y en modo virtual en todos los niveles, aumentando en estos sectores tambi\u00e9n la brecha entre pobres y ricos. La carga de trabajo para las mujeres aument\u00f3 mucho m\u00e1s que para los hombres, tambi\u00e9n la violencia de g\u00e9nero.<\/p>\n<p>Al aumento brutal de la desigualdad que ya exist\u00eda, se sum\u00f3 el hecho de que las medidas restrictivas para contener los contagios dejaron una importante huella negativa en la interacci\u00f3n social y una ola de contenci\u00f3n de las luchas sociales, al no poder participar en forma presencial en protestas, reuniones, etc\u00e9tera. A tono con lo mismo, se enlentecieron e hicieron m\u00e1s injustas (por idioma, zonas horarias, acceso a internet) las discusiones en Naciones Unidas sobre alimentaci\u00f3n, cambio clim\u00e1tico, biodiversidad, y se limitaron seriamente las posibilidades de participaci\u00f3n de la sociedad civil en esos \u00e1mbitos. La tendencia de los gobiernos del G-7 hacia el resto de los pa\u00edses es convertir esas discriminaciones en permanentes.<\/p>\n<p>Para las grandes plataformas digitales y empresas tecnol\u00f3gicas, las ganancias han sido indescriptibles, pero no s\u00f3lo en dinero, tambi\u00e9n en poder y control. Ya est\u00e1n presentes en todas las industrias \u2013incluso agricultura y alimentaci\u00f3n\u2013 en el trabajo, educaci\u00f3n, salud, comunicaci\u00f3n, sistemas de gobierno, redes sociales, sistemas financieros.<\/p>\n<p>Todas y todos somos sus presas y el comercio de nuestros datos, sus principales fuentes de ganancia. Pr\u00e1cticamente no est\u00e1n reguladas en ninguna parte y apenas se ha comenzado t\u00edmidamente a intentar supervisarlas en algunos pa\u00edses, solo en aspectos parciales. No tiene precedente el peso y poder econ\u00f3mico y de cabildeo de estas empresas frente a gobiernos nacionales e internacionales, sumado a que tienen control de sus datos e instrumentos.<\/p>\n<p>A las medidas de Twitter de cerrar cuentas de quien considere seg\u00fan su criterio y conveniencia, se suma el reciente anuncio de Facebook e Instagram, de cerrar las cuentas que comenten que las vacunas podr\u00edan no ser efectivas o que el virus podr\u00eda haber sido producto de una manipulaci\u00f3n de laboratorio. M\u00e1s all\u00e1 de que existe mucha basura en Internet (que las plataformas alientan), de que nos alegre que cancelen los mensajes de Trump o que estemos o no de acuerdo con posiciones cr\u00edticas sobre las vacunas, el fen\u00f3meno de la censura ejercida por los gigantes tecnol\u00f3gicos abre una bater\u00eda de preocupaciones.<\/p>\n<p>Mientras Facebook \u2013cuyo fundador Mark Zuckerberg es uno de esos 10 hombres m\u00e1s ricos del globo\u2013 sostiene que las vacunas son la soluci\u00f3n para la pandemia y se arroga determinar qu\u00e9 y quien puede hablar sobre ellas, Oxfam explica en su informe que nueve de cada 10 personas en pa\u00edses pobres no tendr\u00e1n acceso a las vacunas en este a\u00f1o, aunque varios de los pa\u00edses m\u00e1s ricos han comprado dosis para inocular a toda su poblaci\u00f3n tres veces. El debate de los muchos y diferentes impactos de esta industria es urgente e impostergable.<\/p>\n<p>Pese a la debacle global que la pandemia ha causado, pr\u00e1cticamente nada se ha tocado de sus causas, lo cual afirma las bases para que sigan prepar\u00e1ndose pr\u00f3ximas pandemias. Por ejemplo, para parar la destrucci\u00f3n de la biodiversidad que aumenta con megaproyectos mineros, de transporte, energ\u00eda, expansi\u00f3n de la frontera agr\u00edcola (<a href=\"https:\/\/tinyurl.com\/1lydnlmh\" target=\"_blank\" rel=\"noreferrer noopener\">https:\/\/tinyurl.com\/1lydnlmh<\/a>).<\/p>\n<p>El panorama sin duda es sombr\u00edo. Que muchos aspectos del capitalismo hayan quedado al desnudo, tambi\u00e9n ayuda a combatirlo. Existe un creciente tejido de debates y acciones entre comunidades, organizaciones y movimientos populares que siguen actuando solidariamente, pensando, cuestionando, construyendo.<\/p>\n<\/div>\n","protected":false},"excerpt":{"rendered":"<p>Silvia Ribeiro (Rebelion, 19-2-21) &nbsp; Nadie olvidar\u00e1 el 2020. Nunca antes tantos saludos de cambio de a\u00f1o fueron a prop\u00f3sito de terminar, dejar atr\u00e1s, salir de ese a\u00f1o como de la peste, literalmente. Excepto varias de las m\u00e1s grandes empresas farmac\u00e9uticas, los titanes tecnol\u00f3gicos y unas cuantas trasnacionales m\u00e1s que aprovecharon el desastre para cosechar [&hellip;]<\/p>\n","protected":false},"author":1,"featured_media":45226,"comment_status":"open","ping_status":"open","sticky":false,"template":"","format":"standard","meta":{"footnotes":""},"categories":[14,44],"tags":[],"class_list":["post-45225","post","type-post","status-publish","format-standard","has-post-thumbnail","hentry","category-internacionales","category-salud"],"_links":{"self":[{"href":"https:\/\/debateplural.net\/site\/wp-json\/wp\/v2\/posts\/45225"}],"collection":[{"href":"https:\/\/debateplural.net\/site\/wp-json\/wp\/v2\/posts"}],"about":[{"href":"https:\/\/debateplural.net\/site\/wp-json\/wp\/v2\/types\/post"}],"author":[{"embeddable":true,"href":"https:\/\/debateplural.net\/site\/wp-json\/wp\/v2\/users\/1"}],"replies":[{"embeddable":true,"href":"https:\/\/debateplural.net\/site\/wp-json\/wp\/v2\/comments?post=45225"}],"version-history":[{"count":1,"href":"https:\/\/debateplural.net\/site\/wp-json\/wp\/v2\/posts\/45225\/revisions"}],"predecessor-version":[{"id":45227,"href":"https:\/\/debateplural.net\/site\/wp-json\/wp\/v2\/posts\/45225\/revisions\/45227"}],"wp:featuredmedia":[{"embeddable":true,"href":"https:\/\/debateplural.net\/site\/wp-json\/wp\/v2\/media\/45226"}],"wp:attachment":[{"href":"https:\/\/debateplural.net\/site\/wp-json\/wp\/v2\/media?parent=45225"}],"wp:term":[{"taxonomy":"category","embeddable":true,"href":"https:\/\/debateplural.net\/site\/wp-json\/wp\/v2\/categories?post=45225"},{"taxonomy":"post_tag","embeddable":true,"href":"https:\/\/debateplural.net\/site\/wp-json\/wp\/v2\/tags?post=45225"}],"curies":[{"name":"wp","href":"https:\/\/api.w.org\/{rel}","templated":true}]}}